{"id":4154,"date":"2012-03-07T12:16:27","date_gmt":"2012-03-07T12:16:27","guid":{"rendered":"http:\/\/e-anjelik.sk\/?p=4154"},"modified":"2012-03-07T12:16:27","modified_gmt":"2012-03-07T12:16:27","slug":"medzinarodny-festival-cirkevnej-hudby-v-oslo","status":"publish","type":"post","link":"https:\/\/www.e-anjelik.sk\/index.php\/2012\/03\/07\/medzinarodny-festival-cirkevnej-hudby-v-oslo\/","title":{"rendered":"Medzin\u00e1rodn\u00fd festival cirkevnej hudby v Oslo"},"content":{"rendered":"<p>V hlavnom meste N&oacute;rska Oslo bude sa v d\u0148och 9. a\u017e 18. marca t.r. kona\u0165 medzin&aacute;rodn&yacute; festival cirkevnej hudby. Festival je zameran&yacute; najm&auml;&nbsp;na&nbsp;&nbsp;klasick&uacute; p&ocirc;stnu tvorbu od Bacha, Franza Liszta, J. Haydna. V programe je osobitne vymedzen&aacute; tvorba pre deti. Okrem dom&aacute;cich interpr&eacute;tov a s&uacute;borov sa ich z&uacute;\u010dastnia aj &scaron;panielski a est&oacute;nski umelci. Do r&aacute;mca festivalu s&uacute; zaraden&eacute; po\u010detn&eacute; bohoslu\u017eby, najm&auml; po\u010das nedie\u013e 11. a 18. marca. Patron&aacute;t nad festivalom m&aacute; princezn&aacute; Mette-Marit.<\/p>\n<p>(<a href=\"http:\/\/www.vartland.no\">www.vartland.no<\/a>)<\/p>\n","protected":false},"excerpt":{"rendered":"<p>V hlavnom meste N&oacute;rska Oslo bude sa v d\u0148och 9. a\u017e 18. marca t.r. kona\u0165 medzin&aacute;rodn&yacute; festival cirkevnej hudby. Festival je zameran&yacute; najm&auml;&nbsp;na&nbsp;&nbsp;klasick&uacute; p&ocirc;stnu tvorbu od Bacha, Franza Liszta, J. Haydna. V programe je osobitne vymedzen&aacute; tvorba pre deti. Okrem dom&aacute;cich interpr&eacute;tov a s&uacute;borov sa ich z&uacute;\u010dastnia aj &scaron;panielski a est&oacute;nski umelci. Do r&aacute;mca festivalu &#8230; <a title=\"Medzin\u00e1rodn\u00fd festival cirkevnej hudby v Oslo\" class=\"read-more\" href=\"https:\/\/www.e-anjelik.sk\/index.php\/2012\/03\/07\/medzinarodny-festival-cirkevnej-hudby-v-oslo\/\" aria-label=\"Pre\u010d\u00edtajte si viac o Medzin\u00e1rodn\u00fd festival cirkevnej hudby v Oslo\">\u010c\u00edta\u0165 viac<\/a><\/p>\n","protected":false},"author":22,"featured_media":0,"comment_status":"open","ping_status":"open","sticky":false,"template":"","format":"standard","meta":{"footnotes":""},"categories":[42,10],"tags":[],"class_list":["post-4154","post","type-post","status-publish","format-standard","hentry","category-skandinavia","category-zo-sveta"],"_links":{"self":[{"href":"https:\/\/www.e-anjelik.sk\/index.php\/wp-json\/wp\/v2\/posts\/4154","targetHints":{"allow":["GET"]}}],"collection":[{"href":"https:\/\/www.e-anjelik.sk\/index.php\/wp-json\/wp\/v2\/posts"}],"about":[{"href":"https:\/\/www.e-anjelik.sk\/index.php\/wp-json\/wp\/v2\/types\/post"}],"author":[{"embeddable":true,"href":"https:\/\/www.e-anjelik.sk\/index.php\/wp-json\/wp\/v2\/users\/22"}],"replies":[{"embeddable":true,"href":"https:\/\/www.e-anjelik.sk\/index.php\/wp-json\/wp\/v2\/comments?post=4154"}],"version-history":[{"count":0,"href":"https:\/\/www.e-anjelik.sk\/index.php\/wp-json\/wp\/v2\/posts\/4154\/revisions"}],"wp:attachment":[{"href":"https:\/\/www.e-anjelik.sk\/index.php\/wp-json\/wp\/v2\/media?parent=4154"}],"wp:term":[{"taxonomy":"category","embeddable":true,"href":"https:\/\/www.e-anjelik.sk\/index.php\/wp-json\/wp\/v2\/categories?post=4154"},{"taxonomy":"post_tag","embeddable":true,"href":"https:\/\/www.e-anjelik.sk\/index.php\/wp-json\/wp\/v2\/tags?post=4154"}],"curies":[{"name":"wp","href":"https:\/\/api.w.org\/{rel}","templated":true}]}}