{"id":4158,"date":"2012-03-08T10:16:27","date_gmt":"2012-03-08T10:16:27","guid":{"rendered":"http:\/\/e-anjelik.sk\/?p=4158"},"modified":"2012-03-08T10:16:27","modified_gmt":"2012-03-08T10:16:27","slug":"konfirmacie-vo-wuerttemberskej-cirkvi","status":"publish","type":"post","link":"https:\/\/www.e-anjelik.sk\/index.php\/2012\/03\/08\/konfirmacie-vo-wuerttemberskej-cirkvi\/","title":{"rendered":"Konfirm\u00e1cie vo Wuerttemberskej cirkvi"},"content":{"rendered":"<p>Touto nede\u013eou 11. marca 2012 a \u010fal&scaron;&iacute;ch &scaron;es\u0165 nediel po nej sa v na&scaron;ej partnerskej Wuerttemberskej cirkvi konaj&uacute; konfirma\u010dn&eacute; sl&aacute;vnosti. Toho roku v tejto cirkvi bude utvrden&yacute;ch vo viere a prizn&aacute; sa osobne ku svojmu krstu do 25 tis&iacute;c mlad&yacute;ch evanjelikov a evanjeli\u010diek. Konfirmandi jeden rok sa pripravovali na sl&aacute;vnos\u0165. Takmer v&scaron;etci pokrsten&iacute; v evanjelickej viere sa d&aacute;vaj&uacute; pokrsti\u0165. Okrem toho je tu asi 1400 tak&yacute;ch, ktor&iacute; neboli pokrsten&iacute; a s&uacute;\u010dasne pred konfirm&aacute;ciou prijm&uacute; sviatos\u0165 Krstu sv&auml;t&eacute;ho. Konfirmandi sa st&aacute;vaj&uacute; dospel&yacute;mi \u010dlenmi cirkvi a m&ocirc;\u017eu by\u0165 takto krstn&yacute;mi rodi\u010dmi. U\u017e desa\u0165 rokov sa v tejto cirkvi uplat\u0148uje prax, \u017ee Ve\u010deru P&aacute;novu prij&iacute;maj&uacute; u\u017e aj deti, teda pri konfirm&aacute;cii nejde o prv&eacute; prij&iacute;manie . Konfirm&aacute;cie s&uacute; v&scaron;ak tesne spojen&eacute; s Ve\u010derou P&aacute;novou.<\/p>\n<p>(<a href=\"http:\/\/www.elk-wue.de\">www.elk-wue.de<\/a>)<\/p>\n","protected":false},"excerpt":{"rendered":"<p>Touto nede\u013eou 11. marca 2012 a \u010fal&scaron;&iacute;ch &scaron;es\u0165 nediel po nej sa v na&scaron;ej partnerskej Wuerttemberskej cirkvi konaj&uacute; konfirma\u010dn&eacute; sl&aacute;vnosti. Toho roku v tejto cirkvi bude utvrden&yacute;ch vo viere a prizn&aacute; sa osobne ku svojmu krstu do 25 tis&iacute;c mlad&yacute;ch evanjelikov a evanjeli\u010diek. Konfirmandi jeden rok sa pripravovali na sl&aacute;vnos\u0165. Takmer v&scaron;etci pokrsten&iacute; v evanjelickej &#8230; <a title=\"Konfirm\u00e1cie vo Wuerttemberskej cirkvi\" class=\"read-more\" href=\"https:\/\/www.e-anjelik.sk\/index.php\/2012\/03\/08\/konfirmacie-vo-wuerttemberskej-cirkvi\/\" aria-label=\"Pre\u010d\u00edtajte si viac o Konfirm\u00e1cie vo Wuerttemberskej cirkvi\">\u010c\u00edta\u0165 viac<\/a><\/p>\n","protected":false},"author":22,"featured_media":0,"comment_status":"open","ping_status":"open","sticky":false,"template":"","format":"standard","meta":{"footnotes":""},"categories":[1],"tags":[242],"class_list":["post-4158","post","type-post","status-publish","format-standard","hentry","category-adventna-modlitba","tag-slavnosti"],"_links":{"self":[{"href":"https:\/\/www.e-anjelik.sk\/index.php\/wp-json\/wp\/v2\/posts\/4158","targetHints":{"allow":["GET"]}}],"collection":[{"href":"https:\/\/www.e-anjelik.sk\/index.php\/wp-json\/wp\/v2\/posts"}],"about":[{"href":"https:\/\/www.e-anjelik.sk\/index.php\/wp-json\/wp\/v2\/types\/post"}],"author":[{"embeddable":true,"href":"https:\/\/www.e-anjelik.sk\/index.php\/wp-json\/wp\/v2\/users\/22"}],"replies":[{"embeddable":true,"href":"https:\/\/www.e-anjelik.sk\/index.php\/wp-json\/wp\/v2\/comments?post=4158"}],"version-history":[{"count":0,"href":"https:\/\/www.e-anjelik.sk\/index.php\/wp-json\/wp\/v2\/posts\/4158\/revisions"}],"wp:attachment":[{"href":"https:\/\/www.e-anjelik.sk\/index.php\/wp-json\/wp\/v2\/media?parent=4158"}],"wp:term":[{"taxonomy":"category","embeddable":true,"href":"https:\/\/www.e-anjelik.sk\/index.php\/wp-json\/wp\/v2\/categories?post=4158"},{"taxonomy":"post_tag","embeddable":true,"href":"https:\/\/www.e-anjelik.sk\/index.php\/wp-json\/wp\/v2\/tags?post=4158"}],"curies":[{"name":"wp","href":"https:\/\/api.w.org\/{rel}","templated":true}]}}