{"id":4169,"date":"2012-03-13T09:53:13","date_gmt":"2012-03-13T09:53:13","guid":{"rendered":"http:\/\/e-anjelik.sk\/?p=4169"},"modified":"2012-03-13T09:53:13","modified_gmt":"2012-03-13T09:53:13","slug":"zasadnutie-ev-vojenskych-duchovnych-v-rostocku","status":"publish","type":"post","link":"https:\/\/www.e-anjelik.sk\/index.php\/2012\/03\/13\/zasadnutie-ev-vojenskych-duchovnych-v-rostocku\/","title":{"rendered":"Zasadnutie ev. vojensk\u00fdch duchovn\u00fdch v Rostocku"},"content":{"rendered":"<p>V severonemeckom meste Rostock sa kon&aacute; zasadnutie nemeck&yacute;ch ev. vojensk&yacute;ch duchovn&yacute;ch. Ev. vojensk&yacute; biskup Martin Dutzmann sa vyjadril ve\u013emi zdr\u017eanlivo k ot&aacute;zke s\u0165ahovania vojsk z Afganistanu. Medzi vojakmi je zna\u010dn&yacute; z&aacute;ujem o duchovn&yacute; \u017eivot, najm&auml; t&yacute;ch, \u010do poch&aacute;dzaj&uacute; z b&yacute;valej NDR.Zn&aacute;me s&uacute; aj niektor&eacute; krsty vojakov.&nbsp;Nemo\u017eno v&scaron;ak hovori\u0165 o &quot;duchovnom prebuden&iacute; medzi vojakmi&quot;. Ve\u013ekou posilou pre vojakov s&uacute; \u017ealmy. Pripravuj&eacute; sa osobitn&eacute; vydanie nov&eacute;ho spevn&iacute;ka a modlitebn&iacute;ka pre vojakov, kde bud&uacute; zahrnut&eacute; aj poriadky pobo\u017enosti pre vojakov bez &uacute;\u010dasti duchovn&eacute;ho. V duchovnej vojenskej slu\u017ebe v Nemecku je v s&uacute;\u010dasnosti obsaden&yacute;ch 190 miest, z toho 100 je evanjelick&yacute;ch. V d&ocirc;sledku reformy sa tento po\u010det m&aacute; zredukova\u0165 na asi 170 miest.<\/p>\n<p>(<a href=\"http:\/\/www.kirche-mv.de\">www.kirche-mv.de<\/a>)<\/p>\n","protected":false},"excerpt":{"rendered":"<p>V severonemeckom meste Rostock sa kon&aacute; zasadnutie nemeck&yacute;ch ev. vojensk&yacute;ch duchovn&yacute;ch. Ev. vojensk&yacute; biskup Martin Dutzmann sa vyjadril ve\u013emi zdr\u017eanlivo k ot&aacute;zke s\u0165ahovania vojsk z Afganistanu. Medzi vojakmi je zna\u010dn&yacute; z&aacute;ujem o duchovn&yacute; \u017eivot, najm&auml; t&yacute;ch, \u010do poch&aacute;dzaj&uacute; z b&yacute;valej NDR.Zn&aacute;me s&uacute; aj niektor&eacute; krsty vojakov.&nbsp;Nemo\u017eno v&scaron;ak hovori\u0165 o &quot;duchovnom prebuden&iacute; medzi vojakmi&quot;. Ve\u013ekou posilou &#8230; <a title=\"Zasadnutie ev. vojensk\u00fdch duchovn\u00fdch v Rostocku\" class=\"read-more\" href=\"https:\/\/www.e-anjelik.sk\/index.php\/2012\/03\/13\/zasadnutie-ev-vojenskych-duchovnych-v-rostocku\/\" aria-label=\"Pre\u010d\u00edtajte si viac o Zasadnutie ev. vojensk\u00fdch duchovn\u00fdch v Rostocku\">\u010c\u00edta\u0165 viac<\/a><\/p>\n","protected":false},"author":22,"featured_media":0,"comment_status":"open","ping_status":"open","sticky":false,"template":"","format":"standard","meta":{"footnotes":""},"categories":[1],"tags":[234],"class_list":["post-4169","post","type-post","status-publish","format-standard","hentry","category-adventna-modlitba","tag-zdruzenia-a-skupiny"],"_links":{"self":[{"href":"https:\/\/www.e-anjelik.sk\/index.php\/wp-json\/wp\/v2\/posts\/4169","targetHints":{"allow":["GET"]}}],"collection":[{"href":"https:\/\/www.e-anjelik.sk\/index.php\/wp-json\/wp\/v2\/posts"}],"about":[{"href":"https:\/\/www.e-anjelik.sk\/index.php\/wp-json\/wp\/v2\/types\/post"}],"author":[{"embeddable":true,"href":"https:\/\/www.e-anjelik.sk\/index.php\/wp-json\/wp\/v2\/users\/22"}],"replies":[{"embeddable":true,"href":"https:\/\/www.e-anjelik.sk\/index.php\/wp-json\/wp\/v2\/comments?post=4169"}],"version-history":[{"count":0,"href":"https:\/\/www.e-anjelik.sk\/index.php\/wp-json\/wp\/v2\/posts\/4169\/revisions"}],"wp:attachment":[{"href":"https:\/\/www.e-anjelik.sk\/index.php\/wp-json\/wp\/v2\/media?parent=4169"}],"wp:term":[{"taxonomy":"category","embeddable":true,"href":"https:\/\/www.e-anjelik.sk\/index.php\/wp-json\/wp\/v2\/categories?post=4169"},{"taxonomy":"post_tag","embeddable":true,"href":"https:\/\/www.e-anjelik.sk\/index.php\/wp-json\/wp\/v2\/tags?post=4169"}],"curies":[{"name":"wp","href":"https:\/\/api.w.org\/{rel}","templated":true}]}}