{"id":4172,"date":"2012-03-14T09:15:08","date_gmt":"2012-03-14T09:15:08","guid":{"rendered":"http:\/\/e-anjelik.sk\/?p=4172"},"modified":"2012-03-14T09:15:08","modified_gmt":"2012-03-14T09:15:08","slug":"festival-bohosluzieb-v-goteborgu","status":"publish","type":"post","link":"https:\/\/www.e-anjelik.sk\/index.php\/2012\/03\/14\/festival-bohosluzieb-v-goteborgu\/","title":{"rendered":"Festival bohoslu\u017eieb v Goteborgu"},"content":{"rendered":"<p>Zajtra sa v druhom najv&auml;\u010d&scaron;om &scaron;v&eacute;dskom meste Goteborgu za\u010dne v porad&iacute; druh&yacute; festival bohoslu\u017eieb. Prv&yacute; sa konal v r. 2010 .Ten bol vtedy obmedzen&yacute; na dva chr&aacute;my na okraji mesta. Teraz bud&uacute; k dispoz&iacute;cii v&scaron;etky chr&aacute;my v centre mesta, vr&aacute;tane katedr&aacute;ly. Z&aacute;ujem o festival&nbsp;tentoraz prevy&scaron;uje ten prv&yacute;. Na programe s&uacute; napr. jazzove bohoslu\u017eby kapely Ike Sturm Band z New Yorku. T&iacute;to hr&aacute;vaj&uacute; ka\u017ed&yacute; t&yacute;\u017ede\u0148 v domovskom&nbsp; lut. chr&aacute;me Sv.Petra v Manhattene. \u010ealej vo &scaron;tvrtok bude bohoslu\u017eba s hudbou Boba Dylana &quot;Knockin&acute; on heavens door&quot;. Vyst&uacute;pi aj trio d\u017eezov&eacute;ho klaviristu Andersa Widmarka s ml&aacute;de\u017en&iacute;ckym zborom chr&aacute;mu Gustava Adolfa a mnoh&eacute; in&eacute; bohoslu\u017eby s hudbou, skupinami a zbormi. T&iacute;,ktor&iacute; radi spievaj&uacute;, maj&uacute; mo\u017enos\u0165 &iacute;s\u0165 na bohoslu\u017ebu s n&aacute;zvom &quot;Spievaj s nami!&quot; S&uacute;\u010das\u0165ou festivalu s&uacute; aj odborn&eacute; semin&aacute;re na t&eacute;mu bohoslu\u017eby, liturgia, Boh, teol&oacute;gia.&nbsp;<\/p>\n<p>(<a href=\"http:\/\/www.kyrkanstidning.se\">www.kyrkanstidning.se<\/a>)&nbsp;<\/p>\n","protected":false},"excerpt":{"rendered":"<p>Zajtra sa v druhom najv&auml;\u010d&scaron;om &scaron;v&eacute;dskom meste Goteborgu za\u010dne v porad&iacute; druh&yacute; festival bohoslu\u017eieb. Prv&yacute; sa konal v r. 2010 .Ten bol vtedy obmedzen&yacute; na dva chr&aacute;my na okraji mesta. Teraz bud&uacute; k dispoz&iacute;cii v&scaron;etky chr&aacute;my v centre mesta, vr&aacute;tane katedr&aacute;ly. Z&aacute;ujem o festival&nbsp;tentoraz prevy&scaron;uje ten prv&yacute;. Na programe s&uacute; napr. jazzove bohoslu\u017eby kapely Ike &#8230; <a title=\"Festival bohoslu\u017eieb v Goteborgu\" class=\"read-more\" href=\"https:\/\/www.e-anjelik.sk\/index.php\/2012\/03\/14\/festival-bohosluzieb-v-goteborgu\/\" aria-label=\"Pre\u010d\u00edtajte si viac o Festival bohoslu\u017eieb v Goteborgu\">\u010c\u00edta\u0165 viac<\/a><\/p>\n","protected":false},"author":22,"featured_media":0,"comment_status":"open","ping_status":"open","sticky":false,"template":"","format":"standard","meta":{"footnotes":""},"categories":[1],"tags":[242],"class_list":["post-4172","post","type-post","status-publish","format-standard","hentry","category-adventna-modlitba","tag-slavnosti"],"_links":{"self":[{"href":"https:\/\/www.e-anjelik.sk\/index.php\/wp-json\/wp\/v2\/posts\/4172","targetHints":{"allow":["GET"]}}],"collection":[{"href":"https:\/\/www.e-anjelik.sk\/index.php\/wp-json\/wp\/v2\/posts"}],"about":[{"href":"https:\/\/www.e-anjelik.sk\/index.php\/wp-json\/wp\/v2\/types\/post"}],"author":[{"embeddable":true,"href":"https:\/\/www.e-anjelik.sk\/index.php\/wp-json\/wp\/v2\/users\/22"}],"replies":[{"embeddable":true,"href":"https:\/\/www.e-anjelik.sk\/index.php\/wp-json\/wp\/v2\/comments?post=4172"}],"version-history":[{"count":0,"href":"https:\/\/www.e-anjelik.sk\/index.php\/wp-json\/wp\/v2\/posts\/4172\/revisions"}],"wp:attachment":[{"href":"https:\/\/www.e-anjelik.sk\/index.php\/wp-json\/wp\/v2\/media?parent=4172"}],"wp:term":[{"taxonomy":"category","embeddable":true,"href":"https:\/\/www.e-anjelik.sk\/index.php\/wp-json\/wp\/v2\/categories?post=4172"},{"taxonomy":"post_tag","embeddable":true,"href":"https:\/\/www.e-anjelik.sk\/index.php\/wp-json\/wp\/v2\/tags?post=4172"}],"curies":[{"name":"wp","href":"https:\/\/api.w.org\/{rel}","templated":true}]}}