{"id":4174,"date":"2012-03-14T09:44:13","date_gmt":"2012-03-14T09:44:13","guid":{"rendered":"http:\/\/e-anjelik.sk\/?p=4174"},"modified":"2012-03-14T09:44:13","modified_gmt":"2012-03-14T09:44:13","slug":"konferencia-duchovnych-sliezskej-ecav","status":"publish","type":"post","link":"https:\/\/www.e-anjelik.sk\/index.php\/2012\/03\/14\/konferencia-duchovnych-sliezskej-ecav\/","title":{"rendered":"Konferencia duchovn\u00fdch Sliezskej ECAV"},"content":{"rendered":"<p>&quot;V plnosti s&iacute;l a svie\u017eosti&quot; bola t&eacute;ma zo \u017ealmu 92,15b dvojd\u0148ovej konferencie duchovn&yacute;ch Sliezskej cirkvi evanjelickej AV v \u010cR. Konala sa 20. a 21. febru&aacute;ra&nbsp;t.r.&nbsp;v novovybudovanom rekrea\u010dnom stredisku Beskydsk&aacute; o&aacute;za v P&iacute;sku pri Jablunkove. Predn&aacute;&scaron;aj&uacute;cim bol far&aacute;r Michael Brandt .Poch&aacute;dza z far&aacute;rskej rodiny. Po &scaron;t&uacute;di&aacute;ch sa venoval pr&aacute;ci v cirkevn&yacute;ch zboroch. Pom&aacute;hal zalo\u017ei\u0165 10 nov&yacute;ch cirkevn&yacute;ch zborov. Sl&uacute;\u017ei ako riadite\u013e programu &quot;pastiera pastierov&quot;. Je viceprezidentom Asoci&aacute;cie Free Lutheran Congregation v USA.Vy&scaron;e 40 pr&iacute;tomn&yacute;ch duchovn&yacute;ch si vypo\u010dulo predn&aacute;&scaron;ky o potrebe \u010derstv&eacute;ho pastora vo vz\u0165ahu k Bohu, v rodine a man\u017eelstve, svie\u017eosti pre prev&aacute;dzku zboru, ako aj v pastoriz&aacute;cii a in&yacute;ch kontaktoch s \u013eu\u010fmi.Konferencia sa neobi&scaron;la bez spolo\u010dn&yacute;ch modlitieb a chv&aacute;l Boha pies\u0148ami.<\/p>\n<p>Pozn. Nov&eacute; rekrea\u010dn&eacute; stredisko m&aacute; webov&uacute; str&aacute;nku: <a href=\"http:\/\/www.beskydskaoaza.cz\">www.beskydskaoaza.cz<\/a><\/p>\n<p>(<a href=\"http:\/\/www.luteranie.pl\">www.luteranie.pl<\/a>)<\/p>\n","protected":false},"excerpt":{"rendered":"<p>&quot;V plnosti s&iacute;l a svie\u017eosti&quot; bola t&eacute;ma zo \u017ealmu 92,15b dvojd\u0148ovej konferencie duchovn&yacute;ch Sliezskej cirkvi evanjelickej AV v \u010cR. Konala sa 20. a 21. febru&aacute;ra&nbsp;t.r.&nbsp;v novovybudovanom rekrea\u010dnom stredisku Beskydsk&aacute; o&aacute;za v P&iacute;sku pri Jablunkove. Predn&aacute;&scaron;aj&uacute;cim bol far&aacute;r Michael Brandt .Poch&aacute;dza z far&aacute;rskej rodiny. Po &scaron;t&uacute;di&aacute;ch sa venoval pr&aacute;ci v cirkevn&yacute;ch zboroch. Pom&aacute;hal zalo\u017ei\u0165 10 nov&yacute;ch &#8230; <a title=\"Konferencia duchovn\u00fdch Sliezskej ECAV\" class=\"read-more\" href=\"https:\/\/www.e-anjelik.sk\/index.php\/2012\/03\/14\/konferencia-duchovnych-sliezskej-ecav\/\" aria-label=\"Pre\u010d\u00edtajte si viac o Konferencia duchovn\u00fdch Sliezskej ECAV\">\u010c\u00edta\u0165 viac<\/a><\/p>\n","protected":false},"author":22,"featured_media":0,"comment_status":"open","ping_status":"open","sticky":false,"template":"","format":"standard","meta":{"footnotes":""},"categories":[1],"tags":[234],"class_list":["post-4174","post","type-post","status-publish","format-standard","hentry","category-adventna-modlitba","tag-zdruzenia-a-skupiny"],"_links":{"self":[{"href":"https:\/\/www.e-anjelik.sk\/index.php\/wp-json\/wp\/v2\/posts\/4174","targetHints":{"allow":["GET"]}}],"collection":[{"href":"https:\/\/www.e-anjelik.sk\/index.php\/wp-json\/wp\/v2\/posts"}],"about":[{"href":"https:\/\/www.e-anjelik.sk\/index.php\/wp-json\/wp\/v2\/types\/post"}],"author":[{"embeddable":true,"href":"https:\/\/www.e-anjelik.sk\/index.php\/wp-json\/wp\/v2\/users\/22"}],"replies":[{"embeddable":true,"href":"https:\/\/www.e-anjelik.sk\/index.php\/wp-json\/wp\/v2\/comments?post=4174"}],"version-history":[{"count":0,"href":"https:\/\/www.e-anjelik.sk\/index.php\/wp-json\/wp\/v2\/posts\/4174\/revisions"}],"wp:attachment":[{"href":"https:\/\/www.e-anjelik.sk\/index.php\/wp-json\/wp\/v2\/media?parent=4174"}],"wp:term":[{"taxonomy":"category","embeddable":true,"href":"https:\/\/www.e-anjelik.sk\/index.php\/wp-json\/wp\/v2\/categories?post=4174"},{"taxonomy":"post_tag","embeddable":true,"href":"https:\/\/www.e-anjelik.sk\/index.php\/wp-json\/wp\/v2\/tags?post=4174"}],"curies":[{"name":"wp","href":"https:\/\/api.w.org\/{rel}","templated":true}]}}