{"id":4177,"date":"2012-03-15T12:39:24","date_gmt":"2012-03-15T12:39:24","guid":{"rendered":"http:\/\/e-anjelik.sk\/?p=4177"},"modified":"2012-03-15T12:39:24","modified_gmt":"2012-03-15T12:39:24","slug":"pocet-evanjelikov-luteranov-vo-svete-vlani-rastol","status":"publish","type":"post","link":"https:\/\/www.e-anjelik.sk\/index.php\/2012\/03\/15\/pocet-evanjelikov-luteranov-vo-svete-vlani-rastol\/","title":{"rendered":"Po\u010det evanjelikov -luter\u00e1nov vo svete vlani r\u00e1stol"},"content":{"rendered":"<p>Svetov&yacute; luter&aacute;nsky zv&auml;z (SLZ) v \u017deneve vydal &scaron;tatistiku za rok 2011. Pod\u013ea nej \u017eije na celom svete spolu 74 mili&oacute;nov 192 tis&iacute;c 243 evanjelikov -luter&aacute;nov. Z toho je v SLZ 70,514.046. Pod\u013ea kontitentov to vyzer&aacute; takto:<\/p>\n<p>Afrika &#8230;&#8230;&#8230;..20,052.573<\/p>\n<p>&Aacute;zia &#8230;&#8230;&#8230;&#8230;..&nbsp; 9,219.402<\/p>\n<p>Eur&oacute;pa&#8230;&#8230;&#8230;&#8230;36,432.320<\/p>\n<p>Latinsk&aacute; A. a Karibik&#8230;&#8230;1,130.962<\/p>\n<p>Severn&aacute;&nbsp;Amerika&nbsp; &#8230;&#8230;&#8230;.7,356.986<\/p>\n<p>Najv&auml;\u010d&scaron;&iacute; pr&iacute;rastok &#8211; skoro 2 mili&oacute;na \u010dlenov &#8211; je v Afrike. Podobne r&aacute;stlo aj \u010dlenstvo v &Aacute;zii, k&yacute;m na in&yacute;ch kontinentoch je mierny pokles.<\/p>\n<p>Podrobn&eacute; inform&aacute;cie na <a href=\"http:\/\/www.lutheranworld.org\">www.lutheranworld.org<\/a> .<\/p>\n<p>&nbsp;<\/p>\n<p>&nbsp;<\/p>\n","protected":false},"excerpt":{"rendered":"<p>Svetov&yacute; luter&aacute;nsky zv&auml;z (SLZ) v \u017deneve vydal &scaron;tatistiku za rok 2011. Pod\u013ea nej \u017eije na celom svete spolu 74 mili&oacute;nov 192 tis&iacute;c 243 evanjelikov -luter&aacute;nov. Z toho je v SLZ 70,514.046. Pod\u013ea kontitentov to vyzer&aacute; takto: Afrika &#8230;&#8230;&#8230;..20,052.573 &Aacute;zia &#8230;&#8230;&#8230;&#8230;..&nbsp; 9,219.402 Eur&oacute;pa&#8230;&#8230;&#8230;&#8230;36,432.320 Latinsk&aacute; A. a Karibik&#8230;&#8230;1,130.962 Severn&aacute;&nbsp;Amerika&nbsp; &#8230;&#8230;&#8230;.7,356.986 Najv&auml;\u010d&scaron;&iacute; pr&iacute;rastok &#8211; skoro 2 mili&oacute;na \u010dlenov &#8230; <a title=\"Po\u010det evanjelikov -luter\u00e1nov vo svete vlani r\u00e1stol\" class=\"read-more\" href=\"https:\/\/www.e-anjelik.sk\/index.php\/2012\/03\/15\/pocet-evanjelikov-luteranov-vo-svete-vlani-rastol\/\" aria-label=\"Pre\u010d\u00edtajte si viac o Po\u010det evanjelikov -luter\u00e1nov vo svete vlani r\u00e1stol\">\u010c\u00edta\u0165 viac<\/a><\/p>\n","protected":false},"author":22,"featured_media":0,"comment_status":"open","ping_status":"open","sticky":false,"template":"","format":"standard","meta":{"footnotes":""},"categories":[1],"tags":[234],"class_list":["post-4177","post","type-post","status-publish","format-standard","hentry","category-adventna-modlitba","tag-zdruzenia-a-skupiny"],"_links":{"self":[{"href":"https:\/\/www.e-anjelik.sk\/index.php\/wp-json\/wp\/v2\/posts\/4177","targetHints":{"allow":["GET"]}}],"collection":[{"href":"https:\/\/www.e-anjelik.sk\/index.php\/wp-json\/wp\/v2\/posts"}],"about":[{"href":"https:\/\/www.e-anjelik.sk\/index.php\/wp-json\/wp\/v2\/types\/post"}],"author":[{"embeddable":true,"href":"https:\/\/www.e-anjelik.sk\/index.php\/wp-json\/wp\/v2\/users\/22"}],"replies":[{"embeddable":true,"href":"https:\/\/www.e-anjelik.sk\/index.php\/wp-json\/wp\/v2\/comments?post=4177"}],"version-history":[{"count":0,"href":"https:\/\/www.e-anjelik.sk\/index.php\/wp-json\/wp\/v2\/posts\/4177\/revisions"}],"wp:attachment":[{"href":"https:\/\/www.e-anjelik.sk\/index.php\/wp-json\/wp\/v2\/media?parent=4177"}],"wp:term":[{"taxonomy":"category","embeddable":true,"href":"https:\/\/www.e-anjelik.sk\/index.php\/wp-json\/wp\/v2\/categories?post=4177"},{"taxonomy":"post_tag","embeddable":true,"href":"https:\/\/www.e-anjelik.sk\/index.php\/wp-json\/wp\/v2\/tags?post=4177"}],"curies":[{"name":"wp","href":"https:\/\/api.w.org\/{rel}","templated":true}]}}