{"id":4203,"date":"2012-03-28T16:58:55","date_gmt":"2012-03-28T16:58:55","guid":{"rendered":"http:\/\/e-anjelik.sk\/?p=4203"},"modified":"2012-03-28T16:58:55","modified_gmt":"2012-03-28T16:58:55","slug":"velkonocny-bazar-a-spevokol-ichtys-vo-svatom-jure","status":"publish","type":"post","link":"https:\/\/www.e-anjelik.sk\/index.php\/2012\/03\/28\/velkonocny-bazar-a-spevokol-ichtys-vo-svatom-jure\/","title":{"rendered":"Ve\u013ekono\u010dn\u00fd baz\u00e1r  a spevokol Ichtys vo Sv\u00e4tom Jure"},"content":{"rendered":"<p>Po hlavn&yacute;ch slu\u017eb&aacute;ch Bo\u017e&iacute;ch v ev. kostole vo Sv&auml;tom Jure sa v Smrtn&uacute; nede\u013eu 2012 konal tradi\u010dn&yacute; ve\u013ekono\u010dn&yacute; baz&aacute;r v zborovej s&aacute;le.&nbsp; Finan\u010dn&yacute; v&yacute;\u0165a\u017eok z neho&nbsp; bol 235 &euro;. Predsedn&iacute;ctvo zboru&nbsp;navrhlo a veriaci s&uacute;hlasili s n&aacute;vrhom, \u017ee p&ocirc;jde ako podpora pre v&yacute;stavbu nov&eacute;ho ev. kostola v \u017diari nad Hronom.&nbsp;<\/p>\n<p>V piatok 30. marca 2012 ve\u010der o 18.00 hodine po p&ocirc;stnej ve\u010dierni v chr&aacute;me vyst&uacute;pi s tematikou tohto cirkevn&eacute;ho liturgick&eacute;ho obdobia &quot;Pod kr&iacute;\u017eom&quot; spev&aacute;cky zbor &scaron;tudentov ev. teol&oacute;gie z Bratislavy Ichtys. V \u010fal&scaron;&iacute;ch d\u0148och vyst&uacute;pia aj v in&yacute;ch cirkevn&yacute;ch zboroch BA senior&aacute;tu. Poz&yacute;vame ka\u017ed&eacute;ho na toto duchovn&eacute; podujatie!<\/p>\n","protected":false},"excerpt":{"rendered":"<p>Po hlavn&yacute;ch slu\u017eb&aacute;ch Bo\u017e&iacute;ch v ev. kostole vo Sv&auml;tom Jure sa v Smrtn&uacute; nede\u013eu 2012 konal tradi\u010dn&yacute; ve\u013ekono\u010dn&yacute; baz&aacute;r v zborovej s&aacute;le.&nbsp; Finan\u010dn&yacute; v&yacute;\u0165a\u017eok z neho&nbsp; bol 235 &euro;. Predsedn&iacute;ctvo zboru&nbsp;navrhlo a veriaci s&uacute;hlasili s n&aacute;vrhom, \u017ee p&ocirc;jde ako podpora pre v&yacute;stavbu nov&eacute;ho ev. kostola v \u017diari nad Hronom.&nbsp; V piatok 30. marca 2012 ve\u010der &#8230; <a title=\"Ve\u013ekono\u010dn\u00fd baz\u00e1r  a spevokol Ichtys vo Sv\u00e4tom Jure\" class=\"read-more\" href=\"https:\/\/www.e-anjelik.sk\/index.php\/2012\/03\/28\/velkonocny-bazar-a-spevokol-ichtys-vo-svatom-jure\/\" aria-label=\"Pre\u010d\u00edtajte si viac o Ve\u013ekono\u010dn\u00fd baz\u00e1r  a spevokol Ichtys vo Sv\u00e4tom Jure\">\u010c\u00edta\u0165 viac<\/a><\/p>\n","protected":false},"author":22,"featured_media":0,"comment_status":"open","ping_status":"open","sticky":false,"template":"","format":"standard","meta":{"footnotes":""},"categories":[1,246],"tags":[221],"class_list":["post-4203","post","type-post","status-publish","format-standard","hentry","category-adventna-modlitba","category-svaty-jur","tag-diakonia"],"_links":{"self":[{"href":"https:\/\/www.e-anjelik.sk\/index.php\/wp-json\/wp\/v2\/posts\/4203","targetHints":{"allow":["GET"]}}],"collection":[{"href":"https:\/\/www.e-anjelik.sk\/index.php\/wp-json\/wp\/v2\/posts"}],"about":[{"href":"https:\/\/www.e-anjelik.sk\/index.php\/wp-json\/wp\/v2\/types\/post"}],"author":[{"embeddable":true,"href":"https:\/\/www.e-anjelik.sk\/index.php\/wp-json\/wp\/v2\/users\/22"}],"replies":[{"embeddable":true,"href":"https:\/\/www.e-anjelik.sk\/index.php\/wp-json\/wp\/v2\/comments?post=4203"}],"version-history":[{"count":0,"href":"https:\/\/www.e-anjelik.sk\/index.php\/wp-json\/wp\/v2\/posts\/4203\/revisions"}],"wp:attachment":[{"href":"https:\/\/www.e-anjelik.sk\/index.php\/wp-json\/wp\/v2\/media?parent=4203"}],"wp:term":[{"taxonomy":"category","embeddable":true,"href":"https:\/\/www.e-anjelik.sk\/index.php\/wp-json\/wp\/v2\/categories?post=4203"},{"taxonomy":"post_tag","embeddable":true,"href":"https:\/\/www.e-anjelik.sk\/index.php\/wp-json\/wp\/v2\/tags?post=4203"}],"curies":[{"name":"wp","href":"https:\/\/api.w.org\/{rel}","templated":true}]}}