{"id":4208,"date":"2012-03-29T12:09:23","date_gmt":"2012-03-29T12:09:23","guid":{"rendered":"http:\/\/e-anjelik.sk\/?p=4208"},"modified":"2012-03-29T12:09:23","modified_gmt":"2012-03-29T12:09:23","slug":"dieceza-skara-svedskej-cirkvi-dostane-83-biskupa-v-dejinach","status":"publish","type":"post","link":"https:\/\/www.e-anjelik.sk\/index.php\/2012\/03\/29\/dieceza-skara-svedskej-cirkvi-dostane-83-biskupa-v-dejinach\/","title":{"rendered":"Diec\u00e9za Skara \u0160v\u00e9dskej cirkvi dostane 83. biskupa v dejin\u00e1ch"},"content":{"rendered":"<p>26. marca t. r.sa konalo druh&eacute; kolo volieb diec&eacute;zneho biskupa Skara &Scaron;v&eacute;dskej cirkvi. Prv&eacute;ho kola sa z&uacute;\u010dastnilo sedem kandit&aacute;tov, do druh&eacute;ho kola post&uacute;pili t&iacute;, \u010do z&iacute;skali najviac hlasov v prvom kole: dekan &scaron;tokholmskej katedr&aacute;ly Ake Bonnier a mision&aacute;r Staffan Grenstedt. Vyhral Bonnier so 438 hlasmi proti 124. Nov&yacute; biskup m&aacute; 54 rokov, ordinovan&yacute; bol roku 1984, od roku 1981 je \u017eenat&yacute; so sociologi\u010dkou Krist&iacute;nou.Maj&uacute; dve dospel&eacute;&nbsp;dc&eacute;ry. Vo vo\u013enom \u010dase \u010d&iacute;ta, po\u010d&uacute;va hudbu, zauj&iacute;ma sa o umenie. Biskupsk&uacute; vysviacku bude ma\u0165 v uppsalskej katedr&aacute;le 26. augusta 2012.&nbsp;O t&yacute;\u017ede\u0148 potom bude uveden&yacute; do katedr&aacute;ly v Skara ako nov&yacute; biskup. Jeho predchodca biskup Aurelius odch&aacute;dza na d&ocirc;chodok. V porad&iacute; bude 83. biskupom tejto diec&eacute;zy v dejin&aacute;ch.&nbsp;<\/p>\n<p>(<a href=\"http:\/\/www.dagen.se\">www.dagen.se<\/a>)<\/p>\n","protected":false},"excerpt":{"rendered":"<p>26. marca t. r.sa konalo druh&eacute; kolo volieb diec&eacute;zneho biskupa Skara &Scaron;v&eacute;dskej cirkvi. Prv&eacute;ho kola sa z&uacute;\u010dastnilo sedem kandit&aacute;tov, do druh&eacute;ho kola post&uacute;pili t&iacute;, \u010do z&iacute;skali najviac hlasov v prvom kole: dekan &scaron;tokholmskej katedr&aacute;ly Ake Bonnier a mision&aacute;r Staffan Grenstedt. Vyhral Bonnier so 438 hlasmi proti 124. Nov&yacute; biskup m&aacute; 54 rokov, ordinovan&yacute; bol roku &#8230; <a title=\"Diec\u00e9za Skara \u0160v\u00e9dskej cirkvi dostane 83. biskupa v dejin\u00e1ch\" class=\"read-more\" href=\"https:\/\/www.e-anjelik.sk\/index.php\/2012\/03\/29\/dieceza-skara-svedskej-cirkvi-dostane-83-biskupa-v-dejinach\/\" aria-label=\"Pre\u010d\u00edtajte si viac o Diec\u00e9za Skara \u0160v\u00e9dskej cirkvi dostane 83. biskupa v dejin\u00e1ch\">\u010c\u00edta\u0165 viac<\/a><\/p>\n","protected":false},"author":22,"featured_media":0,"comment_status":"open","ping_status":"open","sticky":false,"template":"","format":"standard","meta":{"footnotes":""},"categories":[42,10],"tags":[],"class_list":["post-4208","post","type-post","status-publish","format-standard","hentry","category-skandinavia","category-zo-sveta"],"_links":{"self":[{"href":"https:\/\/www.e-anjelik.sk\/index.php\/wp-json\/wp\/v2\/posts\/4208","targetHints":{"allow":["GET"]}}],"collection":[{"href":"https:\/\/www.e-anjelik.sk\/index.php\/wp-json\/wp\/v2\/posts"}],"about":[{"href":"https:\/\/www.e-anjelik.sk\/index.php\/wp-json\/wp\/v2\/types\/post"}],"author":[{"embeddable":true,"href":"https:\/\/www.e-anjelik.sk\/index.php\/wp-json\/wp\/v2\/users\/22"}],"replies":[{"embeddable":true,"href":"https:\/\/www.e-anjelik.sk\/index.php\/wp-json\/wp\/v2\/comments?post=4208"}],"version-history":[{"count":0,"href":"https:\/\/www.e-anjelik.sk\/index.php\/wp-json\/wp\/v2\/posts\/4208\/revisions"}],"wp:attachment":[{"href":"https:\/\/www.e-anjelik.sk\/index.php\/wp-json\/wp\/v2\/media?parent=4208"}],"wp:term":[{"taxonomy":"category","embeddable":true,"href":"https:\/\/www.e-anjelik.sk\/index.php\/wp-json\/wp\/v2\/categories?post=4208"},{"taxonomy":"post_tag","embeddable":true,"href":"https:\/\/www.e-anjelik.sk\/index.php\/wp-json\/wp\/v2\/tags?post=4208"}],"curies":[{"name":"wp","href":"https:\/\/api.w.org\/{rel}","templated":true}]}}