{"id":4211,"date":"2012-03-30T07:46:25","date_gmt":"2012-03-30T07:46:25","guid":{"rendered":"http:\/\/e-anjelik.sk\/?p=4211"},"modified":"2012-03-30T07:46:25","modified_gmt":"2012-03-30T07:46:25","slug":"zisk-krestana","status":"publish","type":"post","link":"https:\/\/www.e-anjelik.sk\/index.php\/2012\/03\/30\/zisk-krestana\/","title":{"rendered":"Zisk kres\u0165ana"},"content":{"rendered":"<p>&nbsp;<span class=\"Apple-style-span\" style=\"font-family: Helvetica; font-size: 16px; line-height: normal; \"><b>&nbsp; &nbsp; &nbsp; &nbsp; &nbsp; &nbsp; &nbsp; &nbsp; &nbsp; &nbsp; &nbsp; &nbsp; &nbsp; &nbsp; &nbsp; &nbsp; &nbsp; &nbsp; &nbsp; &nbsp; &nbsp; &nbsp; &nbsp; &nbsp; &nbsp; &nbsp; &nbsp; &nbsp;Zisk kres\u0165ana<\/b><\/span><\/p>\n<p style=\"margin: 0.0px 0.0px 0.0px 0.0px; font: 16.0px Helvetica\"><span style=\"letter-spacing: 0.0px\"><b>Fil 1,15-21:<\/b><\/span><\/p>\n<p style=\"margin: 0.0px 0.0px 0.0px 0.0px; font: 16.0px Helvetica; min-height: 19.0px\"><span style=\"letter-spacing: 0.0px\"><b>&nbsp; &nbsp; &nbsp;<\/b><\/span><\/p>\n<p style=\"margin: 0.0px 0.0px 0.0px 0.0px; font: 16.0px Helvetica\"><span style=\"letter-spacing: 0.0px\"><b><i>&nbsp;&nbsp; &nbsp;<\/i><\/b><i> &ldquo;Pravda, niektor&iacute; k&aacute;\u017eu Krista zo z&aacute;visti a ha&scaron;terivosti, ale in&iacute; predsa z dobrej v&ocirc;le. (16) T&iacute;, \u010do to robia z l&aacute;sky, vedia, \u017ee som tu na obranu evanjelia,(17) ale ktor&iacute; zvestuj&uacute; Krista z ha&scaron;terivosti a nie z \u010dist&eacute;ho &uacute;myslu, myslia si. \u017ee pridaj&uacute; s&uacute;\u017eenia mojim okov&aacute;m. (18) Ale \u010do? Nech sa len Kristus zvestuje akoko\u013evek, \u010di naoko a \u010di &uacute;primne, ja sa tomu len te&scaron;&iacute;m a budem te&scaron;i\u0165. (19) Ve\u010f viem, \u017ee mi to (v&scaron;etko) posl&uacute;\u017ei na spasenie pre va&scaron;e modlitby a pomocou Ducha Je\u017ei&scaron;a Krista, (20) ako aj vr&uacute;cne \u010dak&aacute;m a d&uacute;fam, \u017ee v ni\u010dom nebudem zahanben&yacute;, ale \u017ee so v&scaron;etkou otvorenos\u0165ou ako v\u017edy, tak aj teraz len Kristus bude osl&aacute;ven&yacute; na mojom tele, u\u017e \u010di \u017eivotom a \u010di smr\u0165ou. (21) Lebo mne \u017ei\u0165 je: Kristus, a umrie\u0165: zisk.&rdquo;&nbsp; Amen<\/i><\/span><\/p>\n<p style=\"margin: 0.0px 0.0px 0.0px 0.0px; font: 16.0px Helvetica; min-height: 19.0px\">&nbsp;<\/p>\n<p style=\"margin: 0.0px 0.0px 0.0px 0.0px; font: 16.0px Helvetica\"><span style=\"letter-spacing: 0.0px\"><i>&nbsp; &nbsp; &nbsp; Mil&iacute; bratia a sestry v na&scaron;om P&aacute;novi Je\u017ei&scaron;ovi Kristovi!<\/i><\/span><\/p>\n<p style=\"margin: 0.0px 0.0px 0.0px 0.0px; font: 16.0px Helvetica; min-height: 19.0px\"><span style=\"letter-spacing: 0.0px\">&nbsp;&nbsp; &nbsp;<\/span><\/p>\n<p style=\"margin: 0.0px 0.0px 0.0px 0.0px; font: 16.0px Helvetica\"><span style=\"letter-spacing: 0.0px\">&nbsp; &nbsp; &nbsp; V \u010dasoch pred novembrom 89 som za\u017eil zauj&iacute;mav&uacute; epiz&oacute;dku.&nbsp; &nbsp; Na faru zav&iacute;tal mu\u017e v mojom veku a prejavil z&aacute;ujem o rozhovor o n&aacute;bo\u017eensk&yacute;ch ot&aacute;zkach. Bol u\u010dite\u013e . B&yacute;val v susednej dedine, vzdialenej asi 2 km. Ke\u010f\u017ee sa bl&iacute;\u017eil koniec pr&aacute;zdnin, vyjadril sm&uacute;tok nad t&yacute;m, \u017ee sa pr&aacute;zdniny kon\u010dia a prestane kona\u0165 r&ocirc;zne brig&aacute;dnick&eacute;, pomocn&eacute; pr&aacute;ce a bude musie\u0165 zase len u\u010di\u0165 za mal&yacute; plat. Sp&yacute;tal sa ma, ako to, \u017ee ja m&aacute;m auto, ke\u010f\u017ee m&ocirc;j pr&iacute;jem bol vtedy e&scaron;te men&scaron;&iacute; ako jeho. Vysvetlil som mu, \u017ee si tie\u017e privyr&aacute;bam pr&aacute;cou v z&aacute;hrade a vo f&oacute;liovn&iacute;ku. Prejavil o to z&aacute;ujem s t&yacute;m, \u017ee by nie\u010do podobn&eacute; aj on sk&uacute;sil. Len\u017ee uk&aacute;zalo sa, \u017ee on nem&aacute; ani z&aacute;hradu, ani potok za z&aacute;hradou, ani sk&uacute;senosti s takouto pr&aacute;cou. Potom postupne prech&aacute;dzal r&ocirc;zne povolania, po\u010dn&uacute;c od fotografovania svadieb, cez v&scaron;etky remesl&aacute; a sn&iacute;val, \u010do by robil, dokonca, \u010do by sme mohli aj spolu robi\u0165 a &ldquo;podnika\u0165&rdquo;. Ke\u010f pred polnocou pri&scaron;iel s n&aacute;padom, \u017ee najlep&scaron;ie by bolo, keby sme za\u010dali br&uacute;si\u0165 n&aacute;hrobn&eacute; kamene, lebo to vraj dobre vyn&aacute;&scaron;a, man\u017eelka vstala od stola a ospravedlnila sa. Hos\u0165 pochopil, \u017ee je \u010das od&iacute;s\u0165. Nikdy viac som ho odvtedy nevidel&#8230;<\/span><\/p>\n<p style=\"margin: 0.0px 0.0px 0.0px 0.0px; font: 16.0px Helvetica; min-height: 19.0px\"><span style=\"letter-spacing: 0.0px\">&nbsp; &nbsp; &nbsp;<\/span><\/p>\n<p style=\"margin: 0.0px 0.0px 0.0px 0.0px; font: 16.0px Helvetica\"><span style=\"letter-spacing: 0.0px\">&nbsp; &nbsp; &nbsp;Spomenul som si na t&uacute;to pr&iacute;hodu a na nespokojnos\u0165 s u\u010dite\u013esk&yacute;m povolan&iacute;m v s&uacute;vise s dne&scaron;n&yacute;m k&aacute;z\u0148ov&yacute;m textom. Apo&scaron;tol Pavel spom&iacute;na z&aacute;ujem viacer&yacute;ch \u013eud&iacute;, zvestova\u0165 Kristovo evanjelium, hoci to nebolo ani vtedy \u017eiadne lukrat&iacute;vne povolanie. Sk&ocirc;r naopak. V druhej polovici 1. storo\u010dia bolo povolanie a slu\u017eba apo&scaron;tola vysoko rizikov&eacute; povolanie. Ap.Pavel p&iacute;sal filipsk&yacute;m kres\u0165anom z v&auml;zenia. Podobn&uacute; sk&uacute;seno\u0165 mali aj in&iacute; apo&scaron;tolovia. Je teda prekvapuj&uacute;ce, \u017ee napriek nepriate\u013estvu vo\u010di cirkvi, na&scaron;lo sa viacero \u013eud&iacute; ochotn&yacute;ch hl&aacute;sa\u0165 zves\u0165 o Kristu.<\/span><\/p>\n<p style=\"margin: 0.0px 0.0px 0.0px 0.0px; font: 16.0px Helvetica; min-height: 19.0px\"><span style=\"letter-spacing: 0.0px\">&nbsp; &nbsp; &nbsp; &nbsp; &nbsp; &nbsp; &nbsp; &nbsp;<\/span><\/p>\n<p style=\"margin: 0.0px 0.0px 0.0px 0.0px; font: 16.0px Helvetica\"><span style=\"letter-spacing: 0.0px\">&nbsp; &nbsp; &nbsp; Dnes \u017eijeme v \u010dasoch n&aacute;bo\u017eenskej slobody, ale z&aacute;ujem mu\u017eov postavi\u0165 sa do duchovnej slu\u017eby sa nijako dramaticky nezv&yacute;&scaron;il. V prvopo\u010diatku po &ldquo;ne\u017enej&rdquo; sa tak azda aj zdalo, ale dnes je tu u\u017e stav akoby &ldquo;po vytriezven&iacute;&rdquo;. Viacer&iacute; dokonca duchovn&uacute; slu\u017ebu opustili z r&ocirc;znych d&ocirc;vodov. Dne&scaron;n&aacute; nede\u013ea vyz&yacute;va v&scaron;ak v&scaron;ekt&yacute;ch n&aacute;s, aby sme z duchovn&eacute;ho chleba, evanjelia P&aacute;na Je\u017ei&scaron;a Krista \u017eili a potom s N&iacute;m raz aj umierali!<\/span><\/p>\n<p style=\"margin: 0.0px 0.0px 0.0px 0.0px; font: 16.0px Helvetica; min-height: 19.0px\"><span style=\"letter-spacing: 0.0px\">&nbsp; &nbsp; &nbsp; &nbsp; &nbsp; &nbsp; &nbsp; &nbsp; &nbsp;<\/span><\/p>\n<p style=\"margin: 0.0px 0.0px 0.0px 0.0px; font: 16.0px Helvetica\"><span style=\"letter-spacing: 0.0px\">&nbsp; &nbsp; &nbsp; &nbsp; &nbsp; &nbsp; &nbsp; &nbsp; &nbsp; <b>Bu\u010fme vern&iacute;, a\u017e do smrti!<\/b><\/span><\/p>\n<p style=\"margin: 0.0px 0.0px 0.0px 0.0px; font: 16.0px Helvetica; min-height: 19.0px\">&nbsp;<\/p>\n<p style=\"margin: 0.0px 0.0px 0.0px 0.0px; font: 16.0px Helvetica\"><span style=\"letter-spacing: 0.0px\"><b>1. evanjelium verne hl&aacute;sajme<\/b><\/span><\/p>\n<ol style=\"list-style-type: decimal\">\n<li style=\"margin: 0.0px 0.0px 0.0px 0.0px; font: 16.0px Helvetica\"><span style=\"letter-spacing: 0.0px\"><b> s \u0165a\u017ekos\u0165ami v\u017edy po\u010d&iacute;tajme<\/b><\/span><\/li>\n<li style=\"margin: 0.0px 0.0px 0.0px 0.0px; font: 16.0px Helvetica\"><span style=\"letter-spacing: 0.0px\"><b>o v&iacute;\u0165aztve s Kristom nepochybujme<\/b><\/span><\/li>\n<\/ol>\n<p style=\"margin: 0.0px 0.0px 0.0px 0.0px; font: 16.0px Helvetica; min-height: 19.0px\">&nbsp;<\/p>\n<p style=\"margin: 0.0px 0.0px 0.0px 0.0px; font: 16.0px Helvetica\"><span style=\"letter-spacing: 0.0px\">&nbsp; &nbsp; Mil&iacute; bratia a sestry v P&aacute;novi!<\/span><\/p>\n<p style=\"margin: 0.0px 0.0px 0.0px 0.0px; font: 16.0px Helvetica; min-height: 19.0px\"><span style=\"letter-spacing: 0.0px\">&nbsp;&nbsp; &nbsp;<\/span><\/p>\n<p style=\"margin: 0.0px 0.0px 0.0px 0.0px; font: 16.0px Helvetica\"><span style=\"letter-spacing: 0.0px\">&nbsp; &nbsp; Ke\u010f sa popri apo&scaron;toloch objavovali v prvotnej cirkvi aj mnoh&iacute; in&iacute; kazatelia a nositelia evanjeliovej zvesti, je prekvapuj&uacute;ca motiv&aacute;cia mnoh&yacute;ch z nich. Apo&scaron;tol Pavel hovor&iacute; a p&iacute;&scaron;e o \u013eu\u010foch a udalostiach skoro neuverite\u013en&yacute;ch: <i>&ldquo;Niektor&iacute; k&aacute;\u017eu Krista zo z&aacute;visti a ha&scaron;terivosti, ale in&iacute; predsa z dobrej v&ocirc;le&rdquo;<\/i>.<\/span><\/p>\n<p style=\"margin: 0.0px 0.0px 0.0px 0.0px; font: 16.0px Helvetica; min-height: 19.0px\"><span style=\"letter-spacing: 0.0px\">On s&aacute;m sa dostal pre svoju misijn&uacute; slu\u017ebu do v&auml;zenia (v.13) a preto je n&aacute;m dnes ve\u013emi \u0165a\u017eko pochopi\u0165 mot&iacute;v t&yacute;chto kazate\u013eov. Pri bli\u017e&scaron;om sk&uacute;man&iacute; Pavlov&yacute;ch listov zis\u0165ujeme, \u017ee sa v cirkvi \u010dasto boril s protivn&iacute;kmi, s tzv. \u017eidokres\u0165anmi a ich \u017eidov\u010diacimi kazate\u013emi. I&scaron;lo o \u013eud&iacute;, ktor&iacute; uverili v Je\u017ei&scaron;a Krista, ale nechceli sa vzda\u0165 ni\u010doho z predch&aacute;dzaj&uacute;cej viery a \u017eivota, pokia\u013e i&scaron;lo o \u017eidovsk&eacute; zvyky a oby\u010daje. Tieto zvyky neraz povy&scaron;ovali nad hodnotu diela samotn&eacute;ho Je\u017ei&scaron;a Krista. S nimi zv&aacute;dzal ve\u013ea duchovn&yacute;ch z&aacute;pasov. Je \u0165a\u017ek&eacute; jednozna\u010dne tvrdi\u0165, \u017ee sa jedn&aacute; o podobn&yacute;ch kazate\u013eov aj v tomto konkr&eacute;tom pr&iacute;pade, ke\u010f o nich p&iacute;&scaron;e, \u017ee chc&uacute; &ldquo;prida\u0165 s&uacute;\u017eenia jeho okov&aacute;m&rdquo;.(v.17) Ak&eacute; teda mohli by\u0165 teda pohn&uacute;tky a mot&iacute;vy niektor&yacute;ch?&nbsp;<\/span><\/p>\n<p style=\"margin: 0.0px 0.0px 0.0px 0.0px; font: 16.0px Helvetica\"><span style=\"letter-spacing: 0.0px\">&nbsp; &nbsp; &nbsp; Iste videli prekvapuj&uacute;ce misijn&eacute; &uacute;spechy ap.Pavla, nielen v \u017eidovskom prostred&iacute; v diaspore v Malej &Aacute;zii, ale aj medzi pohanmi,&nbsp; najm&auml; Gr&eacute;kmi. Stalo sa, \u017ee napr. v Lystre apo&scaron;tolov prijali a po vylie\u010den&iacute; nemocn&eacute;ho ich pohania oslavovali priam ako bohov. Dokonca im chceli aj obetova\u0165 ako bo\u017estv&aacute;m b&yacute;ky v Jupiterovom chr&aacute;me. (Sk 14,8-19) Samozrejme, oni ni\u010d z toho neprijali, ale ich autorita v oblasti duchovno &#8211; n&aacute;bo\u017eenskej r&aacute;stla. St&aacute;vali sa zn&aacute;mymi vo vtedaj&scaron;om svete. To mohol by\u0165 jeden mot&iacute;v.&nbsp;<\/span><\/p>\n<p style=\"margin: 0.0px 0.0px 0.0px 0.0px; font: 16.0px Helvetica\"><span style=\"letter-spacing: 0.0px\">&nbsp;&nbsp; &nbsp; Druh&yacute; bol osobnej&scaron;&iacute;. Filipsk&iacute; kres\u0165ania, s&iacute;ce ako jedin&iacute; spomedzi Pavlom zalo\u017een&yacute;ch zborov, prispeli nielen na zbierku, organizovan&uacute; pre chudobn&yacute;ch jeruzalemsk&yacute;ch kres\u0165anov, ale prispeli milodarom priamo aj na jeho osobn&eacute; pr&iacute;jmy a v&yacute;davky.(4,10nn) Pavel im za to \u010fakoval, hoci to vyslovene ne\u017eiadal. Ale chv&aacute;lil filipsk&yacute;ch, \u017ee spr&aacute;vne pochopili evanjelium a vyvodili z po\u010dut&eacute;ho aj spr&aacute;vne a logick&eacute; z&aacute;very. Mo\u017eno ten milodar niektor&yacute;ch in&scaron;piroval k hl&aacute;saniu evanjelia a mysleli, \u017ee je to \u013eahk&yacute; a jednoduch&yacute; sp&ocirc;sob z&aacute;robku a zabezpe\u010denia svojej existencie. Ak aj Pavol bol vo v&auml;zen&iacute;, mo\u017eno si mylseli, \u017ee im sa to nestane, lebo bud&uacute; &scaron;ikovnej&scaron;&iacute;.<\/span><\/p>\n<p style=\"margin: 0.0px 0.0px 0.0px 0.0px; font: 16.0px Helvetica; min-height: 19.0px\"><span style=\"letter-spacing: 0.0px\">&nbsp; &nbsp;<\/span><\/p>\n<p style=\"margin: 0.0px 0.0px 0.0px 0.0px; font: 16.0px Helvetica\"><span style=\"letter-spacing: 0.0px\">&nbsp; &nbsp; &nbsp; Ap. Pavel nerozober&aacute; motiv&aacute;ciu v&scaron;etk&yacute;ch t&yacute;ch, ktor&iacute; sa chceli sta\u0165 kazate\u013emi a je mu jasn&eacute;, \u017ee nie v&scaron;etci maj&uacute; tak&eacute; pohn&uacute;tky, ak&eacute; mal on s&aacute;m. Jednako hovor&iacute;: <i>&ldquo;Nech sa len Kristus zvestuje akoko\u013evek, \u010do naoko a \u010di &uacute;primne a z l&aacute;sky, ja sa tomu len te&scaron;&iacute;m a budem te&scaron;i\u0165&rdquo;. <\/i>Je za t&yacute;m postoj samotn&eacute;ho P&aacute;na Je\u017ei&scaron;a, ktor&yacute; hovoril o vtedaj&scaron;&iacute;ch farizejoch a z&aacute;konn&iacute;koch: <i>&ldquo;Po\u010d&uacute;vajte ich, ale pod\u013ea ich skutkov nerobte&rdquo;!<\/i><\/span><\/p>\n<p style=\"margin: 0.0px 0.0px 0.0px 0.0px; font: 16.0px Helvetica\"><span style=\"letter-spacing: 0.0px\">Napokon aj apo&scaron;tol Jud&aacute;&scaron;, ktor&yacute; zradil P&aacute;na, predsa len vykonal P&aacute;nom zveren&uacute; &uacute;lohu a vydal svedectvo, ktor&eacute; samo osebe je pravdiv&eacute;:<i> &ldquo;Zradil som krv nevinn&uacute;&rdquo;<\/i>! P&aacute;n Je\u017ei&scaron; je naozj je nevinn&yacute; Bo\u017e&iacute; bar&aacute;nok, ktor&yacute; trpel a zomrel za n&aacute;s a na&scaron;e hriechy.<\/span><\/p>\n<p style=\"margin: 0.0px 0.0px 0.0px 0.0px; font: 16.0px Helvetica; min-height: 19.0px\">&nbsp;<\/p>\n<p style=\"margin: 0.0px 0.0px 0.0px 0.0px; font: 16.0px Helvetica\"><span style=\"letter-spacing: 0.0px\">&nbsp;&nbsp; &nbsp; <b>Dnes v na&scaron;ej cirkvi z&aacute;pas&iacute;me o to, aby v&scaron;etci pokrsten&iacute; evanjelici ako k\u0148azi Je\u017ei&scaron;a Krista konali a nehanbili sa za zves\u0165 evanjelia<\/b>. Nie s&uacute; v&scaron;etci pokrsten&iacute; far&aacute;ri, ale v&scaron;etci pokrsten&iacute; sme k\u0148azi. Tvor&iacute;me Jeho prock&eacute; a kr&aacute;\u013eovsk&eacute; k\u0148azstvo. Nie v&scaron;etci pokrsten&iacute; zost&aacute;vaj&uacute; vo viere pevn&iacute;, nekl&aacute;tiv&iacute;. Mo\u017eno s&uacute; dokonca iba pochybuj&uacute;ci, \u010di duchovne odumieraj&uacute;ci. Ale&nbsp; jednako s apo&scaron;tolom Pavlom hovor&iacute;me a vyzn&aacute;vame:&rdquo; <i>Nech sa len Kristus zvestuje&rdquo; <\/i>&#8211;&nbsp; najm&auml; v rodin&aacute;ch. Nech v&scaron;etci otcovia a matky, hoci sami mo\u017eno nie s&uacute; ide&aacute;lnymi vzormi kres\u0165anskej viery a \u017eivota, predsa len hl&aacute;saj&uacute; evanjelium. Za touto t&uacute;\u017ebou a odvahou je viera v hodnotu samotn&eacute;ho Slova P&aacute;novho. D&ocirc;vera v silu a moc Jeho evanjelia, ktor&eacute; p&ocirc;sob&iacute; bez oh\u013eadu na samotn&uacute; hodnotu, \u010di tzv. duchovn&uacute;&nbsp; v&yacute;&scaron;ku kres\u0165ana, kazate\u013ea, rodi\u010da, \u010di presbytera. Evanjelium Je\u017ei&scaron;a Krista je a zost&aacute;va <i>&ldquo;mocou Bo\u017eou na spasenie ka\u017ed&eacute;mu veriacemu&rdquo;<\/i>. Aj ke\u010f najvn&uacute;tornej&scaron;ia motiv&aacute;cia nemus&iacute; by\u0165 pr&aacute;ve naj\u010distej&scaron;ia&#8230;Evanjelium je a zostane &ldquo;zlat&yacute;m &scaron;perkom, aj ke\u010f ho nos&iacute; \u010dlovek nehodn&yacute; a hrie&scaron;ny&rdquo;. Je to &ldquo;zrno samorast&uacute;ce&rdquo;- a m&aacute;&nbsp; svoj jedine\u010dn&yacute; a osobytn&yacute; \u017eivot. V\u017edy m&ocirc;\u017ee apso\u0148 niektor&yacute;m sl&uacute;\u017ei\u0165 na spasenie a dosiahnutie ve\u010dn&eacute;ho \u017eivota.<\/span><\/p>\n<p style=\"margin: 0.0px 0.0px 0.0px 0.0px; font: 16.0px Helvetica; min-height: 19.0px\">&nbsp;<\/p>\n<p style=\"margin: 0.0px 0.0px 0.0px 0.0px; font: 16.0px Helvetica\"><span style=\"letter-spacing: 0.0px\">&nbsp; &nbsp; 2. Mil&iacute; bratia a sestry!<\/span><\/p>\n<p style=\"margin: 0.0px 0.0px 0.0px 0.0px; font: 16.0px Helvetica\"><span style=\"letter-spacing: 0.0px\">&nbsp;&nbsp; &nbsp; Kto chce st&aacute;\u0165 v slu\u017ebe P&aacute;novej, v slu\u017ebe Jeho evanjelia &uacute;primne a s l&aacute;skou sa tejto slu\u017ebe odovzda\u0165 a vie v koho uveril, mus&iacute; po\u010d&iacute;ta\u0165 s t&yacute;m, \u017ee ponesie na bedr&aacute;ch nielen nie\u010do zo sl&aacute;vy samotn&eacute;ho Bo\u017eieho Syna, ale aj nie\u010do z Jeho kr&iacute;\u017ea. Mus&iacute; po\u010d&iacute;ta\u0165 s \u0165a\u017ekos\u0165ami a probl&eacute;mami. Nemus&iacute; &iacute;s\u0165 o hrozbu straty \u017eivota, alebo straty zamestnania, \u010di spolo\u010densk&eacute;ho postavenia. Ale ka\u017ed&aacute; doba m&aacute; svoje vlastn&eacute; v&yacute;hrady vo\u010di Je\u017ei&scaron;ovi Kristovi, vo\u010di Jeho Cirkvi a jej slu\u017ebe. O to sa, takpovediac, &ldquo;nemus&iacute;me b&aacute;\u0165&rdquo;&#8230;<\/span><\/p>\n<p style=\"margin: 0.0px 0.0px 0.0px 0.0px; font: 16.0px Helvetica\"><span style=\"letter-spacing: 0.0px\">&nbsp; &nbsp; Vieme, \u017ee najm&auml; v re\u010diach na rozl&uacute;\u010dku P&aacute;n Je\u017ei&scaron; o tom u\u010den&iacute;kom hovoril viackr&aacute;t. V\u017edy hovoril, \u017ee&nbsp; cesta s N&iacute;m a za N&iacute;m&nbsp; je &ldquo;<i>&uacute;zka cesta a&nbsp; tesn&aacute; br&aacute;na<\/i>&rdquo;. U\u010den&iacute;kom tie\u017e povedal:<i> &ldquo;Bu\u010fte opatrn&iacute; ako hady a prost&iacute; ako holubice&rdquo;- \u010di\u017ee<\/i> kres\u0165an m&aacute; by\u0165 pozorn&yacute; a opatrn&yacute;. Mus&iacute; po\u010d&iacute;ta\u0165 s t&yacute;m, \u017ee evanjelium nie je z tohoto sveta, tak ako Kristus nie je z tohoto sveta. Preto ani Bo\u017eie deti nie s&uacute; de\u0165mi len tohoto sveta.<\/span><\/p>\n<p style=\"margin: 0.0px 0.0px 0.0px 0.0px; font: 16.0px Helvetica; min-height: 19.0px\"><span style=\"letter-spacing: 0.0px\">&nbsp;&nbsp;<\/span><\/p>\n<p style=\"margin: 0.0px 0.0px 0.0px 0.0px; font: 16.0px Helvetica\"><span style=\"letter-spacing: 0.0px\">&nbsp; &nbsp; &nbsp; Teraj&scaron;ie gener&aacute;cie kras\u0165anov s&uacute; zasko\u010den&eacute; a frustrovan&eacute; zo skuto\u010dnosti, \u017ee po po\u010diato\u010dnom zdanlivom obr&aacute;ten&iacute; sa Slovenska a \u013eud&iacute; k cirkvi, nast&aacute;va odliv. Ke\u010f prich&aacute;dza ak&aacute;si dezil&uacute;zia a sklamanie, ve\u010f kres\u0165anstvo nem&aacute; \u017eadne v&yacute;sady, ani spolo\u010densk&eacute; uznanie, ani finan\u010dn&eacute;&nbsp; krytie a to \u010do m&aacute;, je zazlievan&eacute;. Cirkev je ter\u010dom nepodlo\u017een&yacute;ch &uacute;tokov, z&aacute;visti, \u010di nen&aacute;visti. Op&auml;\u0165 sa hovor&iacute; o odluke financovania cirkvi od &scaron;t&aacute;tu, lebo vraj &scaron;t&aacute;t na cirkvi dopl&aacute;ca a t&yacute;m aj t&iacute;, ktor&iacute; nie s&uacute; kres\u0165ania. Pri pozornej&scaron;om poh\u013eade a sk&uacute;man&iacute; sa m&ocirc;\u017ee uk&aacute;za\u0165, \u017ee je to skreslen&yacute; obraz, dokonca mo\u017eno a\u017e klamliv&yacute;, ako sa to vlani potvrdilo v susudn&yacute;ch \u010cech&aacute;ch.<\/span><\/p>\n<p style=\"margin: 0.0px 0.0px 0.0px 0.0px; font: 16.0px Helvetica\"><span style=\"letter-spacing: 0.0px\">&nbsp; &nbsp; &nbsp; Ale nevra\u017eivo\u0165 zost&aacute;va a kres\u0165an nesmie po\u010d&iacute;ta\u0165, \u017ee bude mil&yacute; svetu. Ide o to, aby sme sa sna\u017eili by\u0165 mil&iacute; P&aacute;nu Bohu a neop&uacute;&scaron;\u0165ali spolo\u010dn&eacute; zhroma\u017ednia. Aby sme \u017eili zo slova P&aacute;na Je\u017ei&scaron;a Krista a Jeho <i>&ldquo;magny charty<\/i>&rdquo;, toti\u017e evanjelia a pod\u013ea z&aacute;kona Bo\u017eieho konali. V tom sa povbudzujme v\u017edy znova, aby sme neklesali na duchu.<\/span><\/p>\n<p style=\"margin: 0.0px 0.0px 0.0px 0.0px; font: 16.0px Helvetica; min-height: 19.0px\">&nbsp;<\/p>\n<ol style=\"list-style-type: decimal\">\n<li style=\"margin: 0.0px 0.0px 0.0px 0.0px; font: 16.0px Helvetica\"><span style=\"letter-spacing: 0.0px\"> &nbsp; &nbsp; &nbsp; &nbsp;Mil&iacute; bratia a sestry!&nbsp;<\/span><\/li>\n<\/ol>\n<p style=\"margin: 0.0px 0.0px 0.0px 0.0px; font: 16.0px Helvetica; min-height: 19.0px\"><span style=\"letter-spacing: 0.0px\">&nbsp;&nbsp; &nbsp; &nbsp;<\/span><span style=\"letter-spacing: 0.0px\">&nbsp;\u017divot z evanjelia znamen&aacute; aj \u017eivot z posolstva o trpiacom Je\u017ei&scaron;ovi. On naozaj pretrpel kr&iacute;\u017e, prijal hork&yacute; kalich a vypil ho a\u017e do dna&#8230; A predsa je Jeho cesta cestou v&iacute;\u0165aztva! On bol nielen ukri\u017eovn&yacute;, ale je aj vzkriesen&yacute; a osl&aacute;ven&yacute; P&aacute;n. Preto \u017ei\u0165 a by\u0165 s Kristom je v\u017edy v kone\u010dnom d&ocirc;sledku v&iacute;\u0165azstvom.<\/span><\/p>\n<p style=\"margin: 0.0px 0.0px 0.0px 0.0px; font: 16.0px Helvetica; min-height: 19.0px\"><span style=\"letter-spacing: 0.0px\">&nbsp;&nbsp; &nbsp; &nbsp;<\/span><\/p>\n<p style=\"margin: 0.0px 0.0px 0.0px 0.0px; font: 16.0px Helvetica\"><span style=\"letter-spacing: 0.0px\">&nbsp; &nbsp; Ap.Pavel vyzn&aacute;va: <i>&rdquo; Mne \u017ei\u0165 je Kristus a umrie\u0165 zisk&rdquo;!<\/i>&nbsp; Tento odkaz je d&ocirc;le\u017eit&yacute; aj pre n&aacute;s. \u017divot s Je\u017ei&scaron;om nemus&iacute; by\u0165 \u017eivotom na v&yacute;sln&iacute;, ani jednoduch&yacute;, ale je napokon \u017eivotom, ktor&yacute; vedie do sl&aacute;vy neba!&nbsp; To je d&ocirc;le\u017eit&eacute; ma\u0165 na mysli a na pam&auml;ti pri v&scaron;etk&yacute;ch \u0165a\u017ekostiach a probl&eacute;moch bojuj&uacute;cej pozemskej cirkvi. S pevky\u0148ou M.Royovou sa povzbudzujme:<i> Smie\u0165 \u017ei\u0165 pre Krista, pre Neho mrie\u0165&#8230; (Sp.475,1)<\/i> a s apo&scaron;tolom Pavlom vyzn&aacute;vajme: <b>&ldquo;<i>Mne \u017ei\u0165 je Kristus a umrie\u0165 zisk&rdquo;!&nbsp;<\/i><\/b><i> <\/i>Amen<\/span><\/p>\n<p style=\"margin: 0.0px 0.0px 0.0px 0.0px; font: 16.0px Helvetica; min-height: 19.0px\">&nbsp;<\/p>\n<p style=\"margin: 0.0px 0.0px 0.0px 0.0px; font: 12.0px Helvetica\"><span style=\"font: 16.0px Helvetica; letter-spacing: 0.0px\">&nbsp; &nbsp; &nbsp; &nbsp; &nbsp; &nbsp; &nbsp; &nbsp; &nbsp; &nbsp; &nbsp; &nbsp; &nbsp; &nbsp; &nbsp; &nbsp; &nbsp; &nbsp; &nbsp;<\/span><span style=\"letter-spacing: 0.0px\"> 4. p&ocirc;stna nede\u013ea 2012 &#8211; Rovensko a Soboti&scaron;te- \u013d.Batka st.<\/span><\/p>\n","protected":false},"excerpt":{"rendered":"<p>&nbsp;&nbsp; &nbsp; &nbsp; &nbsp; &nbsp; &nbsp; &nbsp; &nbsp; &nbsp; &nbsp; &nbsp; &nbsp; &nbsp; &nbsp; &nbsp; &nbsp; &nbsp; &nbsp; &nbsp; &nbsp; &nbsp; &nbsp; &nbsp; &nbsp; &nbsp; &nbsp; &nbsp; &nbsp;Zisk kres\u0165ana Fil 1,15-21: &nbsp; &nbsp; &nbsp; &nbsp;&nbsp; &nbsp; &ldquo;Pravda, niektor&iacute; k&aacute;\u017eu Krista zo z&aacute;visti a ha&scaron;terivosti, ale in&iacute; predsa z dobrej v&ocirc;le. (16) T&iacute;, \u010do to robia &#8230; <a title=\"Zisk kres\u0165ana\" class=\"read-more\" href=\"https:\/\/www.e-anjelik.sk\/index.php\/2012\/03\/30\/zisk-krestana\/\" aria-label=\"Pre\u010d\u00edtajte si viac o Zisk kres\u0165ana\">\u010c\u00edta\u0165 viac<\/a><\/p>\n","protected":false},"author":4,"featured_media":0,"comment_status":"open","ping_status":"open","sticky":false,"template":"","format":"standard","meta":{"footnotes":""},"categories":[121,53,95],"tags":[192],"class_list":["post-4211","post","type-post","status-publish","format-standard","hentry","category-kazne","category-post","category-sobotiste","tag-kazen"],"_links":{"self":[{"href":"https:\/\/www.e-anjelik.sk\/index.php\/wp-json\/wp\/v2\/posts\/4211","targetHints":{"allow":["GET"]}}],"collection":[{"href":"https:\/\/www.e-anjelik.sk\/index.php\/wp-json\/wp\/v2\/posts"}],"about":[{"href":"https:\/\/www.e-anjelik.sk\/index.php\/wp-json\/wp\/v2\/types\/post"}],"author":[{"embeddable":true,"href":"https:\/\/www.e-anjelik.sk\/index.php\/wp-json\/wp\/v2\/users\/4"}],"replies":[{"embeddable":true,"href":"https:\/\/www.e-anjelik.sk\/index.php\/wp-json\/wp\/v2\/comments?post=4211"}],"version-history":[{"count":0,"href":"https:\/\/www.e-anjelik.sk\/index.php\/wp-json\/wp\/v2\/posts\/4211\/revisions"}],"wp:attachment":[{"href":"https:\/\/www.e-anjelik.sk\/index.php\/wp-json\/wp\/v2\/media?parent=4211"}],"wp:term":[{"taxonomy":"category","embeddable":true,"href":"https:\/\/www.e-anjelik.sk\/index.php\/wp-json\/wp\/v2\/categories?post=4211"},{"taxonomy":"post_tag","embeddable":true,"href":"https:\/\/www.e-anjelik.sk\/index.php\/wp-json\/wp\/v2\/tags?post=4211"}],"curies":[{"name":"wp","href":"https:\/\/api.w.org\/{rel}","templated":true}]}}