{"id":4217,"date":"2012-03-30T11:55:26","date_gmt":"2012-03-30T11:55:26","guid":{"rendered":"http:\/\/e-anjelik.sk\/?p=4217"},"modified":"2012-03-30T11:55:26","modified_gmt":"2012-03-30T11:55:26","slug":"program-vybranych-elektronickych-medii-k-velkemu-tyzdnu-2012","status":"publish","type":"post","link":"https:\/\/www.e-anjelik.sk\/index.php\/2012\/03\/30\/program-vybranych-elektronickych-medii-k-velkemu-tyzdnu-2012\/","title":{"rendered":"Program vybran\u00fdch elektronick\u00fdch m\u00e9di\u00ed k Ve\u013ek\u00e9mu t\u00fd\u017ed\u0148u 2012"},"content":{"rendered":"<p>Tradi\u010dne som pripravil v&yacute;ber niektor&yacute;ch programov rozhlasov a telev&iacute;zi&iacute; k Ve\u013ek&eacute;mu t&yacute;\u017ed\u0148u 2012:<\/p>\n<p><strong>Kvetn&aacute; nede\u013ea 1. apr&iacute;la<\/strong> :<\/p>\n<p>Dvojka: o 13.15 hod. :Slovo ev. far&aacute;ra J.Lichanca&nbsp;<\/p>\n<p>M1 o 11.00 hod.: prenos ev. SB z Magl&oacute;du.K&aacute;\u017ee biskup Fab&iacute;ny Tam&aacute;s.<\/p>\n<p><strong>Zelen&yacute; &scaron;tvrtok 5.apr<\/strong>.: 18.00 hod.: Vidite\u013en&eacute; slovo-Ve\u010dera P&aacute;nova.<\/p>\n<p><strong>Ve\u013ek&yacute; piatok 6.apr&iacute;la:<\/strong><\/p>\n<p>Jednotka: o 10.30 hod. Ve\u013ekopiatkov&eacute; SB z ev. kostola v Hanu&scaron;ovciach n\/T.K&aacute;\u017ee biskup VD&nbsp;ECAV S.Sabol.<\/p>\n<p>12.00 hod. Sola fide od \u017dilinskej synody po Tolera\u010dn&yacute; patent,dok. film o dejin&aacute;ch ECAV.<\/p>\n<p>Dvojka: 19.55 hod. Sviato\u010dn&eacute; slovo gen. biskupa M.Kl&aacute;tika.<\/p>\n<p>&nbsp;&nbsp;&nbsp;&nbsp;&nbsp;&nbsp;&nbsp;&nbsp;&nbsp;&nbsp;&nbsp;&nbsp; 20.05 : J&aacute;n Kalv&iacute;n, dok. nem. film.<\/p>\n<p>\u010cT 2: o 17.00 hod. SB \u010dbr. ev. cirkvi zo &Scaron;umperka.<\/p>\n<p>ORF&nbsp;2: o 9.30 hod. SB z Marpt Allhan, Burgenland.<\/p>\n<p>TV Slovenija 2: o 18.00 hod. SB z cirk. zboru Puconci.<\/p>\n<p>ARD: o 10.00 hod. SB zo Sophienkirche Berlin-Mitte.<\/p>\n<p><strong>Biela sobota 7. apr<\/strong>.: Bavorsk&aacute; TV&nbsp;(BR) : o 21.55 SB Ve\u013ekej noci.K&aacute;\u017ee krajinsk&yacute; bp. H.B.Strohm.<\/p>\n<p><strong>Ve\u013ekono\u010dn&aacute; nede\u013ea 8. apr&iacute;la:<\/strong><\/p>\n<p>ZDF: o 9.30 hod. SB z Auferstehungskirche v Siegburgu.<\/p>\n<p><strong>Rozhlasy:<\/strong><\/p>\n<p><strong>Ve\u013ek&yacute; piatok:<\/strong><\/p>\n<p>Regina: o 16.00 hod. Pa&scaron;iov&eacute;&nbsp;&nbsp;SB z Hornej Mi\u010dinej.<\/p>\n<p>\u010cR 2: o 17.00 hod. SB SCEAV v \u010cR z T\u0159anov&iacute;c. K&aacute;\u017ee bp. J. Waclavek.<\/p>\n<p>Kossuth radio: o 10.4 hod. ev. SB zo Soprone.<\/p>\n<p><em>Prajeme V&aacute;m po\u017eehnan&eacute; ve\u013ekono\u010dn&eacute; sviatky a duchovn&yacute; &uacute;\u017eitok z posluchu rel&aacute;ci&iacute;. Christos voskresse.Voistinu voskresse! Kristus P&aacute;n vstal z m\u0155tvych. Naozaj vstal z m\u0155tvych! Halleluja!!<\/em><\/p>\n<p><em>&nbsp;<\/em><\/p>\n<p>&nbsp;<\/p>\n","protected":false},"excerpt":{"rendered":"<p>Tradi\u010dne som pripravil v&yacute;ber niektor&yacute;ch programov rozhlasov a telev&iacute;zi&iacute; k Ve\u013ek&eacute;mu t&yacute;\u017ed\u0148u 2012: Kvetn&aacute; nede\u013ea 1. apr&iacute;la : Dvojka: o 13.15 hod. :Slovo ev. far&aacute;ra J.Lichanca&nbsp; M1 o 11.00 hod.: prenos ev. SB z Magl&oacute;du.K&aacute;\u017ee biskup Fab&iacute;ny Tam&aacute;s. Zelen&yacute; &scaron;tvrtok 5.apr.: 18.00 hod.: Vidite\u013en&eacute; slovo-Ve\u010dera P&aacute;nova. Ve\u013ek&yacute; piatok 6.apr&iacute;la: Jednotka: o 10.30 hod. Ve\u013ekopiatkov&eacute; SB &#8230; <a title=\"Program vybran\u00fdch elektronick\u00fdch m\u00e9di\u00ed k Ve\u013ek\u00e9mu t\u00fd\u017ed\u0148u 2012\" class=\"read-more\" href=\"https:\/\/www.e-anjelik.sk\/index.php\/2012\/03\/30\/program-vybranych-elektronickych-medii-k-velkemu-tyzdnu-2012\/\" aria-label=\"Pre\u010d\u00edtajte si viac o Program vybran\u00fdch elektronick\u00fdch m\u00e9di\u00ed k Ve\u013ek\u00e9mu t\u00fd\u017ed\u0148u 2012\">\u010c\u00edta\u0165 viac<\/a><\/p>\n","protected":false},"author":22,"featured_media":0,"comment_status":"open","ping_status":"open","sticky":false,"template":"","format":"standard","meta":{"footnotes":""},"categories":[1],"tags":[242,200],"class_list":["post-4217","post","type-post","status-publish","format-standard","hentry","category-adventna-modlitba","tag-slavnosti","tag-sluzby-bozie"],"_links":{"self":[{"href":"https:\/\/www.e-anjelik.sk\/index.php\/wp-json\/wp\/v2\/posts\/4217","targetHints":{"allow":["GET"]}}],"collection":[{"href":"https:\/\/www.e-anjelik.sk\/index.php\/wp-json\/wp\/v2\/posts"}],"about":[{"href":"https:\/\/www.e-anjelik.sk\/index.php\/wp-json\/wp\/v2\/types\/post"}],"author":[{"embeddable":true,"href":"https:\/\/www.e-anjelik.sk\/index.php\/wp-json\/wp\/v2\/users\/22"}],"replies":[{"embeddable":true,"href":"https:\/\/www.e-anjelik.sk\/index.php\/wp-json\/wp\/v2\/comments?post=4217"}],"version-history":[{"count":0,"href":"https:\/\/www.e-anjelik.sk\/index.php\/wp-json\/wp\/v2\/posts\/4217\/revisions"}],"wp:attachment":[{"href":"https:\/\/www.e-anjelik.sk\/index.php\/wp-json\/wp\/v2\/media?parent=4217"}],"wp:term":[{"taxonomy":"category","embeddable":true,"href":"https:\/\/www.e-anjelik.sk\/index.php\/wp-json\/wp\/v2\/categories?post=4217"},{"taxonomy":"post_tag","embeddable":true,"href":"https:\/\/www.e-anjelik.sk\/index.php\/wp-json\/wp\/v2\/tags?post=4217"}],"curies":[{"name":"wp","href":"https:\/\/api.w.org\/{rel}","templated":true}]}}