{"id":4219,"date":"2012-03-30T14:42:08","date_gmt":"2012-03-30T14:42:08","guid":{"rendered":"http:\/\/e-anjelik.sk\/?p=4219"},"modified":"2012-03-30T14:42:08","modified_gmt":"2012-03-30T14:42:08","slug":"uvaha-nad-textom-marek-14-27-31","status":"publish","type":"post","link":"https:\/\/www.e-anjelik.sk\/index.php\/2012\/03\/30\/uvaha-nad-textom-marek-14-27-31\/","title":{"rendered":"\u00davaha nad textom Marek 14. 27-31"},"content":{"rendered":"<p>&nbsp;<span class=\"Apple-tab-span\" style=\"white-space:pre\">\t<\/span><\/p>\n<div>&Uacute;vaha nad textom Marek 14. 27-31.<\/div>\n<div>&nbsp;<\/div>\n<div><span class=\"Apple-tab-span\" style=\"white-space:pre\">\t<\/span>&quot;I povedal im Je\u017ei&scaron;: V&scaron;etci sa pohor&scaron;&iacute;te, lebo je nap&iacute;san&eacute;: Bi\u0165 budem pastiera a rozp\u0155chnu sa ovce. Ale po svojom vzkriesen&iacute; pred&iacute;dem v&aacute;s do Galiley. Odpovedal mu Peter: Ak sa aj v&scaron;etci pohor&scaron;ia, ale ja nie! Je\u017ei&scaron; mu povedal&quot; Veru ti hovor&iacute;m, \u017ee dnes, tejto noci, prv ako koh&uacute;t dva razy zaspieva, tri razy ma zaprie&scaron;. On v&scaron;ak t&yacute;m v&auml;\u010d&scaron;mi zd&ocirc;raz\u0148oval: \u010co by som aj umrie\u0165 mal s Tebou, nikdy \u0164a nezapriem. Podobne hovorili v&scaron;etci.&quot;<\/div>\n<div><span class=\"Apple-tab-span\" style=\"white-space:pre\">\t<\/span><\/div>\n<div><span class=\"Apple-tab-span\" style=\"white-space:pre\">\t<\/span>Je ve\u013emi zauj&iacute;mav&eacute; si v&scaron;imn&uacute;\u0165 jednu vec. U\u010den&iacute;ci P&aacute;na Je\u017ei&scaron;a, teda \u017eiaci Majstra z Nazareta, absolvovali s n&iacute;m cca trojro\u010dn&uacute; &#8211; skuto\u010dne Majstrovsk&uacute; univerzitu (re&aacute;lny \u010das &quot;v&yacute;u\u010dby&quot; bol v porovnan&iacute; s dne&scaron;n&yacute;mi &scaron;kolami podstatne dlh&scaron;&iacute;, preto\u017ee ich &quot;vyu\u010dovanie&quot; bolo &quot;nepretr\u017eit&eacute;&quot; &#8211; de\u0148 noc, bez vo\u013en&yacute;ch v&iacute;kendov, bez sviatkov bez pr&aacute;zdnin&#8230;). No a t&iacute;to \u017eiaci, sa ku koncu &quot;posledn&eacute;ho semestra&quot; pred bl&iacute;\u017eiacim sa &quot;sk&uacute;&scaron;kov&yacute;m obdob&iacute;m&quot; za\u010dali spr&aacute;va\u0165 akosi divne. Doteraz doslova &quot;hltali svojho Majstra&quot;, boli n&iacute;m nad&scaron;en&iacute; a Jeho slov&aacute; si nesmierne v&aacute;\u017eili a ctili. Nedovolili si &#8211; ani ich len nenapadlo (doteraz) svojmu u\u010dite\u013eovi protire\u010di\u0165, alebo ho kritizova\u0165.&nbsp;<\/div>\n<div><span class=\"Apple-tab-span\" style=\"white-space:pre\">\t<\/span>V tomto poslednom, m&ocirc;\u017eeme poveda\u0165, \u017ee &quot;predsk&uacute;&scaron;kovom&quot; obdob&iacute; sa to v&scaron;ak akosi za\u010dalo meni\u0165. Najsk&ocirc;r jeden \u017eiak, ktor&yacute; patril medzi najlep&scaron;&iacute;ch (ur\u010dite najakt&iacute;vnej&scaron;&iacute;ch) &#8211; Peter, si dovolil svojmu U\u010dite\u013eovi protire\u010di\u0165, pou\u010dova\u0165 ho a odhov&aacute;ra\u0165 (ke\u010f Majster za\u010dal hovori\u0165 o ceste utrpenia a smrti, ktor&aacute; ho v bl&iacute;zkej dobe \u010dak&aacute;). Potom pri &quot;praktickom cvi\u010den&iacute;&quot;, ke\u010f U\u010dite\u013e ukazoval svojim \u017eiakom, \u010do to znamen&aacute; by\u0165 skuto\u010dn&yacute;m &quot;ministrom&quot; (predstaven&yacute;m, ktor&yacute; sl&uacute;\u017ei) a d&aacute;val im pr&iacute;klad ako to maj&uacute; aj oni medzi sebou robi\u0165 (ke\u010f im um&yacute;val nohy) &#8211; op&auml;\u0165 ten ist&yacute; akt&iacute;vny \u017eiak za\u010dal nemiestne odvr&aacute;va\u0165 a protire\u010di\u0165 svojmu Majstrovi (e&scaron;te\u017ee Ten mal s n&iacute;m obdivuhodne ve\u013ek&uacute; trpezlivos\u0165 a vytrvale ho vyu\u010doval zn&aacute;&scaron;aj&uacute;c jeho &quot;vrtochy&quot;). No a sn&aacute;\u010f vyvrcholen&iacute;m tejto &quot;reb&eacute;lie&quot; (to je trochu siln&eacute; slovo, neodpoved&aacute; celkom skuto\u010dnosti, a\u017e tak&eacute; zl&eacute; to na&scaron;\u0165astie nebolo, no nenapad&aacute; mi tak&yacute; &quot;akur&aacute;tny&quot; v&yacute;raz) bola reakcia u\u010den&iacute;kov &#8211; \u017eiakov na slovo P&aacute;na Je\u017ei&scaron;a &#8211; ich U\u010dite\u013ea a Majstra, ktor&eacute; dokonca podoprel autoritou Sv&auml;t&yacute;ch P&iacute;sem &#8211; proroctvom&#8230; &quot;Vy v&scaron;etci sa pohor&scaron;&iacute;te na mne, lebo je nap&iacute;san&eacute;&#8230;&quot;&nbsp;<\/div>\n<div>Nezastavuje sa n&aacute;m rozum nad t&yacute;m, ke\u010f \u010d&iacute;tame \u010falej, \u017ee \u017eiaci (P&aacute;na Je\u017ei&scaron;a) rezol&uacute;tne nes&uacute;hlasili s tvrden&iacute;m svojho U\u010dite\u013ea, ktor&eacute; navy&scaron;e doplnil samotn&yacute;m P&iacute;smom? Akoby hovorili: &quot;&quot;U\u010dite\u013eu, doteraz sme Ti verili, v&scaron;etky Tvoje slov&aacute; sme brali v&aacute;\u017ene a pova\u017eovali ich za pravdiv&eacute; (aj to, ke\u010f si povedal, \u017ee Ty si pravda&#8230;), ale teraz s Tebou nem&ocirc;\u017eeme s&uacute;hlasi\u0165. Tentoraz sa ur\u010dite m&yacute;li&scaron;, nevieme si to vysvetli\u0165, ale jednoducho tentoraz nem&aacute;&scaron; pravdu!&quot;&quot;&nbsp;<\/div>\n<div>&nbsp; &nbsp; Ke\u010f rozm&yacute;&scaron;\u013eam nad t&yacute;m, ako je to mo\u017en&eacute; (resp. ako to bolo mo\u017en&eacute;), \u017ee k tak&eacute;muto nie\u010domu zo strany u\u010den&iacute;kov &#8211; \u017eiakov P&aacute;na Je\u017ei&scaron;a mohlo d&ocirc;js\u0165, tak mi prich&aacute;dza na um, \u017ee aj na na&scaron;ich z&aacute;kladn&yacute;ch alebo aj vy&scaron;&scaron;&iacute;ch &scaron;kol&aacute;ch tomu tak b&yacute;va, \u017ee \u017eia\u010dikovia (nesk&ocirc;r \u017eiaci, &scaron;tudenti) najsk&ocirc;r s ve\u013ek&yacute;m re&scaron;pektom a &uacute;ctou pozeraj&uacute; na svojich &quot;ve\u013ek&yacute;ch&quot; u\u010dite\u013eov s vedom&iacute;m, \u017ee u\u010ditelia ich svojimi vedomos\u0165ami a sk&uacute;senos\u0165ami \u010faleko prevy&scaron;uj&uacute; a tak im ani nenapadne svojim u\u010dite\u013eom protire\u010di\u0165, alebo spochyb\u0148ova\u0165 ich v&yacute;roky. S prib&uacute;daj&uacute;cimi rokmi (&scaron;t&uacute;dia a veku) sa v&scaron;ak situ&aacute;cia men&iacute; a \u017eiaci a &scaron;tudenti za\u010d&iacute;naj&uacute; by\u0165 ove\u013ea sebavedomej&scaron;&iacute; a vo\u010di svojim pedag&oacute;gom prejavuj&uacute; ove\u013ea viac kritiky a podstatne menej &uacute;cty a re&scaron;pektu (ako na za\u010diatku).<\/div>\n<div><span class=\"Apple-tab-span\" style=\"white-space:pre\">\t<\/span><\/div>\n<div>Mysl&iacute;m teraz na to, \u010di to (\u017eia\u013e) takto nejak nefunguje aj v tej Bo\u017eej &scaron;kole (n&aacute;&scaron;ho kres\u0165ansk&eacute;ho \u017eivota). Mo\u017eno si pam&auml;t&aacute;me obdobia z n&aacute;&scaron;ho \u017eivota, ke\u010f P&aacute;n Boh, P&aacute;n Je\u017ei&scaron;, Biblia &#8211; P&iacute;smo Sv&auml;t&eacute;, boli pre n&aacute;s posv&auml;tn&eacute; pojmy, ktor&eacute; v n&aacute;s vzbudzovali prirodzen&uacute; &uacute;ctu a re&scaron;pekt. Ke\u010f sta\u010dilo poveda\u0165 (alebo uvedomi\u0165 si), \u017ee: P&aacute;n Je\u017ei&scaron; povedal&#8230; alebo v P&iacute;sme Sv&auml;tom je nap&iacute;san&eacute;&#8230; a i&scaron;lo sa pod\u013ea toho. Neb&yacute;va to sn&aacute;\u010f aj pri n&aacute;s tak, \u017ee ke\u010f u\u017e m&aacute;me svoje roky, svoje sk&uacute;senosti, svoje vedomosti, svoje &#8230; tak b&yacute;vame \u010dasto u\u017e tak&iacute; m&uacute;dri, \u017ee aj samotn&eacute;ho n&aacute;&scaron;ho U\u010dite\u013ea a P&aacute;na neberieme a\u017e tak v&aacute;\u017ene a ani Jeho &#8211; Bo\u017eie Slovo? A mo\u017eno niekedy zab&uacute;dame na to, \u017ee ak aj kr&aacute;\u010dame a zotrv&aacute;vame na ceste viery, na ceste za P&aacute;nom Je\u017ei&scaron;om u\u017e dos\u0165 dlho, \u017ee napriek tomu sme a v\u017edy (a\u017e do konca \u017eivota) zostaneme len (a len) u\u010den&iacute;kmi, teda len \u017eiakmi nebesk&eacute;ho Majstra, ktor&iacute; nikdy nebud&uacute; m&ocirc;c\u0165 (&uacute;primne a pravdivo) poveda\u0165, \u017ee u\u017e sa nemaj&uacute; \u010do u\u010di\u0165, \u017ee u\u017e v&scaron;etko vedia. <span class=\"Apple-tab-span\" style=\"white-space:pre\">\t<\/span><span class=\"Apple-tab-span\" style=\"white-space:pre\">\t<\/span><\/div>\n<div><span class=\"Apple-tab-span\" style=\"white-space:pre\">\t<\/span>Ke\u010f P&aacute;n Je\u017ei&scaron; kr&aacute;tko predt&yacute;m pri poslednej ve\u010deri svojim u\u010den&iacute;kom &#8211; \u017eiakom povedal v&aacute;\u017ene slov&aacute;: &quot;Jeden z v&aacute;s ma zrad&iacute;&quot;, tak Jeho &nbsp;\u017eiaci vtedy zareagovali &#8211; mysl&iacute;m si &#8211; ve\u013emi spr&aacute;vne (pod\u013ea m\u0148a &quot;na jednotku&quot;). Mohli zareagova\u0165 r&ocirc;zne, napr. &quot;Kto je t&yacute;m podliakom, Pane, povedz, nech sa vrhneme na neho!&quot; (v&ocirc;bec by som sa nedivil, keby boli takto nejako reagovali). Oni sa v&scaron;ak s b&aacute;z\u0148ou a zdesen&iacute;m p&yacute;taj&uacute; (ka\u017ed&yacute; za seba) &quot;\u010ci som to ja, Majstre?&quot; Akoby sa p&yacute;tali: &quot;&quot;Pane, to ja som ten podliak, ktor&yacute; bude schopn&yacute; tak&eacute; nie\u010do urobi\u0165?&quot;&quot; Ve\u013emi ma fascinuje, ako v tomto pr&iacute;pade ka\u017ed&yacute; z u\u010den&iacute;kov kriticky sk&uacute;ma s&aacute;m seba. Ako by t&yacute;m d&aacute;vali najavo, \u017ee nie s&uacute; si ist&iacute; sami sebou &#8211; \u010do bolo v skuto\u010dnosti aj ve\u013emi realistick&eacute; (a doslova po p&aacute;r hodin&aacute;ch sa aj potvrdilo).&nbsp;<\/div>\n<div><span class=\"Apple-tab-span\" style=\"white-space:pre\">\t<\/span><\/div>\n<div><span class=\"Apple-tab-span\" style=\"white-space:pre\">\t<\/span>Je v&scaron;ak ve\u013emi prekvapiv&eacute;, \u017ee len o kr&aacute;tky \u010das na to, pri v z&aacute;sade podobnom ozname (aj v prvom aj v druhom pr&iacute;pade oznamoval P&aacute;n Je\u017ei&scaron; svojim \u017eiakom, \u017ee v najbli\u017e&scaron;ej dobe ho \u010dakaj&uacute; z ich strany sklamania a zlyhania) u\u017e \u017eiaci reaguj&uacute; &uacute;plne odli&scaron;ne a dovolia si ve\u013emi nemiestne svojmu U\u010dite\u013eovi oponova\u0165 a odvr&aacute;va\u0165. Ako v\u017edy vynikal najm&auml; Peter, ale nezab&uacute;dajme si v&scaron;imn&uacute;\u0165 aj ten z&aacute;ver: &quot;Podobne hovorili v&scaron;etci&quot;.<\/div>\n<div><span class=\"Apple-tab-span\" style=\"white-space:pre\">\t<\/span><\/div>\n<div><span class=\"Apple-tab-span\" style=\"white-space:pre\">\t<\/span>Je teda asi ve\u013emi pozoruhodn&eacute; (a nanajv&yacute;&scaron; pou\u010dn&eacute; a varovn&eacute;), \u017ee v \u017eivote Bo\u017eieho \u013eudu &#8211; spolo\u010denstva t&yacute;ch najbli\u017e&scaron;&iacute;ch okolo P&aacute;na Je\u017ei&scaron;a, kde On bol jednozna\u010dne hlavou &#8211; bolo obdobie, ke\u010f napriek tomu, \u017ee mali P&aacute;na Je\u017ei&scaron;a &#8211; ako Majstra a u\u010dite\u013ea medzi sebou (dokonca fyzicky!), napriek tomu v&scaron;etci, ale skuto\u010dne v&scaron;etci svojmu Majstrovi protire\u010dili a svojim sp&ocirc;sobom tvrdili, \u017ee tentoraz sa m&yacute;li, nehovor&iacute; pravdu a \u017ee dokonca ani P&iacute;smo (na ktor&eacute; sa Majster odvol&aacute;va) nebude zrejme a\u017e tak 100%-ne spo\u013eahliv&eacute; a pravdiv&eacute;(!!!).&nbsp;<\/div>\n<div><span class=\"Apple-tab-span\" style=\"white-space:pre\">\t<\/span><\/div>\n<div><span class=\"Apple-tab-span\" style=\"white-space:pre\">\t<\/span>Nie je to a\u017e smie&scaron;ne? alebo sk&ocirc;r &quot;smutnosmie&scaron;ne&quot; alebo len smutn&eacute;? <span class=\"Apple-tab-span\" style=\"white-space:pre\">\t<\/span>A pripust&iacute;me, \u017ee sa tak&eacute; nie\u010do m&ocirc;\u017ee sta\u0165 aj n&aacute;m (ako jednotlivcom, ale aj ako spolo\u010denstvu, zboru, alebo dokonca cirkvi)? Alebo zareagujeme rovnako ako Peter: &quot;Ak zlyhaj&uacute;, m&yacute;lia sa, sklam&uacute;, zhre&scaron;ia, &#8230; v&scaron;etci ostatn&iacute; (v&scaron;etci t&iacute; druh&iacute;&#8230;) &#8211; ja (alebo my) teda v \u017eiadnom pr&iacute;pade nie!&quot; ???&nbsp;<\/div>\n<div><span class=\"Apple-tab-span\" style=\"white-space:pre\">\t<\/span><\/div>\n<div><span class=\"Apple-tab-span\" style=\"white-space:pre\">\t<\/span>\u010co ma na tomto pr&iacute;behu &#8211; opise tejto udalosti fascinuje, je Bo\u017eia milos\u0165. P&aacute;n Je\u017ei&scaron; tu ozn&aacute;mil &#8211; predpovedal svojim u\u010den&iacute;kom, \u017ee o mal&uacute; chv&iacute;\u013eu, ke\u010f p&ocirc;jde do tuh&eacute;ho, v&scaron;etci sklam&uacute;, zlyhaj&uacute;. Akoby im povedal, teraz v&aacute;s \u010dak&aacute; prv&aacute; v&aacute;\u017enej&scaron;ia sk&uacute;&scaron;ka na z&aacute;ver t&yacute;chto semestrov, ktor&eacute; som s vami str&aacute;vil osobne a na tejto sk&uacute;&scaron;ke v&scaron;etci &quot;pohor&iacute;te&quot; tot&aacute;lne prepadnete (&quot;vylet&iacute;te&quot;).<\/div>\n<div><span class=\"Apple-tab-span\" style=\"white-space:pre\">\t<\/span>\u010co je v&scaron;ak ve\u013emi kr&aacute;sne a povzbudiv&eacute;, \u017ee P&aacute;n Je\u017ei&scaron; nezostal v tejto chv&iacute;li len pri tomto neradostnom kon&scaron;tatovan&iacute;. On pokra\u010duje \u010falej a hovor&iacute; im: &quot;Ale po svojom vzkriesen&iacute;, pred&iacute;dem v&aacute;s do Galiley.&quot; Ako by im zd&ocirc;raz\u0148oval, \u017ee On to s nimi nevzd&aacute;va &#8211; nekon\u010d&iacute; aj ke\u010f oni zlyhaj&uacute;. Chce, aby vedeli, \u017ee bude na nich \u010daka\u0165, \u017ee sa s nimi chce stretn&uacute;\u0165 &#8211; napriek tomu ako biedne sa oni vo\u010di nemu zachovaj&uacute;. Chce, aby so svojim zlyhan&iacute;m ne&scaron;li za nik&yacute;m in&yacute;m (ako Jud&aacute;&scaron; za ve\u013ek\u0148azmi) &#8211; kto by im mohol poveda\u0165 &quot;to je tvoj probl&eacute;m, \u010do n&aacute;s do toho&quot; . Chce aby vedeli, \u017ee tak&yacute;ch ak&iacute; s&uacute; a ak&iacute; bud&uacute; (smutn&iacute; a zronen&iacute; nad svojou slabos\u0165ou a zlyhan&iacute;m, zapret&iacute;m) &#8211; tak&yacute;ch ich bude \u010daka\u0165 a s tak&yacute;mi sa chce stretn&uacute;\u0165 ich trpezliv&yacute; a l&aacute;skav&yacute; U\u010dite\u013e, Majster a P&aacute;n. &nbsp;<\/div>\n<div><span class=\"Apple-tab-span\" style=\"white-space:pre\">\t<\/span><\/div>\n<div><span class=\"Apple-tab-span\" style=\"white-space:pre\">\t<\/span>\u010co sme ochotn&iacute; a \u010do si chceme z tohoto pr&iacute;behu vzia\u0165 pre seba?<\/div>\n","protected":false},"excerpt":{"rendered":"<p>&nbsp; &Uacute;vaha nad textom Marek 14. 27-31. &nbsp; &quot;I povedal im Je\u017ei&scaron;: V&scaron;etci sa pohor&scaron;&iacute;te, lebo je nap&iacute;san&eacute;: Bi\u0165 budem pastiera a rozp\u0155chnu sa ovce. Ale po svojom vzkriesen&iacute; pred&iacute;dem v&aacute;s do Galiley. Odpovedal mu Peter: Ak sa aj v&scaron;etci pohor&scaron;ia, ale ja nie! Je\u017ei&scaron; mu povedal&quot; Veru ti hovor&iacute;m, \u017ee dnes, tejto noci, prv &#8230; <a title=\"\u00davaha nad textom Marek 14. 27-31\" class=\"read-more\" href=\"https:\/\/www.e-anjelik.sk\/index.php\/2012\/03\/30\/uvaha-nad-textom-marek-14-27-31\/\" aria-label=\"Pre\u010d\u00edtajte si viac o \u00davaha nad textom Marek 14. 27-31\">\u010c\u00edta\u0165 viac<\/a><\/p>\n","protected":false},"author":36,"featured_media":0,"comment_status":"open","ping_status":"open","sticky":false,"template":"","format":"standard","meta":{"footnotes":""},"categories":[1],"tags":[],"class_list":["post-4219","post","type-post","status-publish","format-standard","hentry","category-adventna-modlitba"],"_links":{"self":[{"href":"https:\/\/www.e-anjelik.sk\/index.php\/wp-json\/wp\/v2\/posts\/4219","targetHints":{"allow":["GET"]}}],"collection":[{"href":"https:\/\/www.e-anjelik.sk\/index.php\/wp-json\/wp\/v2\/posts"}],"about":[{"href":"https:\/\/www.e-anjelik.sk\/index.php\/wp-json\/wp\/v2\/types\/post"}],"author":[{"embeddable":true,"href":"https:\/\/www.e-anjelik.sk\/index.php\/wp-json\/wp\/v2\/users\/36"}],"replies":[{"embeddable":true,"href":"https:\/\/www.e-anjelik.sk\/index.php\/wp-json\/wp\/v2\/comments?post=4219"}],"version-history":[{"count":0,"href":"https:\/\/www.e-anjelik.sk\/index.php\/wp-json\/wp\/v2\/posts\/4219\/revisions"}],"wp:attachment":[{"href":"https:\/\/www.e-anjelik.sk\/index.php\/wp-json\/wp\/v2\/media?parent=4219"}],"wp:term":[{"taxonomy":"category","embeddable":true,"href":"https:\/\/www.e-anjelik.sk\/index.php\/wp-json\/wp\/v2\/categories?post=4219"},{"taxonomy":"post_tag","embeddable":true,"href":"https:\/\/www.e-anjelik.sk\/index.php\/wp-json\/wp\/v2\/tags?post=4219"}],"curies":[{"name":"wp","href":"https:\/\/api.w.org\/{rel}","templated":true}]}}