{"id":4225,"date":"2012-04-02T05:44:07","date_gmt":"2012-04-02T05:44:07","guid":{"rendered":"http:\/\/e-anjelik.sk\/?p=4225"},"modified":"2012-04-02T05:44:07","modified_gmt":"2012-04-02T05:44:07","slug":"velky-tyzden-v-cz-svaty-jur","status":"publish","type":"post","link":"https:\/\/www.e-anjelik.sk\/index.php\/2012\/04\/02\/velky-tyzden-v-cz-svaty-jur\/","title":{"rendered":"Ve\u013ek\u00fd t\u00fd\u017ede\u0148 v cz Sv\u00e4t\u00fd Jur"},"content":{"rendered":"<p>Predsedn&iacute;ctvo CZ ECAV vo Sv&auml;tom Jure V&aacute;s poz&yacute;va na &uacute;\u010das\u0165 na tieto podujatia vo Ve\u013ekom t&yacute;\u017edni 2012:<\/p>\n<p><strong>Pondelok, utorok , streda a Biela sobota<\/strong> : modlitby v kostole o 18.00 hodine;<\/p>\n<p><strong>Zelen&yacute; &scaron;tvrtok<\/strong>:&nbsp; Slu\u017eby Bo\u017eie s Ve\u010derou P&aacute;novou o 18.00 hodine;<\/p>\n<p><strong>Ve\u013ek&yacute; piatok<\/strong>: Pa&scaron;ie o 9.30 hodine, po nich spove\u010f a VP;<\/p>\n<p><strong>Ve\u013ekono\u010dn&aacute; nede\u013ea:<\/strong> ve\u013ekono\u010dn&aacute;<strong> vig&iacute;lia v kaplnke cintor&iacute;na o 5.00 <\/strong>hodine; Sl&aacute;vnostn&eacute; slu\u017eby Bo\u017eie o 9.30 hodine v kostole;<\/p>\n<p><strong>Ve\u013ekono\u010dn&yacute; pondelok<\/strong>: hlavn&eacute; slu\u017eby Bo\u017eie o 9.30 hodine v kostole.<\/p>\n","protected":false},"excerpt":{"rendered":"<p>Predsedn&iacute;ctvo CZ ECAV vo Sv&auml;tom Jure V&aacute;s poz&yacute;va na &uacute;\u010das\u0165 na tieto podujatia vo Ve\u013ekom t&yacute;\u017edni 2012: Pondelok, utorok , streda a Biela sobota : modlitby v kostole o 18.00 hodine; Zelen&yacute; &scaron;tvrtok:&nbsp; Slu\u017eby Bo\u017eie s Ve\u010derou P&aacute;novou o 18.00 hodine; Ve\u013ek&yacute; piatok: Pa&scaron;ie o 9.30 hodine, po nich spove\u010f a VP; Ve\u013ekono\u010dn&aacute; nede\u013ea: ve\u013ekono\u010dn&aacute; &#8230; <a title=\"Ve\u013ek\u00fd t\u00fd\u017ede\u0148 v cz Sv\u00e4t\u00fd Jur\" class=\"read-more\" href=\"https:\/\/www.e-anjelik.sk\/index.php\/2012\/04\/02\/velky-tyzden-v-cz-svaty-jur\/\" aria-label=\"Pre\u010d\u00edtajte si viac o Ve\u013ek\u00fd t\u00fd\u017ede\u0148 v cz Sv\u00e4t\u00fd Jur\">\u010c\u00edta\u0165 viac<\/a><\/p>\n","protected":false},"author":22,"featured_media":0,"comment_status":"open","ping_status":"open","sticky":false,"template":"","format":"standard","meta":{"footnotes":""},"categories":[53,246,77],"tags":[242,200],"class_list":["post-4225","post","type-post","status-publish","format-standard","hentry","category-post","category-svaty-jur","category-velka-noc","tag-slavnosti","tag-sluzby-bozie"],"_links":{"self":[{"href":"https:\/\/www.e-anjelik.sk\/index.php\/wp-json\/wp\/v2\/posts\/4225","targetHints":{"allow":["GET"]}}],"collection":[{"href":"https:\/\/www.e-anjelik.sk\/index.php\/wp-json\/wp\/v2\/posts"}],"about":[{"href":"https:\/\/www.e-anjelik.sk\/index.php\/wp-json\/wp\/v2\/types\/post"}],"author":[{"embeddable":true,"href":"https:\/\/www.e-anjelik.sk\/index.php\/wp-json\/wp\/v2\/users\/22"}],"replies":[{"embeddable":true,"href":"https:\/\/www.e-anjelik.sk\/index.php\/wp-json\/wp\/v2\/comments?post=4225"}],"version-history":[{"count":0,"href":"https:\/\/www.e-anjelik.sk\/index.php\/wp-json\/wp\/v2\/posts\/4225\/revisions"}],"wp:attachment":[{"href":"https:\/\/www.e-anjelik.sk\/index.php\/wp-json\/wp\/v2\/media?parent=4225"}],"wp:term":[{"taxonomy":"category","embeddable":true,"href":"https:\/\/www.e-anjelik.sk\/index.php\/wp-json\/wp\/v2\/categories?post=4225"},{"taxonomy":"post_tag","embeddable":true,"href":"https:\/\/www.e-anjelik.sk\/index.php\/wp-json\/wp\/v2\/tags?post=4225"}],"curies":[{"name":"wp","href":"https:\/\/api.w.org\/{rel}","templated":true}]}}