{"id":4228,"date":"2012-04-03T07:14:48","date_gmt":"2012-04-03T07:14:48","guid":{"rendered":"http:\/\/e-anjelik.sk\/?p=4228"},"modified":"2012-04-03T07:14:48","modified_gmt":"2012-04-03T07:14:48","slug":"3-april-dufaj-dcera-tvoja-viera-ta-uzdravila","status":"publish","type":"post","link":"https:\/\/www.e-anjelik.sk\/index.php\/2012\/04\/03\/3-april-dufaj-dcera-tvoja-viera-ta-uzdravila\/","title":{"rendered":"3. APR\u00cdL &#8211; D\u00fafaj, dc\u00e9ra, tvoja viera \u0165a uzdravila."},"content":{"rendered":"<p style=\"min-height: 19px; margin: 0px; font: 16px Helvetica\"><span style=\"letter-spacing: 0px\"><b><i>Je\u017ei&scaron; sa obr&aacute;til a ke\u010f ju uvidel, riekol: D&uacute;faj, dc&eacute;ra, tvoja viera \u0165a uzdravila.<\/i><\/b><\/span><\/p>\n<p style=\"min-height: 19px; margin: 0px; font: 16px Helvetica\">&nbsp; &nbsp; &nbsp; &nbsp;<\/p>\n<p style=\"margin: 0px; font: 16px Helvetica\"><span style=\"letter-spacing: 0px\"><b><i>&nbsp; &nbsp; &nbsp; &nbsp; &nbsp; &nbsp; &nbsp; &nbsp; &nbsp; &nbsp; &nbsp; &nbsp; &nbsp; &nbsp; &nbsp; &nbsp; &nbsp; &nbsp; &nbsp; &nbsp; &nbsp; &nbsp; &nbsp; &nbsp; &nbsp; &nbsp; &nbsp; &nbsp; &nbsp; &nbsp; &nbsp; &nbsp; &nbsp; &nbsp; &nbsp; &nbsp; &nbsp; &nbsp; &nbsp; &nbsp; &nbsp; &nbsp; &nbsp; &nbsp; &nbsp; &nbsp; &nbsp; &nbsp; &nbsp; &nbsp; &nbsp; &nbsp; &nbsp; &nbsp; &nbsp; &nbsp; &nbsp; &nbsp; &nbsp; &nbsp;Mat&uacute;&scaron; 9, 22<\/i><\/b><\/span><\/p>\n<p style=\"min-height: 19px; margin: 0px; font: 16px Helvetica\">&nbsp;<\/p>\n<p style=\"min-height: 19px; margin: 0px; font: 16px Helvetica\"><span style=\"letter-spacing: 0px\"><i>H\u013ea, to je &uacute;primn&aacute; viera, ktor&aacute; prizn&aacute;va svoju nehodnos\u0165 a predsa sa t&yacute;m ned&aacute; znechuti\u0165 vo svojej d&ocirc;vere v Krista, ani nepochybuje o Jeho milosti a pomoci, prediera sa cez z&aacute;kon a v&scaron;etko, \u010do ju od Neho chce odstra&scaron;i\u0165, &aacute;no, aj keby jej v tom chcel ce&yacute; svet br&aacute;ni\u0165 a prek&aacute;\u017ea\u0165, predsa len nemieni tohto Mu\u017ea opusti\u0165, k&yacute;m sa Ho nedotkne. Preto prekon&aacute;va prek&aacute;\u017eky a dosahuje, \u010do pri Kristovi h\u013ead&aacute;, a tak \u010doskoro z&iacute;skava silu a \u010din, e&scaron;te sk&ocirc;r ne\u017e zist&iacute;, s k&yacute;m hovor&iacute;.<\/i><\/span><\/p>\n<p style=\"margin: 0px; font: 16px Helvetica\"><span style=\"letter-spacing: 0px\"><i>Lebo to sa mus&iacute; pri tomto Mu\u017eovi splni\u0165, ke\u010f jej Kristus s&aacute;m mus&iacute; da\u0165 znamenie a poveda\u0165: Tvoja viera \u0165a uzdravila. T&uacute;to vieru ocenil Kristus tak, \u017ee nechce, aby zostala skryt&aacute; pri \u017eene, lebo sila a dielo prostredn&iacute;ctvom nej konan&eacute; by zost&aacute;valo uml\u010dan&eacute;, ale mus&iacute; sa sta\u0165&nbsp; ka\u017ed&eacute;mu zjavn&yacute;m, \u010do v jej srdci je, aby napokon viera bola pred cel&yacute;m svetom pochv&aacute;len&aacute; a v nej posilnen&aacute;.<\/i><\/span><\/p>\n<p style=\"min-height: 19px; margin: 0px; font: 16px Helvetica\">&nbsp;<\/p>\n<p style=\"margin: 0px; font: 12px Helvetica\"><span style=\"font: 16px Helvetica; letter-spacing: 0px\"><i>&nbsp; &nbsp; &nbsp; &nbsp; &nbsp; &nbsp; &nbsp; &nbsp; &nbsp; &nbsp; &nbsp; &nbsp; <\/i><\/span><span style=\"letter-spacing: 0px\"><i>&nbsp; &nbsp; &nbsp; &nbsp; &nbsp; &nbsp; &nbsp; &nbsp; &nbsp; &nbsp; &nbsp; &nbsp; &nbsp; &nbsp; &nbsp; &nbsp; &nbsp; &nbsp; &nbsp; &nbsp; &nbsp; &nbsp;&nbsp;Martin Luther: Smerovn&iacute;k kres\u0165anskej cesty<\/i><\/span><\/p>\n","protected":false},"excerpt":{"rendered":"<p>Je\u017ei&scaron; sa obr&aacute;til a ke\u010f ju uvidel, riekol: D&uacute;faj, dc&eacute;ra, tvoja viera \u0165a uzdravila. &nbsp; &nbsp; &nbsp; &nbsp; &nbsp; &nbsp; &nbsp; &nbsp; &nbsp; &nbsp; &nbsp; &nbsp; &nbsp; &nbsp; &nbsp; &nbsp; &nbsp; &nbsp; &nbsp; &nbsp; &nbsp; &nbsp; &nbsp; &nbsp; &nbsp; &nbsp; &nbsp; &nbsp; &nbsp; &nbsp; &nbsp; &nbsp; &nbsp; &nbsp; &nbsp; &nbsp; &nbsp; &nbsp; &nbsp; &nbsp; &nbsp; &#8230; <a title=\"3. APR\u00cdL &#8211; D\u00fafaj, dc\u00e9ra, tvoja viera \u0165a uzdravila.\" class=\"read-more\" href=\"https:\/\/www.e-anjelik.sk\/index.php\/2012\/04\/03\/3-april-dufaj-dcera-tvoja-viera-ta-uzdravila\/\" aria-label=\"Pre\u010d\u00edtajte si viac o 3. APR\u00cdL &#8211; D\u00fafaj, dc\u00e9ra, tvoja viera \u0165a uzdravila.\">\u010c\u00edta\u0165 viac<\/a><\/p>\n","protected":false},"author":4,"featured_media":0,"comment_status":"open","ping_status":"open","sticky":false,"template":"","format":"standard","meta":{"footnotes":""},"categories":[1],"tags":[],"class_list":["post-4228","post","type-post","status-publish","format-standard","hentry","category-adventna-modlitba"],"_links":{"self":[{"href":"https:\/\/www.e-anjelik.sk\/index.php\/wp-json\/wp\/v2\/posts\/4228","targetHints":{"allow":["GET"]}}],"collection":[{"href":"https:\/\/www.e-anjelik.sk\/index.php\/wp-json\/wp\/v2\/posts"}],"about":[{"href":"https:\/\/www.e-anjelik.sk\/index.php\/wp-json\/wp\/v2\/types\/post"}],"author":[{"embeddable":true,"href":"https:\/\/www.e-anjelik.sk\/index.php\/wp-json\/wp\/v2\/users\/4"}],"replies":[{"embeddable":true,"href":"https:\/\/www.e-anjelik.sk\/index.php\/wp-json\/wp\/v2\/comments?post=4228"}],"version-history":[{"count":0,"href":"https:\/\/www.e-anjelik.sk\/index.php\/wp-json\/wp\/v2\/posts\/4228\/revisions"}],"wp:attachment":[{"href":"https:\/\/www.e-anjelik.sk\/index.php\/wp-json\/wp\/v2\/media?parent=4228"}],"wp:term":[{"taxonomy":"category","embeddable":true,"href":"https:\/\/www.e-anjelik.sk\/index.php\/wp-json\/wp\/v2\/categories?post=4228"},{"taxonomy":"post_tag","embeddable":true,"href":"https:\/\/www.e-anjelik.sk\/index.php\/wp-json\/wp\/v2\/tags?post=4228"}],"curies":[{"name":"wp","href":"https:\/\/api.w.org\/{rel}","templated":true}]}}