{"id":4245,"date":"2012-04-10T15:45:15","date_gmt":"2012-04-10T15:45:15","guid":{"rendered":"http:\/\/e-anjelik.sk\/?p=4245"},"modified":"2012-04-10T15:45:15","modified_gmt":"2012-04-10T15:45:15","slug":"10-april","status":"publish","type":"post","link":"https:\/\/www.e-anjelik.sk\/index.php\/2012\/04\/10\/10-april\/","title":{"rendered":"10. APR\u00cdL"},"content":{"rendered":"<p>&nbsp;<span class=\"Apple-style-span\" style=\"font-family: Helvetica; font-size: 16px; line-height: normal; \">&nbsp; &nbsp; &nbsp; &nbsp; &nbsp; &nbsp; &nbsp; &nbsp; &nbsp; &nbsp; &nbsp; &nbsp; &nbsp; &nbsp; &nbsp; &nbsp; &nbsp; &nbsp; &nbsp; &nbsp; &nbsp; &nbsp; &nbsp; &nbsp; &nbsp; &nbsp; &nbsp; &nbsp;10. APR&Iacute;L<\/span><\/p>\n<p style=\"margin: 0.0px 0.0px 0.0px 0.0px; font: 16.0px Helvetica; min-height: 19.0px\">&nbsp;<\/p>\n<p style=\"margin: 0.0px 0.0px 0.0px 0.0px; font: 16.0px Helvetica\"><span style=\"letter-spacing: 0.0px\"><b><i>Odovzdal som v&aacute;m toti\u017e predov&scaron;etk&yacute;m, \u010do som aj s&aacute;m prijal, \u017ee Kristus umrel pre na&scaron;e hriechy Pod\u013ea P&iacute;sem a bol pochovan&yacute; a v tret&iacute; de\u0148 bol vzkriesen&yacute; pod\u013ea P&iacute;sem.<\/i><\/b><\/span><\/p>\n<p style=\"margin: 0.0px 0.0px 0.0px 0.0px; font: 16.0px Helvetica; min-height: 19.0px\">&nbsp;<\/p>\n<p style=\"margin: 0.0px 0.0px 0.0px 0.0px; font: 16.0px Helvetica\"><span style=\"letter-spacing: 0.0px\"><i>&nbsp; &nbsp; &nbsp; &nbsp; &nbsp; &nbsp; &nbsp; &nbsp; &nbsp; &nbsp; &nbsp; &nbsp; &nbsp; &nbsp; &nbsp; &nbsp; &nbsp; &nbsp; &nbsp; &nbsp; &nbsp; &nbsp; &nbsp; &nbsp; &nbsp; &nbsp; &nbsp; &nbsp; &nbsp; &nbsp; &nbsp; &nbsp; &nbsp; &nbsp; &nbsp; &nbsp; &nbsp; &nbsp; &nbsp; &nbsp; &nbsp; &nbsp; &nbsp; &nbsp; &nbsp; &nbsp; &nbsp; &nbsp; &nbsp; &nbsp; &nbsp; &nbsp; &nbsp; &nbsp; &nbsp; &nbsp; &nbsp; &nbsp; &nbsp; &nbsp; &nbsp; &nbsp; &nbsp; &nbsp; &nbsp; &nbsp; &nbsp; &nbsp; &nbsp; &nbsp; &nbsp;&nbsp;Korintstk&yacute;m 15, 3-4<\/i><\/span><\/p>\n<p style=\"margin: 0.0px 0.0px 0.0px 0.0px; font: 16.0px Helvetica; min-height: 19.0px\">&nbsp;<\/p>\n<p style=\"margin: 0.0px 0.0px 0.0px 0.0px; font: 16.0px Helvetica\"><span style=\"letter-spacing: 0.0px\"><i>&nbsp;&nbsp; &nbsp; Tu po\u010duje&scaron;, \u017ee Pavel uv&aacute;dza P&iacute;smo ako svoje najd&ocirc;le\u017eitej&scaron;ie svedectvo a ukazuje, \u017ee ni\u010d nie je tak&eacute; d&ocirc;le\u017eit&eacute;, \u010do by na&scaron;u vieru a u\u010denie upev\u0148ovalo, ne\u017e \u010disto pod&aacute;van&eacute; alebo nap&iacute;san&eacute; Slovo, p&iacute;smenami zachyten&eacute; a n&iacute;m alebo in&yacute;mi &uacute;stne zvestovan&eacute;. Lebo to je tu jasn&eacute;: P&iacute;smo, P&iacute;smo.&nbsp;<\/i><\/span><\/p>\n<p style=\"margin: 0.0px 0.0px 0.0px 0.0px; font: 16.0px Helvetica\"><span style=\"letter-spacing: 0.0px\"><i>P&iacute;smo v&scaron;ak nie je \u010d&iacute;ry Duch, odkia\u013e by vyvieralo (ako sa n&aacute;s sna\u017eia bludne pou\u010dova\u0165 nepriatelia) ;&nbsp; Duch tu mus&iacute; p&ocirc;sobi\u0165, in&aacute;\u010d P&iacute;smo zost&aacute;va m\u0155tvou literou a nem&ocirc;\u017ee da\u0165 \u017eivot.&nbsp;<\/i><\/span><\/p>\n<p style=\"margin: 0.0px 0.0px 0.0px 0.0px; font: 16.0px Helvetica\"><span style=\"letter-spacing: 0.0px\"><i>Nevychva\u013euj sa v&scaron;ak ve\u013emi Duchom, ak nem&aacute;&scaron; vonkaj&scaron;ie zjaven&eacute; slovo, lebo nemusel by to by\u0165 len duch dobr&yacute;, ale tr&aacute;pny diabol z pekla. Lebo Duch Sv&auml;t&yacute; m&aacute; svoju m&uacute;dros\u0165 a radu a v&scaron;etky tajomstv&aacute; v Slove obsiahnut&eacute; a v P&iacute;sme zjaven&eacute;, tak\u017ee nikto ospravedl\u0148ova\u0165, ani nie\u010do in&eacute; h\u013eada\u0165 a sk&uacute;ma\u0165 nem&aacute;.<\/i><\/span><\/p>\n<p style=\"margin: 0.0px 0.0px 0.0px 0.0px; font: 16.0px Helvetica\"><span style=\"letter-spacing: 0.0px\"><i>&nbsp; &nbsp; Niet veru ni\u010d vy&scaron;&scaron;ie a lep&scaron;ie na u\u010denie a spoznanie ako to, \u010do P&iacute;smo u\u010d&iacute; o Je\u017ei&scaron;ovi Kristovi, Bo\u017eom Synovi, na&scaron;om Spasite\u013eovi, \u017ee toti\u017e On za n&aacute;s umrel a pr en&aacute;s z m\u0155tvych vstal.<\/i><\/span><\/p>\n<p style=\"margin: 0.0px 0.0px 0.0px 0.0px; font: 16.0px Helvetica; min-height: 19.0px\">&nbsp;<\/p>\n<p style=\"margin: 0.0px 0.0px 0.0px 0.0px; font: 12.0px Helvetica\"><span style=\"font: 16.0px Helvetica; letter-spacing: 0.0px\"><i>&nbsp; &nbsp; &nbsp; &nbsp; &nbsp; &nbsp; &nbsp; &nbsp; &nbsp; &nbsp; <\/i><\/span><span style=\"letter-spacing: 0.0px\"><i>&nbsp; &nbsp; &nbsp; &nbsp; &nbsp; &nbsp; &nbsp; &nbsp; &nbsp; &nbsp; &nbsp; &nbsp; &nbsp; &nbsp; &nbsp; &nbsp; &nbsp; &nbsp; &nbsp; &nbsp; &nbsp; &nbsp; &nbsp;&nbsp;Martin Luther: Smerovn&iacute;k kres\u0165anskej cesty<\/i><\/span><\/p>\n<div><span style=\"letter-spacing: 0.0px\"><i><br \/>\n<\/i><\/span><\/div>\n","protected":false},"excerpt":{"rendered":"<p>&nbsp;&nbsp; &nbsp; &nbsp; &nbsp; &nbsp; &nbsp; &nbsp; &nbsp; &nbsp; &nbsp; &nbsp; &nbsp; &nbsp; &nbsp; &nbsp; &nbsp; &nbsp; &nbsp; &nbsp; &nbsp; &nbsp; &nbsp; &nbsp; &nbsp; &nbsp; &nbsp; &nbsp; &nbsp;10. APR&Iacute;L &nbsp; Odovzdal som v&aacute;m toti\u017e predov&scaron;etk&yacute;m, \u010do som aj s&aacute;m prijal, \u017ee Kristus umrel pre na&scaron;e hriechy Pod\u013ea P&iacute;sem a bol pochovan&yacute; a v tret&iacute; de\u0148 &#8230; <a title=\"10. APR\u00cdL\" class=\"read-more\" href=\"https:\/\/www.e-anjelik.sk\/index.php\/2012\/04\/10\/10-april\/\" aria-label=\"Pre\u010d\u00edtajte si viac o 10. APR\u00cdL\">\u010c\u00edta\u0165 viac<\/a><\/p>\n","protected":false},"author":4,"featured_media":0,"comment_status":"open","ping_status":"open","sticky":false,"template":"","format":"standard","meta":{"footnotes":""},"categories":[1],"tags":[],"class_list":["post-4245","post","type-post","status-publish","format-standard","hentry","category-adventna-modlitba"],"_links":{"self":[{"href":"https:\/\/www.e-anjelik.sk\/index.php\/wp-json\/wp\/v2\/posts\/4245","targetHints":{"allow":["GET"]}}],"collection":[{"href":"https:\/\/www.e-anjelik.sk\/index.php\/wp-json\/wp\/v2\/posts"}],"about":[{"href":"https:\/\/www.e-anjelik.sk\/index.php\/wp-json\/wp\/v2\/types\/post"}],"author":[{"embeddable":true,"href":"https:\/\/www.e-anjelik.sk\/index.php\/wp-json\/wp\/v2\/users\/4"}],"replies":[{"embeddable":true,"href":"https:\/\/www.e-anjelik.sk\/index.php\/wp-json\/wp\/v2\/comments?post=4245"}],"version-history":[{"count":0,"href":"https:\/\/www.e-anjelik.sk\/index.php\/wp-json\/wp\/v2\/posts\/4245\/revisions"}],"wp:attachment":[{"href":"https:\/\/www.e-anjelik.sk\/index.php\/wp-json\/wp\/v2\/media?parent=4245"}],"wp:term":[{"taxonomy":"category","embeddable":true,"href":"https:\/\/www.e-anjelik.sk\/index.php\/wp-json\/wp\/v2\/categories?post=4245"},{"taxonomy":"post_tag","embeddable":true,"href":"https:\/\/www.e-anjelik.sk\/index.php\/wp-json\/wp\/v2\/tags?post=4245"}],"curies":[{"name":"wp","href":"https:\/\/api.w.org\/{rel}","templated":true}]}}