{"id":4264,"date":"2012-04-16T10:46:35","date_gmt":"2012-04-16T10:46:35","guid":{"rendered":"http:\/\/e-anjelik.sk\/?p=4264"},"modified":"2012-04-16T10:46:35","modified_gmt":"2012-04-16T10:46:35","slug":"zasadnutie-synody-evanjelickej-a-v-cirkvi-v-polsku","status":"publish","type":"post","link":"https:\/\/www.e-anjelik.sk\/index.php\/2012\/04\/16\/zasadnutie-synody-evanjelickej-a-v-cirkvi-v-polsku\/","title":{"rendered":"Zasadnutie synody Evanjelickej a.v. cirkvi v Po\u013esku"},"content":{"rendered":"<p>V sobotu 14. apr&iacute;la 2012 sa v &uacute;stred&iacute; cirkvi vo Var&scaron;ave za\u010dal prev&aacute; &#8211; jarn&aacute; \u010das\u0165 synody Evanjelickej -augsburskej cirkvi v PR. Na programe boli spr&aacute;vy predsedu synody, biskupa cirkvi a vo\u013eby. V nich deleg&aacute;ti synody za nov&eacute;ho predsedu synody z dvoch kandid&aacute;tov zvolili 42-ro\u010dn&eacute;ho riadite\u013ea Misijn&eacute;ho a evanjeliza\u010dn&eacute;ho strediska v Dziengielove,far&aacute;ra Gregorza Giemzu. Z&iacute;skal 32 hlasov, k&yacute;m protikandid&aacute;t , far&aacute;r Marek Uglorz 27 hlasov. Deleg&aacute;ti zvolili aj &scaron;tyroch \u010dlenov synodnej rady, dvoch za ordinovan&yacute;ch a dvoch za neordinovan&yacute;ch, ako aj po jednom z&aacute;stupcovi synodnej rady za ka\u017ed&yacute; stav. V nede\u013eu 15. apr&iacute;la 2012 sa konali slu\u017eby Bo\u017eie v chr&aacute;me sv. Trojice, na ktor&yacute;ch slovo Bo\u017eie zvestoval a do &uacute;radu zvolen&yacute;ch funkcion&aacute;rov uviedol biskup cirkvi J.Samiec. S&uacute;\u010das\u0165ou bohoslu\u017eby bola aj Ve\u010dera P&aacute;nova.<\/p>\n<p>Funkcion&aacute;ri boli zvolen&iacute; na obdobie piatich rokov. EAC v PR m&aacute; 70 tis&iacute;c \u010dlenov a 156 akt&iacute;vnych duchovn&yacute;ch &#8211; iba mu\u017eov.<\/p>\n<p>(<a href=\"http:\/\/www.luteranie.pl\">www.luteranie.pl<\/a>)<\/p>\n","protected":false},"excerpt":{"rendered":"<p>V sobotu 14. apr&iacute;la 2012 sa v &uacute;stred&iacute; cirkvi vo Var&scaron;ave za\u010dal prev&aacute; &#8211; jarn&aacute; \u010das\u0165 synody Evanjelickej -augsburskej cirkvi v PR. Na programe boli spr&aacute;vy predsedu synody, biskupa cirkvi a vo\u013eby. V nich deleg&aacute;ti synody za nov&eacute;ho predsedu synody z dvoch kandid&aacute;tov zvolili 42-ro\u010dn&eacute;ho riadite\u013ea Misijn&eacute;ho a evanjeliza\u010dn&eacute;ho strediska v Dziengielove,far&aacute;ra Gregorza Giemzu. Z&iacute;skal &#8230; <a title=\"Zasadnutie synody Evanjelickej a.v. cirkvi v Po\u013esku\" class=\"read-more\" href=\"https:\/\/www.e-anjelik.sk\/index.php\/2012\/04\/16\/zasadnutie-synody-evanjelickej-a-v-cirkvi-v-polsku\/\" aria-label=\"Pre\u010d\u00edtajte si viac o Zasadnutie synody Evanjelickej a.v. cirkvi v Po\u013esku\">\u010c\u00edta\u0165 viac<\/a><\/p>\n","protected":false},"author":22,"featured_media":0,"comment_status":"open","ping_status":"open","sticky":false,"template":"","format":"standard","meta":{"footnotes":""},"categories":[9,10],"tags":[],"class_list":["post-4264","post","type-post","status-publish","format-standard","hentry","category-europa","category-zo-sveta"],"_links":{"self":[{"href":"https:\/\/www.e-anjelik.sk\/index.php\/wp-json\/wp\/v2\/posts\/4264","targetHints":{"allow":["GET"]}}],"collection":[{"href":"https:\/\/www.e-anjelik.sk\/index.php\/wp-json\/wp\/v2\/posts"}],"about":[{"href":"https:\/\/www.e-anjelik.sk\/index.php\/wp-json\/wp\/v2\/types\/post"}],"author":[{"embeddable":true,"href":"https:\/\/www.e-anjelik.sk\/index.php\/wp-json\/wp\/v2\/users\/22"}],"replies":[{"embeddable":true,"href":"https:\/\/www.e-anjelik.sk\/index.php\/wp-json\/wp\/v2\/comments?post=4264"}],"version-history":[{"count":0,"href":"https:\/\/www.e-anjelik.sk\/index.php\/wp-json\/wp\/v2\/posts\/4264\/revisions"}],"wp:attachment":[{"href":"https:\/\/www.e-anjelik.sk\/index.php\/wp-json\/wp\/v2\/media?parent=4264"}],"wp:term":[{"taxonomy":"category","embeddable":true,"href":"https:\/\/www.e-anjelik.sk\/index.php\/wp-json\/wp\/v2\/categories?post=4264"},{"taxonomy":"post_tag","embeddable":true,"href":"https:\/\/www.e-anjelik.sk\/index.php\/wp-json\/wp\/v2\/tags?post=4264"}],"curies":[{"name":"wp","href":"https:\/\/api.w.org\/{rel}","templated":true}]}}