{"id":4265,"date":"2012-04-17T08:36:22","date_gmt":"2012-04-17T08:36:22","guid":{"rendered":"http:\/\/e-anjelik.sk\/?p=4265"},"modified":"2012-04-17T08:36:22","modified_gmt":"2012-04-17T08:36:22","slug":"8-cirkevne-dni-selk","status":"publish","type":"post","link":"https:\/\/www.e-anjelik.sk\/index.php\/2012\/04\/17\/8-cirkevne-dni-selk\/","title":{"rendered":"8.Cirkevn\u00e9 dni SELK"},"content":{"rendered":"<p>V priestoroch cirkevn&eacute;ho zboru SELK Betlehem v Hannoveri sa 14. apr&iacute;la t.r. zi&scaron;iel pr&iacute;pravn&yacute; v&yacute;bor 8. Cirkevn&yacute;ch dn&iacute; pod veden&iacute;m Steffena Wilde. Sl&aacute;vnosti a bud&uacute; kona\u0165 18.- 20. m&aacute;ja 2012 v Kongresovom centre v Hannoveri . Doteraz je u\u017e prihl&aacute;sen&yacute;ch 700 trval&yacute;ch &uacute;\u010dastn&iacute;kov&nbsp;.Na programe Cirkevn&yacute;ch dn&iacute; je rozoberanie t&eacute;my festivalu &quot;Je\u017ei&scaron; zastal&#8230;&quot;&nbsp;z Luk&aacute;&scaron;ovho evanjelia o uzdraven&iacute; slepca, biblick&eacute; pr&aacute;ce, pastoriz&aacute;cia na festivale, hudobn&eacute; podujatia, detsk&eacute; a ml&aacute;de\u017en&iacute;cke programy, trh mo\u017enost&iacute;.<\/p>\n<p>(<a href=\"http:\/\/www.selk.de\">www.selk.de<\/a>)<\/p>\n","protected":false},"excerpt":{"rendered":"<p>V priestoroch cirkevn&eacute;ho zboru SELK Betlehem v Hannoveri sa 14. apr&iacute;la t.r. zi&scaron;iel pr&iacute;pravn&yacute; v&yacute;bor 8. Cirkevn&yacute;ch dn&iacute; pod veden&iacute;m Steffena Wilde. Sl&aacute;vnosti a bud&uacute; kona\u0165 18.- 20. m&aacute;ja 2012 v Kongresovom centre v Hannoveri . Doteraz je u\u017e prihl&aacute;sen&yacute;ch 700 trval&yacute;ch &uacute;\u010dastn&iacute;kov&nbsp;.Na programe Cirkevn&yacute;ch dn&iacute; je rozoberanie t&eacute;my festivalu &quot;Je\u017ei&scaron; zastal&#8230;&quot;&nbsp;z Luk&aacute;&scaron;ovho evanjelia o &#8230; <a title=\"8.Cirkevn\u00e9 dni SELK\" class=\"read-more\" href=\"https:\/\/www.e-anjelik.sk\/index.php\/2012\/04\/17\/8-cirkevne-dni-selk\/\" aria-label=\"Pre\u010d\u00edtajte si viac o 8.Cirkevn\u00e9 dni SELK\">\u010c\u00edta\u0165 viac<\/a><\/p>\n","protected":false},"author":22,"featured_media":0,"comment_status":"open","ping_status":"open","sticky":false,"template":"","format":"standard","meta":{"footnotes":""},"categories":[1],"tags":[242],"class_list":["post-4265","post","type-post","status-publish","format-standard","hentry","category-adventna-modlitba","tag-slavnosti"],"_links":{"self":[{"href":"https:\/\/www.e-anjelik.sk\/index.php\/wp-json\/wp\/v2\/posts\/4265","targetHints":{"allow":["GET"]}}],"collection":[{"href":"https:\/\/www.e-anjelik.sk\/index.php\/wp-json\/wp\/v2\/posts"}],"about":[{"href":"https:\/\/www.e-anjelik.sk\/index.php\/wp-json\/wp\/v2\/types\/post"}],"author":[{"embeddable":true,"href":"https:\/\/www.e-anjelik.sk\/index.php\/wp-json\/wp\/v2\/users\/22"}],"replies":[{"embeddable":true,"href":"https:\/\/www.e-anjelik.sk\/index.php\/wp-json\/wp\/v2\/comments?post=4265"}],"version-history":[{"count":0,"href":"https:\/\/www.e-anjelik.sk\/index.php\/wp-json\/wp\/v2\/posts\/4265\/revisions"}],"wp:attachment":[{"href":"https:\/\/www.e-anjelik.sk\/index.php\/wp-json\/wp\/v2\/media?parent=4265"}],"wp:term":[{"taxonomy":"category","embeddable":true,"href":"https:\/\/www.e-anjelik.sk\/index.php\/wp-json\/wp\/v2\/categories?post=4265"},{"taxonomy":"post_tag","embeddable":true,"href":"https:\/\/www.e-anjelik.sk\/index.php\/wp-json\/wp\/v2\/tags?post=4265"}],"curies":[{"name":"wp","href":"https:\/\/api.w.org\/{rel}","templated":true}]}}