{"id":4267,"date":"2012-04-18T18:32:22","date_gmt":"2012-04-18T18:32:22","guid":{"rendered":"http:\/\/e-anjelik.sk\/?p=4267"},"modified":"2012-04-18T18:32:22","modified_gmt":"2012-04-18T18:32:22","slug":"18-april","status":"publish","type":"post","link":"https:\/\/www.e-anjelik.sk\/index.php\/2012\/04\/18\/18-april\/","title":{"rendered":"18. APR\u00cdL"},"content":{"rendered":"<p>&nbsp;<span class=\"Apple-style-span\" style=\"font-family: Helvetica; font-size: 16px; line-height: normal; \">&nbsp; &nbsp; &nbsp; &nbsp; &nbsp; &nbsp; &nbsp; &nbsp; &nbsp; &nbsp; &nbsp; &nbsp; &nbsp; &nbsp; &nbsp; &nbsp; &nbsp; &nbsp; &nbsp; &nbsp; &nbsp; &nbsp; &nbsp; &nbsp; &nbsp; &nbsp; &nbsp; &nbsp;18. APR&Iacute;L<\/span><\/p>\n<p style=\"margin: 0.0px 0.0px 0.0px 0.0px; font: 16.0px Helvetica; min-height: 19.0px\">&nbsp;<\/p>\n<p style=\"margin: 0.0px 0.0px 0.0px 0.0px; font: 16.0px Helvetica; min-height: 19.0px\">&nbsp;<\/p>\n<p style=\"margin: 0.0px 0.0px 0.0px 0.0px; font: 16.0px Helvetica\"><span style=\"letter-spacing: 0.0px\"><b><i>Chystajte pl&aacute;n, ale bude zmaren&yacute;; povedzte nie\u010do, ale neuskuto\u010dn&iacute; sa to, lebo&nbsp; Boh je s nami.<\/i><\/b><\/span><\/p>\n<p style=\"margin: 0.0px 0.0px 0.0px 0.0px; font: 16.0px Helvetica; min-height: 19.0px\">&nbsp;<\/p>\n<p style=\"margin: 0.0px 0.0px 0.0px 0.0px; font: 16.0px Helvetica\"><span style=\"letter-spacing: 0.0px\"><b><i>&nbsp; &nbsp; &nbsp; <\/i><\/b><i>&nbsp; &nbsp; &nbsp; &nbsp; &nbsp; &nbsp; &nbsp; &nbsp; &nbsp; &nbsp; &nbsp; &nbsp; &nbsp; &nbsp; &nbsp; &nbsp; &nbsp; &nbsp; &nbsp; &nbsp; &nbsp; &nbsp; &nbsp; &nbsp; &nbsp; &nbsp; &nbsp; &nbsp; &nbsp; &nbsp; &nbsp; &nbsp; &nbsp; &nbsp; &nbsp; &nbsp; &nbsp; &nbsp; &nbsp; &nbsp; &nbsp; &nbsp; &nbsp; &nbsp; &nbsp; &nbsp; &nbsp; &nbsp; &nbsp; &nbsp; &nbsp; &nbsp; &nbsp; &nbsp; &nbsp; &nbsp; &nbsp; &nbsp; &nbsp; &nbsp; &nbsp; &nbsp; &nbsp; &nbsp; &nbsp; &nbsp; &nbsp; &nbsp; &nbsp; &nbsp; &nbsp; &nbsp; &nbsp; &nbsp; &nbsp;Izai&aacute;&scaron; 8,10<\/i><\/span><\/p>\n<p style=\"margin: 0.0px 0.0px 0.0px 0.0px; font: 16.0px Helvetica; min-height: 19.0px\">&nbsp;<\/p>\n<p style=\"margin: 0.0px 0.0px 0.0px 0.0px; font: 16.0px Helvetica\"><span style=\"letter-spacing: 0.0px\"><i>&nbsp;&nbsp; &nbsp; Zav&scaron;e sa vyn&aacute;raj&uacute; st\u013apy kr&aacute;\u013eovstva a knie\u017eatstva, \u010do by chceli&nbsp; siaha\u0165 a\u017e do neba, kde by chceli Bohu nanucova\u0165 svoju m&uacute;dros\u0165. Niet tu nikoho,&nbsp; kto by sa modlieval a h\u013eadal radu a pomoc u Boha.<\/i><\/span><\/p>\n<p style=\"margin: 0.0px 0.0px 0.0px 0.0px; font: 16.0px Helvetica\"><span style=\"letter-spacing: 0.0px\"><i>Lebo s&uacute; to bu\u010f tak&iacute; bezbo\u017en&eacute; \u013eudia, \u017ee svojmu svedomiu u\u017e nedovo\u013euj&uacute; modli\u0165 sa, ani vola\u0165 k Bohu, lebo s&uacute; vo svojej m&uacute;drosti tak&iacute; ist&iacute; a bezpe\u010dn&iacute;, a aj in&aacute;\u010d si tak po\u010d&iacute;naj&uacute;, \u017ee s poh\u0155dan&iacute;m Na\u0148ho zab&uacute;daj&uacute;, tv&aacute;riac sa akoby na to u\u017e neboli odk&aacute;zan&iacute;.&nbsp;<\/i><\/span><\/p>\n<p style=\"margin: 0.0px 0.0px 0.0px 0.0px; font: 16.0px Helvetica\"><span style=\"letter-spacing: 0.0px\"><i>Alebo si navykli in&aacute;\u010d si poradi\u0165 a tak ustrnuli vo svojej nevere. Nu\u017e, mus&iacute; teda&nbsp; n&aacute;&scaron; P&aacute;n Boh chv&iacute;\u013eami na v&yacute;sosti ne\u010dinne posed&aacute;va\u0165 a nesmie do umnej rady tak&yacute;chto \u013eud&iacute; vstupova\u0165;&nbsp; rad&iacute; sa so svoj&iacute;m archanjelom Gabrielom a hovor&iacute;: Mil&yacute;, \u010do robievaj&uacute; t&iacute; m&uacute;dri \u013eudia vo svojich poradn&yacute;ch kom&ocirc;rkach, \u017ee n&aacute;s tie\u017e do svojej rady nepoz&yacute;vaj&uacute;?<\/i><\/span><\/p>\n<p style=\"margin: 0.0px 0.0px 0.0px 0.0px; font: 16.0px Helvetica\"><span style=\"letter-spacing: 0.0px\"><i>Mil&yacute; Gabriel, cho\u010f \u017ee tam a vezmi si Izai&aacute;&scaron;a so sebou a pre\u010d&iacute;taj im nejak&uacute; t&uacute; nebesk&uacute; lekciu&nbsp; pod oknom a hovor: H\u013eadiacimi o\u010dami nevid&iacute;te, po\u010d&uacute;vaj&uacute;cimi u&scaron;ami nepo\u010dujete, rozumn&yacute;m srdcom ni\u010d nech&aacute;pete. Rozhodujte, ale nebude z toho ni\u010d, ra\u010fte sa, ale bezv&yacute;sledne, lebo moje je oboje, rada i \u010din.<\/i><\/span><\/p>\n<p style=\"margin: 0.0px 0.0px 0.0px 0.0px; font: 16.0px Helvetica; min-height: 19.0px\">&nbsp;<\/p>\n<p style=\"margin: 0.0px 0.0px 0.0px 0.0px; font: 12.0px Helvetica\"><span style=\"font: 16.0px Helvetica; letter-spacing: 0.0px\"><i>&nbsp; &nbsp; &nbsp; &nbsp; &nbsp; &nbsp; &nbsp; <\/i><\/span><span style=\"letter-spacing: 0.0px\"><i>&nbsp; &nbsp; &nbsp; &nbsp; &nbsp; &nbsp; &nbsp; &nbsp; &nbsp; &nbsp; &nbsp; &nbsp; &nbsp; &nbsp; &nbsp; &nbsp; &nbsp; &nbsp; &nbsp; &nbsp; &nbsp; &nbsp; &nbsp; &nbsp; &nbsp; &nbsp; &nbsp; &nbsp;&nbsp;Martin Luther: Smerovn&iacute;k kres\u0165anskej cesty<\/i><\/span><\/p>\n<p style=\"margin: 0.0px 0.0px 0.0px 0.0px; font: 12.0px Helvetica; min-height: 14.0px\">&nbsp;<\/p>\n<p style=\"margin: 0.0px 0.0px 0.0px 0.0px; font: 16.0px Helvetica; min-height: 19.0px\"><span style=\"letter-spacing: 0.0px\"><i>&nbsp; &nbsp; &nbsp; &nbsp; &nbsp; &nbsp; &nbsp; &nbsp; &nbsp; &nbsp; &nbsp; &nbsp; &nbsp; &nbsp; &nbsp; &nbsp; &nbsp; &nbsp; &nbsp; &nbsp; &nbsp; &nbsp; &nbsp; &nbsp; &nbsp; &nbsp; &nbsp; &nbsp; &nbsp; &nbsp; &nbsp; &nbsp; &nbsp; &nbsp; &nbsp; &nbsp;<\/i><\/span><\/p>\n","protected":false},"excerpt":{"rendered":"<p>&nbsp;&nbsp; &nbsp; &nbsp; &nbsp; &nbsp; &nbsp; &nbsp; &nbsp; &nbsp; &nbsp; &nbsp; &nbsp; &nbsp; &nbsp; &nbsp; &nbsp; &nbsp; &nbsp; &nbsp; &nbsp; &nbsp; &nbsp; &nbsp; &nbsp; &nbsp; &nbsp; &nbsp; &nbsp;18. APR&Iacute;L &nbsp; &nbsp; Chystajte pl&aacute;n, ale bude zmaren&yacute;; povedzte nie\u010do, ale neuskuto\u010dn&iacute; sa to, lebo&nbsp; Boh je s nami. &nbsp; &nbsp; &nbsp; &nbsp; &nbsp; &nbsp; &nbsp; &nbsp; &#8230; <a title=\"18. APR\u00cdL\" class=\"read-more\" href=\"https:\/\/www.e-anjelik.sk\/index.php\/2012\/04\/18\/18-april\/\" aria-label=\"Pre\u010d\u00edtajte si viac o 18. APR\u00cdL\">\u010c\u00edta\u0165 viac<\/a><\/p>\n","protected":false},"author":4,"featured_media":0,"comment_status":"open","ping_status":"open","sticky":false,"template":"","format":"standard","meta":{"footnotes":""},"categories":[1],"tags":[],"class_list":["post-4267","post","type-post","status-publish","format-standard","hentry","category-adventna-modlitba"],"_links":{"self":[{"href":"https:\/\/www.e-anjelik.sk\/index.php\/wp-json\/wp\/v2\/posts\/4267","targetHints":{"allow":["GET"]}}],"collection":[{"href":"https:\/\/www.e-anjelik.sk\/index.php\/wp-json\/wp\/v2\/posts"}],"about":[{"href":"https:\/\/www.e-anjelik.sk\/index.php\/wp-json\/wp\/v2\/types\/post"}],"author":[{"embeddable":true,"href":"https:\/\/www.e-anjelik.sk\/index.php\/wp-json\/wp\/v2\/users\/4"}],"replies":[{"embeddable":true,"href":"https:\/\/www.e-anjelik.sk\/index.php\/wp-json\/wp\/v2\/comments?post=4267"}],"version-history":[{"count":0,"href":"https:\/\/www.e-anjelik.sk\/index.php\/wp-json\/wp\/v2\/posts\/4267\/revisions"}],"wp:attachment":[{"href":"https:\/\/www.e-anjelik.sk\/index.php\/wp-json\/wp\/v2\/media?parent=4267"}],"wp:term":[{"taxonomy":"category","embeddable":true,"href":"https:\/\/www.e-anjelik.sk\/index.php\/wp-json\/wp\/v2\/categories?post=4267"},{"taxonomy":"post_tag","embeddable":true,"href":"https:\/\/www.e-anjelik.sk\/index.php\/wp-json\/wp\/v2\/tags?post=4267"}],"curies":[{"name":"wp","href":"https:\/\/api.w.org\/{rel}","templated":true}]}}