{"id":4269,"date":"2012-04-19T10:11:09","date_gmt":"2012-04-19T10:11:09","guid":{"rendered":"http:\/\/e-anjelik.sk\/?p=4269"},"modified":"2012-04-19T10:11:09","modified_gmt":"2012-04-19T10:11:09","slug":"biela-sobota-vecer-2","status":"publish","type":"post","link":"https:\/\/www.e-anjelik.sk\/index.php\/2012\/04\/19\/biela-sobota-vecer-2\/","title":{"rendered":"Biela sobota ve\u010der"},"content":{"rendered":"<p>&nbsp;<span class=\"Apple-style-span\" style=\"font-family: Helvetica; font-size: 16px; line-height: normal; \">Biela sobota ve\u010der &#8211; 2012<\/span><\/p>\n<p style=\"margin: 0.0px 0.0px 0.0px 0.0px; font: 16.0px Helvetica\"><span style=\"letter-spacing: 0.0px\">______________________________________________________<\/span><\/p>\n<p style=\"margin: 0.0px 0.0px 0.0px 0.0px; font: 16.0px Helvetica; min-height: 19.0px\">&nbsp;<\/p>\n<p style=\"margin: 0.0px 0.0px 0.0px 0.0px; font: 16.0px Helvetica\"><span style=\"letter-spacing: 0.0px\">\u010c&iacute;tan&yacute; text: <b>Mt 27, 62-66: &nbsp;<\/b><\/span><\/p>\n<p style=\"margin: 0.0px 0.0px 0.0px 0.0px; font: 16.0px Helvetica\"><span style=\"letter-spacing: 0.0px\"><b>&nbsp;&nbsp; &nbsp; &nbsp; &nbsp; &nbsp; &nbsp; &nbsp; &nbsp; &nbsp; <\/b><i>&ldquo;Na druh&yacute; de\u0148 ktor&yacute; bol po pr&iacute;pravnom dni ( na sviatky), zhroma\u017edili sa ve\u013ek\u0148azi a farizeji k Pil&aacute;tovi, (63) hovoriac: Pane, rozpomenuli sme sa, \u017ee ten zvodca riekol e&scaron;te za\u017eiva: Po troch d\u0148och vstanem. (64) Rozk&aacute;\u017e teda str&aacute;\u017ei\u0165 hrob a\u017e do tretieho d\u0148a, aby azda nepri&scaron;li (v noci Jeho ) u\u010den&iacute;ci, neukradli Hoa nepovedali \u013eudu: Vstal z m\u0155tvych. A bude posledn&yacute; blud hor&scaron;&iacute; ako prv&yacute;. (65) Odpovedal im Pil&aacute;t: M&aacute;te str&aacute;\u017e, cho\u010fte a str&aacute;\u017ete, ako viete! A &scaron;li, zabezpe\u010dili hrob: zape\u010datili kame\u0148 a postavili str&aacute;\u017e.<\/i><b>&rdquo;<\/b> Amen<\/span><\/p>\n<p style=\"margin: 0.0px 0.0px 0.0px 0.0px; font: 16.0px Helvetica; min-height: 19.0px\">&nbsp;<\/p>\n<p style=\"margin: 0.0px 0.0px 0.0px 0.0px; font: 16.0px Helvetica\"><span style=\"letter-spacing: 0.0px\"><b>&nbsp; &nbsp; &nbsp;<\/b> &nbsp; &nbsp; &nbsp; &nbsp; &nbsp; &nbsp; &nbsp; &nbsp; K&aacute;z\u0148ov&yacute; text: <b>Ef 4, 8b -10:<\/b><\/span><\/p>\n<p style=\"margin: 0.0px 0.0px 0.0px 0.0px; font: 16.0px Helvetica; min-height: 19.0px\">&nbsp;<\/p>\n<p style=\"margin: 0.0px 0.0px 0.0px 0.0px; font: 16.0px Helvetica\"><span style=\"letter-spacing: 0.0px\"><b>&nbsp;&nbsp; &nbsp;<i> &ldquo;Ke\u010f vst&uacute;pil na v&yacute;sos\u0165, priniesol koris\u0165, a dal \u013eu\u010fom dary. (9) \u010co in&eacute;ho znamen&aacute; to: vst&uacute;pil, ako \u017ee aj zost&uacute;pil do ni\u017e&scaron;&iacute;ch \u010dast&iacute; zeme? (10) Ten, \u010do zost&uacute;pil, je ten ist&yacute;, \u010do aj vyst&uacute;pil nad v&scaron;etky nebes&aacute;, aby naplnil v&scaron;etko<\/i>&rdquo;.<\/b> Amen<\/span><\/p>\n<p style=\"margin: 0.0px 0.0px 0.0px 0.0px; font: 16.0px Helvetica; min-height: 19.0px\">&nbsp;<\/p>\n<p style=\"margin: 0.0px 0.0px 0.0px 0.0px; font: 16.0px Helvetica; min-height: 19.0px\">&nbsp; &nbsp; &nbsp; Bratia a sestry v P&aacute;novi!<\/p>\n<p style=\"margin: 0.0px 0.0px 0.0px 0.0px; font: 16.0px Helvetica; min-height: 19.0px\">&nbsp;<\/p>\n<p style=\"margin: 0.0px 0.0px 0.0px 0.0px; font: 16.0px Helvetica\"><span style=\"letter-spacing: 0.0px\">&nbsp; &nbsp; &nbsp; <b>Biela sobota<\/b> n&aacute;m prin&aacute;&scaron;a dva poh\u013eady. Ten prv&yacute; plynie u\u017e z n&aacute;zvu dne&scaron;n&eacute;ho d\u0148a. N&aacute;zov: biela je zrejme odvoden&yacute; od bielych pl&aacute;tien a plachiet, do ktor&yacute;ch bolo pri pochovan&iacute; obvinut&eacute; telo P&aacute;na Je\u017ei&scaron;a. Telo, ktor&eacute; predt&yacute;m bolo zbi\u010dovan&eacute;, ut&yacute;ran&eacute;, ukri\u017eovan&eacute;, a potom pochovan&eacute; do skaln&eacute;ho hrobu bolo zabalen&eacute; v pl&aacute;tnach, ako bolo u \u017didov v oby\u010daji pochova\u0165. Posledn&uacute; slu\u017ebu vykonali Jozef z Arimatie a Nikod&eacute;m, spolu s dvomi M&aacute;riami, ktor&yacute;ch spom&iacute;na evanjelista Mat&uacute;&scaron;. (Mt 27, 61)<\/span><\/p>\n<p style=\"margin: 0.0px 0.0px 0.0px 0.0px; font: 16.0px Helvetica; min-height: 19.0px\">&nbsp;<\/p>\n<p style=\"margin: 0.0px 0.0px 0.0px 0.0px; font: 16.0px Helvetica\"><span style=\"letter-spacing: 0.0px\">&nbsp;&nbsp; &nbsp; Posledn&aacute; pocta, ktorej sa tak aspo\u0148 v ur\u010ditej miere dostalo Je\u017ei&scaron;ovi, znepokojila \u017eidovsk&yacute;ch predstavite\u013eov: ve\u013e\u0148azov a farizejov. Ur&yacute;chlene nav&scaron;&iacute;vili Pontsk&eacute;ho PiI&aacute;ta a \u017eiadali nesl&yacute;chan&uacute; vec: aby <i>&ldquo;dal str&aacute;\u017ei\u0165 hrob, a\u017e do tretieho d\u0148a&rdquo;<\/i>!? Aby dodali svojej \u017eiadosti ak&yacute;-tak&yacute; punc zmysluplnosti, tvrdia o Je\u017ei&scaron;ovi, \u017ee bol <i>&ldquo;zvodca&rdquo;<\/i>. Ako argument o zvodcovstve a podvodn&iacute;ckom konan&iacute; uv&aacute;dzaj&uacute; predpove\u010f P&aacute;na Je\u017ei&scaron;a o Jeho vzkriesen&iacute; v tret&iacute; de\u0148.<\/span><\/p>\n<p style=\"margin: 0.0px 0.0px 0.0px 0.0px; font: 16.0px Helvetica\"><span style=\"letter-spacing: 0.0px\">(Mt v.63)<\/span><\/p>\n<p style=\"margin: 0.0px 0.0px 0.0px 0.0px; font: 16.0px Helvetica\"><span style=\"letter-spacing: 0.0px\">Ak bol zvodca a klam&aacute;r U\u010dite\u013e, m&ocirc;\u017eu sa tak&yacute;mi dok&aacute;za\u0165 aj jeho u\u010den&iacute;ci. Preto \u017eiadali: &ldquo;<i>Rozk&aacute;\u017e str&aacute;\u017ei\u0165 hrob a\u017e do tretieho d\u0148a<\/i>, <i>aby . azda nepri&scaron;li v noci Jeho u\u010den&iacute;ci, neukradli ho a nepovedlai \u013eudu: Vstal z m\u0155tvych&rdquo;!<\/i><\/span><\/p>\n<p style=\"margin: 0.0px 0.0px 0.0px 0.0px; font: 16.0px Helvetica; min-height: 19.0px\">&nbsp;<\/p>\n<p style=\"margin: 0.0px 0.0px 0.0px 0.0px; font: 16.0px Helvetica\"><span style=\"letter-spacing: 0.0px\">&nbsp;&nbsp; &nbsp; V&yacute;rok a odpove\u010f Pil&aacute;tova b&yacute;va ch&aacute;pan&aacute; dvojako. Niekedy ako vyhovenie \u017eiadosti, ale aj ako <b>odmietnutie<\/b>. Mysl&iacute;m, \u017ee ten druh&yacute; poh\u013ead je spr&aacute;vny. Pil&aacute;t sa u\u017e nemieni zaobera\u0165 \u017eiados\u0165ou \u017didov, pod\u013ea neho nemiestnou a azda aj smie&scaron;nou. R&iacute;msky vojaci vykonali iste svoju robotu profesion&aacute;lne. Stotn&iacute;k podal hl&aacute;senie&nbsp; a &ldquo;pr&iacute;pad Je\u017ei&scaron;&rdquo; pre neho skon\u010dil. Preto jeho slov&aacute; s&uacute; v podstate odmietnut&iacute;m! &ldquo;<i>M&aacute;te <\/i>(predsa svoju)<i> str&aacute;\u017e. Cho\u010fte a str&aacute;\u017ete ako viete<\/i>&rdquo;! <i>&ldquo;Str&aacute;\u017ete ako viete&rdquo;.<\/i>.. -pr&aacute;ve tieto slov&aacute; nazna\u010duj&uacute;, \u017ee p&ocirc;jde o ich robotu a amat&eacute;rske, &uacute;smevn&eacute; konanie, str&aacute;\u017ei\u0165 m\u0155tveho.&nbsp;<\/span><\/p>\n<p style=\"margin: 0.0px 0.0px 0.0px 0.0px; font: 16.0px Helvetica\"><span style=\"letter-spacing: 0.0px\">Evanjelista Mat&uacute;&scaron; hovor&iacute;, \u017ee \u017didia odi&scaron;li, &ldquo;<i>zabezpe\u010dili hrob&rdquo;,<\/i> dokonca aj t&yacute;m, <i>\u017ee &ldquo;zape\u010datili kame\u0148 a postavili str&aacute;\u017e&rdquo;. &#8211; <\/i>Je nepredstavite\u013en&eacute;, aby \u017didia mohli postavi\u0165 r&iacute;msku str&aacute;\u017e a da\u0165 jej ak&eacute;ko\u013evek rozkazy. I&scaron;lo predsa o r&iacute;msku okupa\u010dn&uacute; pos&aacute;dku. N&aacute;rod, ktor&yacute; bol v tot&aacute;lnom podru\u010d&iacute; si nemohol tak&eacute; nie\u010do n&aacute;rokova\u0165 a pre Rimanov by to bolo ur&aacute;\u017eka a dehonest&aacute;cia.<i> \u017didia v&scaron;ak mali svoju chr&aacute;mov&uacute; str&aacute;\u017e, ktor&aacute; sa podie\u013eala aj na zajat&iacute; P&aacute;na Je\u017ei&scaron;a v Getsemane<\/i>. S touto sami disponovali, rozkazovali a nesk&ocirc;r aj manipulovali.<\/span><\/p>\n<p style=\"margin: 0.0px 0.0px 0.0px 0.0px; font: 16.0px Helvetica; min-height: 19.0px\">&nbsp;<\/p>\n<p style=\"margin: 0.0px 0.0px 0.0px 0.0px; font: 16.0px Helvetica\"><span style=\"letter-spacing: 0.0px\">&nbsp; &nbsp; Toto je teda prv&yacute; poh\u013ead, o ktorom mo\u017eeme poveda\u0165, \u017ee ide o <b>\u010disto<\/b> <b>\u013eudsk&eacute;<\/b>, naivn&eacute; a &uacute;smevn&eacute; konanie, proti ktor&eacute;mu v&scaron;ak stoj&iacute; <b>konanie Bo\u017eie. <\/b>O tomto Bo\u017eom konan&iacute; smieme tie\u017e po\u010du\u0165 v dne&scaron;n&yacute; de\u0148. Jeho obah je zhrnut&yacute; v \u010dl&aacute;nku viery apo&scaron;tolsk&eacute;ho vierovyznania, \u010dasto obch&aacute;dzan&eacute;ho, alebo nedostato\u010dne zrozumite\u013e n&eacute;ho. V na&scaron;om cirkevnom preklade \u010dl&aacute;nok viery znie: <b>&ldquo;Zost&uacute;pil do pekiel&rdquo;.&nbsp;<\/b><\/span><\/p>\n<p style=\"margin: 0.0px 0.0px 0.0px 0.0px; font: 16.0px Helvetica; min-height: 19.0px\"><span style=\"letter-spacing: 0.0px\">&nbsp;&nbsp;<\/span><\/p>\n<p style=\"margin: 0.0px 0.0px 0.0px 0.0px; font: 16.0px Helvetica\"><span style=\"letter-spacing: 0.0px\">&nbsp;&nbsp; Ke\u010f\u017ee pod peklom \u010dasto mysl&iacute;me sp&ocirc;sob a miesto posledn&yacute;ch m&uacute;k po poslenom s&uacute;de pre nekaj&uacute;cich hrie&scaron;nikov, unik&aacute; n&aacute;m p&ocirc;vodn&yacute; v&yacute;znam:<b> z&aacute;hrobie, alebo r&iacute;&scaron;a zosnul&yacute;ch<\/b>. Medzi zosnul&yacute;mi boli mnoh&iacute;, ktor&iacute; o\u010dak&aacute;vali vyk&uacute;penie a spasenie, tak ako aj my. Po\u010dn&uacute;c od prv&yacute;ch \u013eud&iacute;, cez praotcov a prorokov a&nbsp; mnoho in&yacute;ch. Vyk&uacute;penie P&aacute;na Je\u017ei&scaron;a dokonan&eacute; na Golgote je v&scaron;ak pr&aacute;ve t&yacute;mto zost&uacute;pen&iacute;m ducha P&aacute;na Je\u017ei&scaron;a <b>pon&uacute;knut&eacute; ako dar milosti v&scaron;ek&yacute;m. <\/b>Vedeli o tom a k&aacute;zal o tom ap.Peter i Pavol i cel&aacute; prvot&aacute; kres\u0165ansk&aacute; cirkev. Dodnes pr&aacute;vom vyzn&aacute;vame: <i>&ldquo; zost&uacute;pil do&nbsp; p o d s v e t i a&rdquo;.<\/i>&nbsp; Luther hovor&iacute;: raz o tom budeme vedie\u0165 ove\u013ea viac.&nbsp;<\/span><\/p>\n<p style=\"margin: 0.0px 0.0px 0.0px 0.0px; font: 16.0px Helvetica; min-height: 19.0px\"><span style=\"letter-spacing: 0.0px\">&nbsp; &nbsp; &nbsp;<\/span><\/p>\n<p style=\"margin: 0.0px 0.0px 0.0px 0.0px; font: 16.0px Helvetica\"><span style=\"letter-spacing: 0.0px\">&nbsp; &nbsp; &nbsp; Ke\u010f apo&scaron;tol Pavel hovor&iacute; o duchovn&yacute;ch daroch zoslan&yacute;ch kres\u0165anom z nebies, kam P&aacute;n Je\u017ei&scaron; vyst&uacute;pil po vzkriesen&iacute;, spom&iacute;na aj to dielo milosti, ke\u010f P&aacute;n &ldquo;<b> zost&uacute;pil<\/b>&rdquo;. Jeho svedectvo je pou\u010dn&eacute;: <i>&ldquo;\u010co znamen&aacute; to, vst&uacute;pil, ako \u017ee aj zost&uacute;pil do ni\u017e&scaron;&iacute;ch \u010dast&iacute; zeme? Ten, \u010do zost&uacute;pil, je ten ist&yacute; ako aj vyst&uacute;pil nad v&scaron;etky nebes&aacute;&rdquo;.&nbsp;<\/i><\/span><\/p>\n<p style=\"margin: 0.0px 0.0px 0.0px 0.0px; font: 16.0px Helvetica\"><span style=\"letter-spacing: 0.0px\">&nbsp; &nbsp; &nbsp; Z tohoto svedectva apo&scaron;tola Pavla m&ocirc;\u017eeme pr&aacute;vom usudzova\u0165 \u017ee Jeho zost&uacute;penie nie je pokra\u010dovan&iacute;m Jeho utrpenia a pon&iacute;\u017eenia, ale tu za\u010d&iacute;na Jeho pov&yacute;&scaron;enie a konanie v moci a sl&aacute;ve. Tu je P&aacute;n Je\u017ei&scaron; ako Ten, ktor&yacute; oznamuje a prin&aacute;&scaron;a vyk&uacute;penie, vyslobodenie a zves\u0165 vzkriesenia v&scaron;etkt&yacute;m. <b>Je tu pred nami ako V&iacute;\u0165az.<\/b> Apo&scaron;tol Pavel sved\u010d&iacute;:<i>&rdquo; Aby naplnil v&scaron;etko&rdquo;<\/i>!<\/span><\/p>\n<p style=\"margin: 0.0px 0.0px 0.0px 0.0px; font: 16.0px Helvetica\"><span style=\"letter-spacing: 0.0px\">&nbsp;&nbsp; &nbsp; Ka\u017ed&eacute;mu je teda dan&aacute; a pon&uacute;knut&aacute; &uacute;\u010das\u0165 na Jeho vzkriesen&iacute; a&nbsp; na \u017eivote s N&iacute;m. T&yacute;m, \u010do zomreli u\u017e sk&ocirc;r, i t&yacute;m, ktor&iacute; e&scaron;te \u010dakali na tret&iacute; de\u0148, aby pomazali Jeho telo. A\u017e potom po\u010duli zves\u0165 Bo\u017eieho anjela: <i>&ldquo;H\u013ea, vstal, niet ho tu, ajh\u013ea miesto, kde Ho boli polo\u017eili&rdquo;!<\/i><\/span><\/p>\n<p style=\"margin: 0.0px 0.0px 0.0px 0.0px; font: 16.0px Helvetica\"><span style=\"letter-spacing: 0.0px\">Misia Kristova za\u010dala v nebi, odkia\u013e&nbsp; bol poslan&yacute; na zem a pokra\u010duje v r&iacute;&scaron;i m\u0155tvych a potom, a\u017e podnes op&auml;\u0165 aj na zemi. Je\u017ei&scaron; ako P&aacute;n, ob\u017eiven&yacute; Duchom, k&aacute;zal aj tam, kde \u010dlovek u\u017e nem&ocirc;\u017ee ni\u010d urobi\u0165.<\/span><\/p>\n<p style=\"margin: 0.0px 0.0px 0.0px 0.0px; font: 16.0px Helvetica\"><span style=\"letter-spacing: 0.0px\">Po vzkriesen&iacute;, ke\u010f sa uk&aacute;zal u\u010den&iacute;kom a veriacim v Neho sa dozvedeli sa aj o tejto ceste a o Jeho zost&uacute;pen&iacute; k t&yacute;m, ktor&yacute;m pon&uacute;kol <b>&ldquo;koris\u0165&rdquo;&nbsp;<\/b> \/Pavel\/&nbsp; T.j.&nbsp; vyslobodenie, vyk&uacute;penie zo smrti a \u017eivot s N&iacute;m v nebeskej sl&aacute;ve. To je trval&eacute; Bo\u017eie konanie a z&aacute;mer Bo\u017e&iacute;!&nbsp; Boh Otec chce, <i>&ldquo;aby v&scaron;etci \u013eudia boli spasen&iacute; a pri&scaron;li k poznaniu pravdy&rdquo;.&nbsp;<\/i><\/span><\/p>\n<p style=\"margin: 0.0px 0.0px 0.0px 0.0px; font: 16.0px Helvetica\"><span style=\"letter-spacing: 0.0px\">&nbsp;Biela sobota n&aacute;m, mil&iacute; bratia&nbsp;a sestry, pon&uacute;ka dva poh\u013eady.&nbsp;<\/span><\/p>\n<p style=\"margin: 0.0px 0.0px 0.0px 0.0px; font: 16.0px Helvetica\"><span style=\"letter-spacing: 0.0px\">Ten \u013eudsk&yacute; poh\u013ead na Je\u017ei&scaron;ovo telo, odpo\u010d&iacute;vaj&uacute;ce v hrobe v bielych placht&aacute;ch a odpo\u010d&iacute;vanie \u017eien v &ldquo;de\u0148 sobotn&yacute;&rdquo;. Ten druh&yacute; poh\u013ead je zalo\u017een&yacute; na <b>posolstve o Bo\u017eom konan&iacute;<\/b>, lebo <i>&ldquo;Boh nie je Bohom m\u0155tvych, ale \u017eiv&yacute;ch&rdquo;! &nbsp;<\/i>Po p&ocirc;stnom bden&iacute; a sprev&aacute;dzan&iacute; P&aacute;na Je\u017ei&scaron;a na Jeho kr&iacute;\u017eovej ceste, u\u017e dne&scaron;n&yacute;m ve\u010derom (p&ocirc;vodne vig&iacute;lia), za\u010d&iacute;na k n&aacute;m prenika\u0165 radostn&aacute; zves\u0165:<i> Bo\u017e&iacute;m \u010dinom je vzkriesenie Syna, ktor&yacute; vstal z m\u0155tvych a viacej neumiera! <\/i>Amen. &nbsp;<\/span><\/p>\n<p style=\"margin: 0.0px 0.0px 0.0px 0.0px; font: 16.0px Helvetica; min-height: 19.0px\">&nbsp;<\/p>\n<p style=\"margin: 0.0px 0.0px 0.0px 0.0px; font: 12.0px Helvetica\"><span style=\"font: 16.0px Helvetica; letter-spacing: 0.0px\">&nbsp; &nbsp; &nbsp; &nbsp; &nbsp; &nbsp; &nbsp; &nbsp; &nbsp; &nbsp; &nbsp; &nbsp;<i> <\/i><\/span><span style=\"letter-spacing: 0.0px\"><i>&nbsp; &nbsp; &nbsp; &nbsp; &nbsp; &nbsp; &nbsp; &nbsp; &nbsp; &nbsp; &nbsp; &nbsp; &nbsp; &nbsp; &nbsp; &nbsp; &nbsp; &nbsp; &nbsp; &nbsp; &nbsp; &nbsp; &nbsp; &nbsp; &nbsp; &nbsp;&nbsp;Soboti&scaron;te 2012 &#8211; \u013d.Batka st.<\/i><\/span><\/p>\n","protected":false},"excerpt":{"rendered":"<p>&nbsp;Biela sobota ve\u010der &#8211; 2012 ______________________________________________________ &nbsp; \u010c&iacute;tan&yacute; text: Mt 27, 62-66: &nbsp; &nbsp;&nbsp; &nbsp; &nbsp; &nbsp; &nbsp; &nbsp; &nbsp; &nbsp; &nbsp; &ldquo;Na druh&yacute; de\u0148 ktor&yacute; bol po pr&iacute;pravnom dni ( na sviatky), zhroma\u017edili sa ve\u013ek\u0148azi a farizeji k Pil&aacute;tovi, (63) hovoriac: Pane, rozpomenuli sme sa, \u017ee ten zvodca riekol e&scaron;te za\u017eiva: Po troch d\u0148och &#8230; <a title=\"Biela sobota ve\u010der\" class=\"read-more\" href=\"https:\/\/www.e-anjelik.sk\/index.php\/2012\/04\/19\/biela-sobota-vecer-2\/\" aria-label=\"Pre\u010d\u00edtajte si viac o Biela sobota ve\u010der\">\u010c\u00edta\u0165 viac<\/a><\/p>\n","protected":false},"author":4,"featured_media":0,"comment_status":"open","ping_status":"open","sticky":false,"template":"","format":"standard","meta":{"footnotes":""},"categories":[1],"tags":[192],"class_list":["post-4269","post","type-post","status-publish","format-standard","hentry","category-adventna-modlitba","tag-kazen"],"_links":{"self":[{"href":"https:\/\/www.e-anjelik.sk\/index.php\/wp-json\/wp\/v2\/posts\/4269","targetHints":{"allow":["GET"]}}],"collection":[{"href":"https:\/\/www.e-anjelik.sk\/index.php\/wp-json\/wp\/v2\/posts"}],"about":[{"href":"https:\/\/www.e-anjelik.sk\/index.php\/wp-json\/wp\/v2\/types\/post"}],"author":[{"embeddable":true,"href":"https:\/\/www.e-anjelik.sk\/index.php\/wp-json\/wp\/v2\/users\/4"}],"replies":[{"embeddable":true,"href":"https:\/\/www.e-anjelik.sk\/index.php\/wp-json\/wp\/v2\/comments?post=4269"}],"version-history":[{"count":0,"href":"https:\/\/www.e-anjelik.sk\/index.php\/wp-json\/wp\/v2\/posts\/4269\/revisions"}],"wp:attachment":[{"href":"https:\/\/www.e-anjelik.sk\/index.php\/wp-json\/wp\/v2\/media?parent=4269"}],"wp:term":[{"taxonomy":"category","embeddable":true,"href":"https:\/\/www.e-anjelik.sk\/index.php\/wp-json\/wp\/v2\/categories?post=4269"},{"taxonomy":"post_tag","embeddable":true,"href":"https:\/\/www.e-anjelik.sk\/index.php\/wp-json\/wp\/v2\/tags?post=4269"}],"curies":[{"name":"wp","href":"https:\/\/api.w.org\/{rel}","templated":true}]}}