{"id":4270,"date":"2012-04-19T17:27:13","date_gmt":"2012-04-19T17:27:13","guid":{"rendered":"http:\/\/e-anjelik.sk\/?p=4270"},"modified":"2012-04-19T17:27:13","modified_gmt":"2012-04-19T17:27:13","slug":"rok-biblie-vo-finsku","status":"publish","type":"post","link":"https:\/\/www.e-anjelik.sk\/index.php\/2012\/04\/19\/rok-biblie-vo-finsku\/","title":{"rendered":"Rok Biblie vo F\u00ednsku"},"content":{"rendered":"<p>Vo F&iacute;nsku bol rok 2012 vyhl&aacute;sen&yacute; za Rok Biblie. D&ocirc;vodom je 200. v&yacute;ro\u010die zalo\u017eenia F&iacute;nskej biblickej spolo\u010dnosti. 22. apr&iacute;la 2012 bude Nede\u013ea Biblie. &Uacute;stredn&eacute; oslavy sa konaj&uacute; po\u010das Sv&auml;todu&scaron;n&yacute;ch sviatkov 24. -27 . m&aacute;ja 2012 v Turku. Od vydania prvej Biblie vo f&iacute;n\u010dine uplynulo 320 rokov, 20 rokov uplynulo od ostatn&eacute;ho prekladu Biblie .V r&aacute;mci osl&aacute;v Roku Biblie sa denne ve\u010der &nbsp;\u010d&iacute;taj&uacute; odseky Biblie v katedr&aacute;le v Turku.<\/p>\n<p>(evl.fi)<\/p>\n","protected":false},"excerpt":{"rendered":"<p>Vo F&iacute;nsku bol rok 2012 vyhl&aacute;sen&yacute; za Rok Biblie. D&ocirc;vodom je 200. v&yacute;ro\u010die zalo\u017eenia F&iacute;nskej biblickej spolo\u010dnosti. 22. apr&iacute;la 2012 bude Nede\u013ea Biblie. &Uacute;stredn&eacute; oslavy sa konaj&uacute; po\u010das Sv&auml;todu&scaron;n&yacute;ch sviatkov 24. -27 . m&aacute;ja 2012 v Turku. Od vydania prvej Biblie vo f&iacute;n\u010dine uplynulo 320 rokov, 20 rokov uplynulo od ostatn&eacute;ho prekladu Biblie .V r&aacute;mci &#8230; <a title=\"Rok Biblie vo F\u00ednsku\" class=\"read-more\" href=\"https:\/\/www.e-anjelik.sk\/index.php\/2012\/04\/19\/rok-biblie-vo-finsku\/\" aria-label=\"Pre\u010d\u00edtajte si viac o Rok Biblie vo F\u00ednsku\">\u010c\u00edta\u0165 viac<\/a><\/p>\n","protected":false},"author":22,"featured_media":0,"comment_status":"open","ping_status":"open","sticky":false,"template":"","format":"standard","meta":{"footnotes":""},"categories":[1],"tags":[242],"class_list":["post-4270","post","type-post","status-publish","format-standard","hentry","category-adventna-modlitba","tag-slavnosti"],"_links":{"self":[{"href":"https:\/\/www.e-anjelik.sk\/index.php\/wp-json\/wp\/v2\/posts\/4270","targetHints":{"allow":["GET"]}}],"collection":[{"href":"https:\/\/www.e-anjelik.sk\/index.php\/wp-json\/wp\/v2\/posts"}],"about":[{"href":"https:\/\/www.e-anjelik.sk\/index.php\/wp-json\/wp\/v2\/types\/post"}],"author":[{"embeddable":true,"href":"https:\/\/www.e-anjelik.sk\/index.php\/wp-json\/wp\/v2\/users\/22"}],"replies":[{"embeddable":true,"href":"https:\/\/www.e-anjelik.sk\/index.php\/wp-json\/wp\/v2\/comments?post=4270"}],"version-history":[{"count":0,"href":"https:\/\/www.e-anjelik.sk\/index.php\/wp-json\/wp\/v2\/posts\/4270\/revisions"}],"wp:attachment":[{"href":"https:\/\/www.e-anjelik.sk\/index.php\/wp-json\/wp\/v2\/media?parent=4270"}],"wp:term":[{"taxonomy":"category","embeddable":true,"href":"https:\/\/www.e-anjelik.sk\/index.php\/wp-json\/wp\/v2\/categories?post=4270"},{"taxonomy":"post_tag","embeddable":true,"href":"https:\/\/www.e-anjelik.sk\/index.php\/wp-json\/wp\/v2\/tags?post=4270"}],"curies":[{"name":"wp","href":"https:\/\/api.w.org\/{rel}","templated":true}]}}