{"id":4273,"date":"2012-04-20T08:12:57","date_gmt":"2012-04-20T08:12:57","guid":{"rendered":"http:\/\/e-anjelik.sk\/?p=4273"},"modified":"2012-04-20T08:12:57","modified_gmt":"2012-04-20T08:12:57","slug":"eecmy-bude-diskutovat-o-biskupskom-zriadeni","status":"publish","type":"post","link":"https:\/\/www.e-anjelik.sk\/index.php\/2012\/04\/20\/eecmy-bude-diskutovat-o-biskupskom-zriadeni\/","title":{"rendered":"EECMY bude diskutova\u0165 o biskupskom zriaden\u00ed"},"content":{"rendered":"<p>Eti&oacute;pska evanjelick&aacute; cirkev Mekane Jesus (EECMY) organizuje teologick&uacute; konferenciu na t&eacute;mu biskupsk&eacute;ho zriadenia cirkvi. Konferencia sa bude kona\u0165 v holistickom tr&eacute;ningovom&nbsp;stredisku Gudina Tumsa 20.-21. j&uacute;la 2012.Na konferencii sa z&uacute;\u010dastn&iacute; 100 os&ocirc;b, z toho 60% neordinovan&yacute;ch a 40% ordinovan&yacute;ch. T&eacute;ma biskupsk&eacute;ho zriadenia sa prerok&uacute;va u\u017e ve\u013emi d&aacute;vno, no k nijak&yacute;m z&aacute;vere\u010dn&yacute;m v&yacute;sledkom sa nedospelo. Na konferencii sa z&uacute;\u010dastnia aj dvaja deleg&aacute;ti ELCA. V ostatn&yacute;ch rokoch cirkev zriadila komisiu na b&aacute;danie .Komisia vycestovala za &uacute;\u010delom &scaron;t&uacute;dia t&eacute;my do dvoch africk&yacute;ch lut. cirkv&iacute; s biskupsk&yacute;m zriaden&iacute;m: Tanz&aacute;nie a Ju\u017enej Afriky.V&yacute;sledky konzult&aacute;cie bud&uacute; posunut&eacute; na \u010fal&scaron;ie konanie v&yacute;kon&eacute;mu v&yacute;boru cirkvi a potom sa n&iacute;m bude zaobera\u0165 Cirkevn&aacute; rada.<\/p>\n<p>(<a href=\"http:\/\/www.eecmy.org\">www.eecmy.org<\/a>)<\/p>\n<p>&nbsp;<\/p>\n","protected":false},"excerpt":{"rendered":"<p>Eti&oacute;pska evanjelick&aacute; cirkev Mekane Jesus (EECMY) organizuje teologick&uacute; konferenciu na t&eacute;mu biskupsk&eacute;ho zriadenia cirkvi. Konferencia sa bude kona\u0165 v holistickom tr&eacute;ningovom&nbsp;stredisku Gudina Tumsa 20.-21. j&uacute;la 2012.Na konferencii sa z&uacute;\u010dastn&iacute; 100 os&ocirc;b, z toho 60% neordinovan&yacute;ch a 40% ordinovan&yacute;ch. T&eacute;ma biskupsk&eacute;ho zriadenia sa prerok&uacute;va u\u017e ve\u013emi d&aacute;vno, no k nijak&yacute;m z&aacute;vere\u010dn&yacute;m v&yacute;sledkom sa nedospelo. Na konferencii &#8230; <a title=\"EECMY bude diskutova\u0165 o biskupskom zriaden\u00ed\" class=\"read-more\" href=\"https:\/\/www.e-anjelik.sk\/index.php\/2012\/04\/20\/eecmy-bude-diskutovat-o-biskupskom-zriadeni\/\" aria-label=\"Pre\u010d\u00edtajte si viac o EECMY bude diskutova\u0165 o biskupskom zriaden\u00ed\">\u010c\u00edta\u0165 viac<\/a><\/p>\n","protected":false},"author":22,"featured_media":0,"comment_status":"open","ping_status":"open","sticky":false,"template":"","format":"standard","meta":{"footnotes":""},"categories":[50,10],"tags":[],"class_list":["post-4273","post","type-post","status-publish","format-standard","hentry","category-afrika","category-zo-sveta"],"_links":{"self":[{"href":"https:\/\/www.e-anjelik.sk\/index.php\/wp-json\/wp\/v2\/posts\/4273","targetHints":{"allow":["GET"]}}],"collection":[{"href":"https:\/\/www.e-anjelik.sk\/index.php\/wp-json\/wp\/v2\/posts"}],"about":[{"href":"https:\/\/www.e-anjelik.sk\/index.php\/wp-json\/wp\/v2\/types\/post"}],"author":[{"embeddable":true,"href":"https:\/\/www.e-anjelik.sk\/index.php\/wp-json\/wp\/v2\/users\/22"}],"replies":[{"embeddable":true,"href":"https:\/\/www.e-anjelik.sk\/index.php\/wp-json\/wp\/v2\/comments?post=4273"}],"version-history":[{"count":0,"href":"https:\/\/www.e-anjelik.sk\/index.php\/wp-json\/wp\/v2\/posts\/4273\/revisions"}],"wp:attachment":[{"href":"https:\/\/www.e-anjelik.sk\/index.php\/wp-json\/wp\/v2\/media?parent=4273"}],"wp:term":[{"taxonomy":"category","embeddable":true,"href":"https:\/\/www.e-anjelik.sk\/index.php\/wp-json\/wp\/v2\/categories?post=4273"},{"taxonomy":"post_tag","embeddable":true,"href":"https:\/\/www.e-anjelik.sk\/index.php\/wp-json\/wp\/v2\/tags?post=4273"}],"curies":[{"name":"wp","href":"https:\/\/api.w.org\/{rel}","templated":true}]}}