{"id":4274,"date":"2012-04-20T08:35:09","date_gmt":"2012-04-20T08:35:09","guid":{"rendered":"http:\/\/e-anjelik.sk\/?p=4274"},"modified":"2012-04-20T08:35:09","modified_gmt":"2012-04-20T08:35:09","slug":"slavnost-zalozenia-severnej-cirkvi-na-svatodusnu-nedelu-27-maja-2012","status":"publish","type":"post","link":"https:\/\/www.e-anjelik.sk\/index.php\/2012\/04\/20\/slavnost-zalozenia-severnej-cirkvi-na-svatodusnu-nedelu-27-maja-2012\/","title":{"rendered":"Sl\u00e1vnos\u0165 zalo\u017eenia Severnej cirkvi na Sv\u00e4todu\u0161n\u00fa nede\u013eu 27. m\u00e1ja 2012"},"content":{"rendered":"<p>Na Sv&auml;todu&scaron;n&uacute; nede\u013eu 27. m&aacute;ja 2012 bud&uacute; v Ratzeburgu&nbsp;&uacute;stredn&eacute; oslavy zalo\u017eenia Severnej cirkvi Nemecka, ktor&aacute; vznikla f&uacute;ziou krajinsk&yacute;ch cirkv&iacute; Meklenburska, Severn&eacute;ho Polabia a Pomoranska. Organiz&aacute;tori o\u010dak&aacute;vaj&uacute; &uacute;\u010das\u0165 do 10 tis&iacute;c os&ocirc;b, medzi nimi aj nov&eacute;ho spolkov&eacute;ho prezidenta Gaucka. Hlavn&yacute;m bodom bud&uacute; slu\u017eby Bo\u017eie v d&oacute;me v Ratzeburgu. Po nich bude ob\u010derstvenie pri bielych stoloch pre asi 5 tis&iacute;c os&ocirc;b. Obsluhova\u0165 bud&uacute; skauti. Popoludn&iacute; bud&uacute; osobitn&eacute; programy pre dospel&yacute;ch, ml&aacute;de\u017e a deti (hudba, mal&eacute; formy umenia, talk-show). Sl&aacute;vnosti bud&uacute; vysiela\u0165 telev&iacute;zie a r&aacute;dio.<\/p>\n<p>(<a href=\"http:\/\/www.nordelbien.de\">www.nordelbien.de<\/a>)<\/p>\n","protected":false},"excerpt":{"rendered":"<p>Na Sv&auml;todu&scaron;n&uacute; nede\u013eu 27. m&aacute;ja 2012 bud&uacute; v Ratzeburgu&nbsp;&uacute;stredn&eacute; oslavy zalo\u017eenia Severnej cirkvi Nemecka, ktor&aacute; vznikla f&uacute;ziou krajinsk&yacute;ch cirkv&iacute; Meklenburska, Severn&eacute;ho Polabia a Pomoranska. Organiz&aacute;tori o\u010dak&aacute;vaj&uacute; &uacute;\u010das\u0165 do 10 tis&iacute;c os&ocirc;b, medzi nimi aj nov&eacute;ho spolkov&eacute;ho prezidenta Gaucka. Hlavn&yacute;m bodom bud&uacute; slu\u017eby Bo\u017eie v d&oacute;me v Ratzeburgu. Po nich bude ob\u010derstvenie pri bielych stoloch pre &#8230; <a title=\"Sl\u00e1vnos\u0165 zalo\u017eenia Severnej cirkvi na Sv\u00e4todu\u0161n\u00fa nede\u013eu 27. m\u00e1ja 2012\" class=\"read-more\" href=\"https:\/\/www.e-anjelik.sk\/index.php\/2012\/04\/20\/slavnost-zalozenia-severnej-cirkvi-na-svatodusnu-nedelu-27-maja-2012\/\" aria-label=\"Pre\u010d\u00edtajte si viac o Sl\u00e1vnos\u0165 zalo\u017eenia Severnej cirkvi na Sv\u00e4todu\u0161n\u00fa nede\u013eu 27. m\u00e1ja 2012\">\u010c\u00edta\u0165 viac<\/a><\/p>\n","protected":false},"author":22,"featured_media":0,"comment_status":"open","ping_status":"open","sticky":false,"template":"","format":"standard","meta":{"footnotes":""},"categories":[1],"tags":[242],"class_list":["post-4274","post","type-post","status-publish","format-standard","hentry","category-adventna-modlitba","tag-slavnosti"],"_links":{"self":[{"href":"https:\/\/www.e-anjelik.sk\/index.php\/wp-json\/wp\/v2\/posts\/4274","targetHints":{"allow":["GET"]}}],"collection":[{"href":"https:\/\/www.e-anjelik.sk\/index.php\/wp-json\/wp\/v2\/posts"}],"about":[{"href":"https:\/\/www.e-anjelik.sk\/index.php\/wp-json\/wp\/v2\/types\/post"}],"author":[{"embeddable":true,"href":"https:\/\/www.e-anjelik.sk\/index.php\/wp-json\/wp\/v2\/users\/22"}],"replies":[{"embeddable":true,"href":"https:\/\/www.e-anjelik.sk\/index.php\/wp-json\/wp\/v2\/comments?post=4274"}],"version-history":[{"count":0,"href":"https:\/\/www.e-anjelik.sk\/index.php\/wp-json\/wp\/v2\/posts\/4274\/revisions"}],"wp:attachment":[{"href":"https:\/\/www.e-anjelik.sk\/index.php\/wp-json\/wp\/v2\/media?parent=4274"}],"wp:term":[{"taxonomy":"category","embeddable":true,"href":"https:\/\/www.e-anjelik.sk\/index.php\/wp-json\/wp\/v2\/categories?post=4274"},{"taxonomy":"post_tag","embeddable":true,"href":"https:\/\/www.e-anjelik.sk\/index.php\/wp-json\/wp\/v2\/tags?post=4274"}],"curies":[{"name":"wp","href":"https:\/\/api.w.org\/{rel}","templated":true}]}}