{"id":4275,"date":"2012-04-20T09:06:07","date_gmt":"2012-04-20T09:06:07","guid":{"rendered":"http:\/\/e-anjelik.sk\/?p=4275"},"modified":"2012-04-20T09:06:07","modified_gmt":"2012-04-20T09:06:07","slug":"evanjelici-v-rime","status":"publish","type":"post","link":"https:\/\/www.e-anjelik.sk\/index.php\/2012\/04\/20\/evanjelici-v-rime\/","title":{"rendered":"Evanjelici v R\u00edme"},"content":{"rendered":"<p>T&uacute;to najbli\u017e&scaron;iu nede\u013eu 22. apr&iacute;la 2012 bude v pravidelnom \u010dase o 9.30 hodine vysiela\u0165 Druh&yacute; nemeck&yacute; verejnopr&aacute;vny kan&aacute;l ZDF evanjelick&eacute; slu\u017eby Bo\u017eie z kostola Krista (Christuskirche) v R&iacute;me. O kostole&nbsp;sme u\u017e p&iacute;sali. Teraz nie\u010do o tomto cirkevnom zbore. Zbor m&aacute; t.\u010d. 350 registrovan&yacute;ch \u010dlenov,&nbsp;v&auml;\u010d&scaron;inou nemeck&eacute;ho jazyka, ale s&uacute; medzi nimi aj talianskeho jazyka. Preto s&uacute; aj SB dvojjazy\u010dn&eacute;. Aktivity zboru: slu\u017eby Bo\u017eie, detsk&eacute; SB, konfirma\u010dn&eacute; vyu\u010dovanie, detsk&eacute; jasle, kr&uacute;\u017eok dospelej ml&aacute;de\u017ee, \u017eensk&yacute; spolok, susedsk&eacute; rozhovory, spevokol, prech&aacute;dzky mestom, z&aacute;jazdy,&nbsp;koncerty&nbsp;a diakonick&eacute; aktivity s bezdomovcami a pris\u0165ahovalcami.<\/p>\n<p>(<a href=\"http:\/\/www.evangelisch.de\">www.evangelisch.de<\/a>)<\/p>\n","protected":false},"excerpt":{"rendered":"<p>T&uacute;to najbli\u017e&scaron;iu nede\u013eu 22. apr&iacute;la 2012 bude v pravidelnom \u010dase o 9.30 hodine vysiela\u0165 Druh&yacute; nemeck&yacute; verejnopr&aacute;vny kan&aacute;l ZDF evanjelick&eacute; slu\u017eby Bo\u017eie z kostola Krista (Christuskirche) v R&iacute;me. O kostole&nbsp;sme u\u017e p&iacute;sali. Teraz nie\u010do o tomto cirkevnom zbore. Zbor m&aacute; t.\u010d. 350 registrovan&yacute;ch \u010dlenov,&nbsp;v&auml;\u010d&scaron;inou nemeck&eacute;ho jazyka, ale s&uacute; medzi nimi aj talianskeho jazyka. Preto s&uacute; &#8230; <a title=\"Evanjelici v R\u00edme\" class=\"read-more\" href=\"https:\/\/www.e-anjelik.sk\/index.php\/2012\/04\/20\/evanjelici-v-rime\/\" aria-label=\"Pre\u010d\u00edtajte si viac o Evanjelici v R\u00edme\">\u010c\u00edta\u0165 viac<\/a><\/p>\n","protected":false},"author":22,"featured_media":0,"comment_status":"open","ping_status":"open","sticky":false,"template":"","format":"standard","meta":{"footnotes":""},"categories":[1],"tags":[200],"class_list":["post-4275","post","type-post","status-publish","format-standard","hentry","category-adventna-modlitba","tag-sluzby-bozie"],"_links":{"self":[{"href":"https:\/\/www.e-anjelik.sk\/index.php\/wp-json\/wp\/v2\/posts\/4275","targetHints":{"allow":["GET"]}}],"collection":[{"href":"https:\/\/www.e-anjelik.sk\/index.php\/wp-json\/wp\/v2\/posts"}],"about":[{"href":"https:\/\/www.e-anjelik.sk\/index.php\/wp-json\/wp\/v2\/types\/post"}],"author":[{"embeddable":true,"href":"https:\/\/www.e-anjelik.sk\/index.php\/wp-json\/wp\/v2\/users\/22"}],"replies":[{"embeddable":true,"href":"https:\/\/www.e-anjelik.sk\/index.php\/wp-json\/wp\/v2\/comments?post=4275"}],"version-history":[{"count":0,"href":"https:\/\/www.e-anjelik.sk\/index.php\/wp-json\/wp\/v2\/posts\/4275\/revisions"}],"wp:attachment":[{"href":"https:\/\/www.e-anjelik.sk\/index.php\/wp-json\/wp\/v2\/media?parent=4275"}],"wp:term":[{"taxonomy":"category","embeddable":true,"href":"https:\/\/www.e-anjelik.sk\/index.php\/wp-json\/wp\/v2\/categories?post=4275"},{"taxonomy":"post_tag","embeddable":true,"href":"https:\/\/www.e-anjelik.sk\/index.php\/wp-json\/wp\/v2\/tags?post=4275"}],"curies":[{"name":"wp","href":"https:\/\/api.w.org\/{rel}","templated":true}]}}