{"id":4282,"date":"2012-04-23T09:17:48","date_gmt":"2012-04-23T09:17:48","guid":{"rendered":"http:\/\/e-anjelik.sk\/?p=4282"},"modified":"2012-04-23T09:17:48","modified_gmt":"2012-04-23T09:17:48","slug":"valne-zhromazdenie-geke-v-septembri-2012","status":"publish","type":"post","link":"https:\/\/www.e-anjelik.sk\/index.php\/2012\/04\/23\/valne-zhromazdenie-geke-v-septembri-2012\/","title":{"rendered":"Valn\u00e9 zhroma\u017edenie GEKE v septembri 2012"},"content":{"rendered":"<p>Spolo\u010denstvo evanjelick&yacute;ch cirkv&iacute; Eur&oacute;py (GEKE)&nbsp;usporiada svoje valn&eacute; zhroma\u017edenie v \u010dase od 20. do 26. septembra 2012. Na podujat&iacute; odzneje spr&aacute;va predsedu, predstavenie nov&yacute;ch oblast&iacute; pr&aacute;ce ,vo\u013eby \u010dlenov rady, bud&uacute; sa kona\u0165 predn&aacute;&scaron;ky a&nbsp;diskusie vo f&oacute;rach. O aktu&aacute;lnych t&eacute;mach bude informova\u0165 medi&aacute;lna skupina, ktor&aacute; sa zi&scaron;la na pracovn&uacute; poradu vo Viedni 19. apr&iacute;la 2012.<\/p>\n<p>(<a href=\"http:\/\/www.evangelikus.hu\">www.evangelikus.hu<\/a>).<\/p>\n","protected":false},"excerpt":{"rendered":"<p>Spolo\u010denstvo evanjelick&yacute;ch cirkv&iacute; Eur&oacute;py (GEKE)&nbsp;usporiada svoje valn&eacute; zhroma\u017edenie v \u010dase od 20. do 26. septembra 2012. Na podujat&iacute; odzneje spr&aacute;va predsedu, predstavenie nov&yacute;ch oblast&iacute; pr&aacute;ce ,vo\u013eby \u010dlenov rady, bud&uacute; sa kona\u0165 predn&aacute;&scaron;ky a&nbsp;diskusie vo f&oacute;rach. O aktu&aacute;lnych t&eacute;mach bude informova\u0165 medi&aacute;lna skupina, ktor&aacute; sa zi&scaron;la na pracovn&uacute; poradu vo Viedni 19. apr&iacute;la 2012. (www.evangelikus.hu).<\/p>\n","protected":false},"author":22,"featured_media":0,"comment_status":"open","ping_status":"open","sticky":false,"template":"","format":"standard","meta":{"footnotes":""},"categories":[1],"tags":[234],"class_list":["post-4282","post","type-post","status-publish","format-standard","hentry","category-adventna-modlitba","tag-zdruzenia-a-skupiny"],"_links":{"self":[{"href":"https:\/\/www.e-anjelik.sk\/index.php\/wp-json\/wp\/v2\/posts\/4282","targetHints":{"allow":["GET"]}}],"collection":[{"href":"https:\/\/www.e-anjelik.sk\/index.php\/wp-json\/wp\/v2\/posts"}],"about":[{"href":"https:\/\/www.e-anjelik.sk\/index.php\/wp-json\/wp\/v2\/types\/post"}],"author":[{"embeddable":true,"href":"https:\/\/www.e-anjelik.sk\/index.php\/wp-json\/wp\/v2\/users\/22"}],"replies":[{"embeddable":true,"href":"https:\/\/www.e-anjelik.sk\/index.php\/wp-json\/wp\/v2\/comments?post=4282"}],"version-history":[{"count":0,"href":"https:\/\/www.e-anjelik.sk\/index.php\/wp-json\/wp\/v2\/posts\/4282\/revisions"}],"wp:attachment":[{"href":"https:\/\/www.e-anjelik.sk\/index.php\/wp-json\/wp\/v2\/media?parent=4282"}],"wp:term":[{"taxonomy":"category","embeddable":true,"href":"https:\/\/www.e-anjelik.sk\/index.php\/wp-json\/wp\/v2\/categories?post=4282"},{"taxonomy":"post_tag","embeddable":true,"href":"https:\/\/www.e-anjelik.sk\/index.php\/wp-json\/wp\/v2\/tags?post=4282"}],"curies":[{"name":"wp","href":"https:\/\/api.w.org\/{rel}","templated":true}]}}