{"id":4286,"date":"2012-04-26T07:33:52","date_gmt":"2012-04-26T07:33:52","guid":{"rendered":"http:\/\/e-anjelik.sk\/?p=4286"},"modified":"2012-04-26T07:33:52","modified_gmt":"2012-04-26T07:33:52","slug":"opera-v-kubicku-jakub-kray-premiera-13-juna-v-kezmarku","status":"publish","type":"post","link":"https:\/\/www.e-anjelik.sk\/index.php\/2012\/04\/26\/opera-v-kubicku-jakub-kray-premiera-13-juna-v-kezmarku\/","title":{"rendered":"opera V. Kubi\u010dku: Jakub Kray &#8211; premi\u00e9ra 13. J\u00fana v Ke\u017emarku"},"content":{"rendered":"<p class=\"MsoNormal\" style=\"text-indent: 36pt; line-height: 150%\"><span style=\"text-indent: 36pt; line-height: 150%\">Srde\u010dne V&aacute;s poz&yacute;vame na premi&eacute;ru historickej opery Jakub Kray V&iacute;\u0165azoslava Kubi\u010dku, ktor&aacute; sa uskuto\u010dn&iacute; v piatok 13.j&uacute;la o 19h v artikul&aacute;rnom chr&aacute;me evanjelickej cirkvi v Ke\u017emarku. Repr&iacute;za sa bude kona\u0165 22.j&uacute;la o 14:30 na Zimnom &scaron;tadi&oacute;ne v Bardejove.&nbsp;<\/span><\/p>\n<p class=\"MsoNormal\" style=\"text-indent: 36pt; line-height: 150%\">Opera Jakub Kray,&nbsp; v porad&iacute; desiate hudobno-dramatick&eacute; dielo V&iacute;\u0165azoslava Kubi\u010dku vznik&aacute; na spolo\u010dn&eacute; libreto Nory Bar&aacute;thovej a&nbsp;autora hudby. Dej opery sa odohr&aacute;va koncom 17.storo\u010dia v&nbsp;Ke\u017emarku v&nbsp;obdob&iacute; silnej&uacute;cej protireform&aacute;cie. Napriek tomu, \u017ee opera sa t&yacute;ka radu historick&yacute;ch udalost&iacute;, vzbura \u017eien ochra\u0148uj&uacute;cich ke\u017emarsk&yacute; chr&aacute;m proti ko&scaron;ick&eacute;mu probo&scaron;tovi, zvolenie ke\u017emarsk&eacute;ho vzdelanca Jakuba Kraya za richt&aacute;ra, priate\u013esk&eacute; prijatie R&aacute;kocziho vojsk v&nbsp;Ke\u017emarku v\u010faka pr&iacute;hovoru Jakuba Kraya, nesk&ocirc;r por&aacute;\u017eka R&aacute;kocziho a&nbsp;obliehanie Ke\u017emarku cis&aacute;rskymi vojskami, n&aacute;sledn&yacute; p&aacute;d mesta a&nbsp;napokon poprava popredn&yacute;ch mu\u017eov Ke\u017emarku na \u010dele s&nbsp;Jakubom Krayom, dej opery vn&iacute;mame cez osudy hlavnej postavy &ndash; hrdej ke\u017emarskej \u017eeny &ndash; M&aacute;rie Krayovej, ktor&aacute; stoj&iacute; na \u010dele vzb&uacute;ren&yacute;ch \u017eien a&nbsp;pre\u017e&iacute;va cez svoj osobn&yacute; osud i&nbsp;osudy Ke\u017emarku a&nbsp; slobodnej viery.<\/p>\n","protected":false},"excerpt":{"rendered":"<p>Srde\u010dne V&aacute;s poz&yacute;vame na premi&eacute;ru historickej opery Jakub Kray V&iacute;\u0165azoslava Kubi\u010dku, ktor&aacute; sa uskuto\u010dn&iacute; v piatok 13.j&uacute;la o 19h v artikul&aacute;rnom chr&aacute;me evanjelickej cirkvi v Ke\u017emarku. Repr&iacute;za sa bude kona\u0165 22.j&uacute;la o 14:30 na Zimnom &scaron;tadi&oacute;ne v Bardejove.&nbsp; Opera Jakub Kray,&nbsp; v porad&iacute; desiate hudobno-dramatick&eacute; dielo V&iacute;\u0165azoslava Kubi\u010dku vznik&aacute; na spolo\u010dn&eacute; libreto Nory Bar&aacute;thovej a&nbsp;autora &#8230; <a title=\"opera V. Kubi\u010dku: Jakub Kray &#8211; premi\u00e9ra 13. J\u00fana v Ke\u017emarku\" class=\"read-more\" href=\"https:\/\/www.e-anjelik.sk\/index.php\/2012\/04\/26\/opera-v-kubicku-jakub-kray-premiera-13-juna-v-kezmarku\/\" aria-label=\"Pre\u010d\u00edtajte si viac o opera V. Kubi\u010dku: Jakub Kray &#8211; premi\u00e9ra 13. J\u00fana v Ke\u017emarku\">\u010c\u00edta\u0165 viac<\/a><\/p>\n","protected":false},"author":1,"featured_media":0,"comment_status":"open","ping_status":"open","sticky":false,"template":"","format":"standard","meta":{"footnotes":""},"categories":[1],"tags":[],"class_list":["post-4286","post","type-post","status-publish","format-standard","hentry","category-adventna-modlitba"],"_links":{"self":[{"href":"https:\/\/www.e-anjelik.sk\/index.php\/wp-json\/wp\/v2\/posts\/4286","targetHints":{"allow":["GET"]}}],"collection":[{"href":"https:\/\/www.e-anjelik.sk\/index.php\/wp-json\/wp\/v2\/posts"}],"about":[{"href":"https:\/\/www.e-anjelik.sk\/index.php\/wp-json\/wp\/v2\/types\/post"}],"author":[{"embeddable":true,"href":"https:\/\/www.e-anjelik.sk\/index.php\/wp-json\/wp\/v2\/users\/1"}],"replies":[{"embeddable":true,"href":"https:\/\/www.e-anjelik.sk\/index.php\/wp-json\/wp\/v2\/comments?post=4286"}],"version-history":[{"count":0,"href":"https:\/\/www.e-anjelik.sk\/index.php\/wp-json\/wp\/v2\/posts\/4286\/revisions"}],"wp:attachment":[{"href":"https:\/\/www.e-anjelik.sk\/index.php\/wp-json\/wp\/v2\/media?parent=4286"}],"wp:term":[{"taxonomy":"category","embeddable":true,"href":"https:\/\/www.e-anjelik.sk\/index.php\/wp-json\/wp\/v2\/categories?post=4286"},{"taxonomy":"post_tag","embeddable":true,"href":"https:\/\/www.e-anjelik.sk\/index.php\/wp-json\/wp\/v2\/tags?post=4286"}],"curies":[{"name":"wp","href":"https:\/\/api.w.org\/{rel}","templated":true}]}}