{"id":4287,"date":"2012-04-25T09:19:03","date_gmt":"2012-04-25T09:19:03","guid":{"rendered":"http:\/\/e-anjelik.sk\/?p=4287"},"modified":"2012-04-25T09:19:03","modified_gmt":"2012-04-25T09:19:03","slug":"stretnutie-biskupov-v-cz-ecav-dlha-ves","status":"publish","type":"post","link":"https:\/\/www.e-anjelik.sk\/index.php\/2012\/04\/25\/stretnutie-biskupov-v-cz-ecav-dlha-ves\/","title":{"rendered":"Stretnutie biskupov v cz ECAV Dlh\u00e1 Ves"},"content":{"rendered":"<p>Cirkevn&yacute; zbor Dlh&aacute; Ves le\u017e&iacute; ne\u010faleko zn&aacute;mej jaskyne Domica. Obec m&aacute; 570 obyvate\u013eov, v&auml;\u010d&scaron;inou evanjelikov ma\u010farsk&eacute;ho jazyka. Do vla\u0148aj&scaron;ka v zbore sl&uacute;\u017eila s. far&aacute;rka A. Trencs&eacute;nyiov&aacute;, ktor&aacute; vlani n&aacute;hle umrela. Zbor administruje br. far&aacute;r Viliam Solarik, ktor&yacute; m&aacute; na starosti e&scaron;te \u010fal&scaron;&iacute;ch dev&auml;\u0165 diaspor. Tento na nede\u013eu 22. apr&iacute;la 2012&nbsp; v r&aacute;mci zborov&yacute;ch dn&iacute; pozval do zboru biskupa z Evanjelickej cirkvi v Ma\u010farsku Tam&aacute;sa Fab&iacute;nyho. Na slu\u017eb&aacute;ch Bo\u017e&iacute;ch bol pr&iacute;tomn&yacute; aj biskup VD&nbsp;ECAV Slavom&iacute;r Sabol. Obaja biskupi pred SB i po nich mali neform&aacute;lne rozhovory, najm&auml; o pomoci duchovn&yacute;ch z Ma\u010farska posl&uacute;\u017ei\u0165 ma\u010farsk&yacute;m evanjelikom v Ro\u017e\u0148ave a jej okol&iacute;. Bo\u017eie slovo zvestoval na text Ez 34,1-16 ma\u010farsk&yacute; biskup. Zboru sa prihovoril i dom&aacute;ci biskup Sabol, Dezider Ruszny&aacute;k,far&aacute;r z Gemera a di&scaron;triktu&aacute;lny dozorca Bencz&uacute;r L&aacute;szl&oacute;. Na SB vyst&uacute;pil i miestny spevokol. Po SB pozvan&iacute; hostia sa z&uacute;\u010dastnili obedu v miestnom penzi&oacute;ne. Poobede ma\u010farsk&yacute; biskup so sprievodom sa z&uacute;\u010dastnil SB&nbsp;i vo f&iacute;lii Ke\u010dovo. Cel&aacute; n&aacute;v&scaron;teva &nbsp;s pr&iacute;hovormi sl&uacute;\u017eila &quot;na posilnenie identity ma\u010farsk&eacute;ho evanjelictva a pocitu pr&iacute;slu&scaron;nosti k materskej krajine.&quot; Tento cie\u013e napln&iacute; aj partnerstvo cz Dlh&aacute; Ves s ma\u010farsk&yacute;m cz v Sz&aacute;zhalombatta.<\/p>\n<p>(<a href=\"http:\/\/www.evangelikus.hu\">www.evangelikus.hu<\/a>)<\/p>\n<p>&nbsp;<\/p>\n<p>&nbsp;<\/p>\n","protected":false},"excerpt":{"rendered":"<p>Cirkevn&yacute; zbor Dlh&aacute; Ves le\u017e&iacute; ne\u010faleko zn&aacute;mej jaskyne Domica. Obec m&aacute; 570 obyvate\u013eov, v&auml;\u010d&scaron;inou evanjelikov ma\u010farsk&eacute;ho jazyka. Do vla\u0148aj&scaron;ka v zbore sl&uacute;\u017eila s. far&aacute;rka A. Trencs&eacute;nyiov&aacute;, ktor&aacute; vlani n&aacute;hle umrela. Zbor administruje br. far&aacute;r Viliam Solarik, ktor&yacute; m&aacute; na starosti e&scaron;te \u010fal&scaron;&iacute;ch dev&auml;\u0165 diaspor. Tento na nede\u013eu 22. apr&iacute;la 2012&nbsp; v r&aacute;mci zborov&yacute;ch dn&iacute; pozval &#8230; <a title=\"Stretnutie biskupov v cz ECAV Dlh\u00e1 Ves\" class=\"read-more\" href=\"https:\/\/www.e-anjelik.sk\/index.php\/2012\/04\/25\/stretnutie-biskupov-v-cz-ecav-dlha-ves\/\" aria-label=\"Pre\u010d\u00edtajte si viac o Stretnutie biskupov v cz ECAV Dlh\u00e1 Ves\">\u010c\u00edta\u0165 viac<\/a><\/p>\n","protected":false},"author":22,"featured_media":0,"comment_status":"open","ping_status":"open","sticky":false,"template":"","format":"standard","meta":{"footnotes":""},"categories":[9,10],"tags":[],"class_list":["post-4287","post","type-post","status-publish","format-standard","hentry","category-europa","category-zo-sveta"],"_links":{"self":[{"href":"https:\/\/www.e-anjelik.sk\/index.php\/wp-json\/wp\/v2\/posts\/4287","targetHints":{"allow":["GET"]}}],"collection":[{"href":"https:\/\/www.e-anjelik.sk\/index.php\/wp-json\/wp\/v2\/posts"}],"about":[{"href":"https:\/\/www.e-anjelik.sk\/index.php\/wp-json\/wp\/v2\/types\/post"}],"author":[{"embeddable":true,"href":"https:\/\/www.e-anjelik.sk\/index.php\/wp-json\/wp\/v2\/users\/22"}],"replies":[{"embeddable":true,"href":"https:\/\/www.e-anjelik.sk\/index.php\/wp-json\/wp\/v2\/comments?post=4287"}],"version-history":[{"count":0,"href":"https:\/\/www.e-anjelik.sk\/index.php\/wp-json\/wp\/v2\/posts\/4287\/revisions"}],"wp:attachment":[{"href":"https:\/\/www.e-anjelik.sk\/index.php\/wp-json\/wp\/v2\/media?parent=4287"}],"wp:term":[{"taxonomy":"category","embeddable":true,"href":"https:\/\/www.e-anjelik.sk\/index.php\/wp-json\/wp\/v2\/categories?post=4287"},{"taxonomy":"post_tag","embeddable":true,"href":"https:\/\/www.e-anjelik.sk\/index.php\/wp-json\/wp\/v2\/tags?post=4287"}],"curies":[{"name":"wp","href":"https:\/\/api.w.org\/{rel}","templated":true}]}}