{"id":4294,"date":"2012-04-26T08:37:14","date_gmt":"2012-04-26T08:37:14","guid":{"rendered":"http:\/\/e-anjelik.sk\/?p=4294"},"modified":"2012-04-26T08:37:14","modified_gmt":"2012-04-26T08:37:14","slug":"island-ma-prvu-biskupku-zenu","status":"publish","type":"post","link":"https:\/\/www.e-anjelik.sk\/index.php\/2012\/04\/26\/island-ma-prvu-biskupku-zenu\/","title":{"rendered":"Island m\u00e1 prv\u00fa biskupku &#8211; \u017eenu"},"content":{"rendered":"<p>Voli\u010di v druhom kole volieb 25. apr&iacute;la 2012 zvolili za biskupa Islandskej n&aacute;rodnej cirkvi (luter&aacute;nskej) 57-ro\u010dn&uacute; Agnes M.Sigurdardottir. Z&iacute;skala 307 hlasov, k&yacute;m jej protikandid&aacute;t Sigurdur Arni Bordarson 152 hlasov. Prv&eacute; kolo volieb sa konalo 23. apr&iacute;la a z&uacute;\u010dastnilo sa ho osem kandid&aacute;tov.<\/p>\n<p>Kto je Sigurdardottir?&nbsp; Narodila sa v rodine pastora a dekana. Aj ona bola far&aacute;rkou a dekankou v oblasti fjordov. Vydala sa za hudobn&iacute;ka Hannesa Baldurssona. Spolu mali tri deti . Nov&aacute; biskupka&nbsp;bude in&scaron;talovan&aacute; v nede\u013eu&nbsp;24. j&uacute;na 2012 a &uacute;rad od svoho predchodcu&nbsp; biskupa Karla Sigurdbjoernssona prevezme 1. j&uacute;la.<\/p>\n<p>(<a href=\"http:\/\/www.kirken.no\">www.kirken.no<\/a>) a r&ocirc;zne islandsk&eacute; zdroje<\/p>\n","protected":false},"excerpt":{"rendered":"<p>Voli\u010di v druhom kole volieb 25. apr&iacute;la 2012 zvolili za biskupa Islandskej n&aacute;rodnej cirkvi (luter&aacute;nskej) 57-ro\u010dn&uacute; Agnes M.Sigurdardottir. Z&iacute;skala 307 hlasov, k&yacute;m jej protikandid&aacute;t Sigurdur Arni Bordarson 152 hlasov. Prv&eacute; kolo volieb sa konalo 23. apr&iacute;la a z&uacute;\u010dastnilo sa ho osem kandid&aacute;tov. Kto je Sigurdardottir?&nbsp; Narodila sa v rodine pastora a dekana. Aj ona bola &#8230; <a title=\"Island m\u00e1 prv\u00fa biskupku &#8211; \u017eenu\" class=\"read-more\" href=\"https:\/\/www.e-anjelik.sk\/index.php\/2012\/04\/26\/island-ma-prvu-biskupku-zenu\/\" aria-label=\"Pre\u010d\u00edtajte si viac o Island m\u00e1 prv\u00fa biskupku &#8211; \u017eenu\">\u010c\u00edta\u0165 viac<\/a><\/p>\n","protected":false},"author":22,"featured_media":0,"comment_status":"open","ping_status":"open","sticky":false,"template":"","format":"standard","meta":{"footnotes":""},"categories":[9,10],"tags":[],"class_list":["post-4294","post","type-post","status-publish","format-standard","hentry","category-europa","category-zo-sveta"],"_links":{"self":[{"href":"https:\/\/www.e-anjelik.sk\/index.php\/wp-json\/wp\/v2\/posts\/4294","targetHints":{"allow":["GET"]}}],"collection":[{"href":"https:\/\/www.e-anjelik.sk\/index.php\/wp-json\/wp\/v2\/posts"}],"about":[{"href":"https:\/\/www.e-anjelik.sk\/index.php\/wp-json\/wp\/v2\/types\/post"}],"author":[{"embeddable":true,"href":"https:\/\/www.e-anjelik.sk\/index.php\/wp-json\/wp\/v2\/users\/22"}],"replies":[{"embeddable":true,"href":"https:\/\/www.e-anjelik.sk\/index.php\/wp-json\/wp\/v2\/comments?post=4294"}],"version-history":[{"count":0,"href":"https:\/\/www.e-anjelik.sk\/index.php\/wp-json\/wp\/v2\/posts\/4294\/revisions"}],"wp:attachment":[{"href":"https:\/\/www.e-anjelik.sk\/index.php\/wp-json\/wp\/v2\/media?parent=4294"}],"wp:term":[{"taxonomy":"category","embeddable":true,"href":"https:\/\/www.e-anjelik.sk\/index.php\/wp-json\/wp\/v2\/categories?post=4294"},{"taxonomy":"post_tag","embeddable":true,"href":"https:\/\/www.e-anjelik.sk\/index.php\/wp-json\/wp\/v2\/tags?post=4294"}],"curies":[{"name":"wp","href":"https:\/\/api.w.org\/{rel}","templated":true}]}}