{"id":4304,"date":"2012-04-30T08:30:42","date_gmt":"2012-04-30T08:30:42","guid":{"rendered":"http:\/\/e-anjelik.sk\/?p=4304"},"modified":"2012-04-30T08:30:42","modified_gmt":"2012-04-30T08:30:42","slug":"biskup-szemerei-janos-v-eisenstadte","status":"publish","type":"post","link":"https:\/\/www.e-anjelik.sk\/index.php\/2012\/04\/30\/biskup-szemerei-janos-v-eisenstadte\/","title":{"rendered":"Biskup Szemerei J\u00e1nos v Eisenstadte"},"content":{"rendered":"<p>Biskup Z&aacute;padn&eacute;ho di&scaron;triktu Evanjelickej cirkvi v Ma\u010farsku Szemerei J&aacute;nos z mesta R&aacute;bu \/Gyor\/ nav&scaron;t&iacute;vil 19. apr&iacute;la 2012&nbsp;hlavn&eacute; mesto rak&uacute;skej spolkovej krajiny Burgenlandu Eisenstadt. Na n&aacute;v&scaron;teve u tamoj&scaron;ieho ev. superintendenta Manfreda Kocha boli na programe rozhovory o spolo\u010dn&yacute;ch projektoch oboch diec&eacute;z. Z nich o.i. vypl&yacute;va, \u017ee od sept. 2012 sa zriadi jedno spolo\u010dn&eacute; miesto u\u010dite\u013ea n&aacute;bo\u017eenstva pre ma\u010farsk&eacute; i rak&uacute;ske &uacute;zemie . Okrem toho vypracuj&uacute; trasu historick&yacute;ch miest na oboch stran&aacute;ch hran&iacute;c, po ktorej bud&uacute; putova\u0165 evanjelici. Trasa sa bude vola\u0165&nbsp;&quot;cesta tolerancie&quot;. Na rozhovoroch bol pr&iacute;tomn&yacute; aj burganlandsk&yacute; senior Otto Mesmer.<\/p>\n<p>(<a href=\"http:\/\/www.evangelikus.hu\">www.evangelikus.hu<\/a>)<\/p>\n","protected":false},"excerpt":{"rendered":"<p>Biskup Z&aacute;padn&eacute;ho di&scaron;triktu Evanjelickej cirkvi v Ma\u010farsku Szemerei J&aacute;nos z mesta R&aacute;bu \/Gyor\/ nav&scaron;t&iacute;vil 19. apr&iacute;la 2012&nbsp;hlavn&eacute; mesto rak&uacute;skej spolkovej krajiny Burgenlandu Eisenstadt. Na n&aacute;v&scaron;teve u tamoj&scaron;ieho ev. superintendenta Manfreda Kocha boli na programe rozhovory o spolo\u010dn&yacute;ch projektoch oboch diec&eacute;z. Z nich o.i. vypl&yacute;va, \u017ee od sept. 2012 sa zriadi jedno spolo\u010dn&eacute; miesto u\u010dite\u013ea n&aacute;bo\u017eenstva &#8230; <a title=\"Biskup Szemerei J\u00e1nos v Eisenstadte\" class=\"read-more\" href=\"https:\/\/www.e-anjelik.sk\/index.php\/2012\/04\/30\/biskup-szemerei-janos-v-eisenstadte\/\" aria-label=\"Pre\u010d\u00edtajte si viac o Biskup Szemerei J\u00e1nos v Eisenstadte\">\u010c\u00edta\u0165 viac<\/a><\/p>\n","protected":false},"author":22,"featured_media":0,"comment_status":"open","ping_status":"open","sticky":false,"template":"","format":"standard","meta":{"footnotes":""},"categories":[9,10],"tags":[],"class_list":["post-4304","post","type-post","status-publish","format-standard","hentry","category-europa","category-zo-sveta"],"_links":{"self":[{"href":"https:\/\/www.e-anjelik.sk\/index.php\/wp-json\/wp\/v2\/posts\/4304","targetHints":{"allow":["GET"]}}],"collection":[{"href":"https:\/\/www.e-anjelik.sk\/index.php\/wp-json\/wp\/v2\/posts"}],"about":[{"href":"https:\/\/www.e-anjelik.sk\/index.php\/wp-json\/wp\/v2\/types\/post"}],"author":[{"embeddable":true,"href":"https:\/\/www.e-anjelik.sk\/index.php\/wp-json\/wp\/v2\/users\/22"}],"replies":[{"embeddable":true,"href":"https:\/\/www.e-anjelik.sk\/index.php\/wp-json\/wp\/v2\/comments?post=4304"}],"version-history":[{"count":0,"href":"https:\/\/www.e-anjelik.sk\/index.php\/wp-json\/wp\/v2\/posts\/4304\/revisions"}],"wp:attachment":[{"href":"https:\/\/www.e-anjelik.sk\/index.php\/wp-json\/wp\/v2\/media?parent=4304"}],"wp:term":[{"taxonomy":"category","embeddable":true,"href":"https:\/\/www.e-anjelik.sk\/index.php\/wp-json\/wp\/v2\/categories?post=4304"},{"taxonomy":"post_tag","embeddable":true,"href":"https:\/\/www.e-anjelik.sk\/index.php\/wp-json\/wp\/v2\/tags?post=4304"}],"curies":[{"name":"wp","href":"https:\/\/api.w.org\/{rel}","templated":true}]}}