{"id":4305,"date":"2012-04-30T09:02:23","date_gmt":"2012-04-30T09:02:23","guid":{"rendered":"http:\/\/e-anjelik.sk\/?p=4305"},"modified":"2012-04-30T09:02:23","modified_gmt":"2012-04-30T09:02:23","slug":"bude-jarne-zasadnutie-gen-synody-ev-lut-cirkvi-finska","status":"publish","type":"post","link":"https:\/\/www.e-anjelik.sk\/index.php\/2012\/04\/30\/bude-jarne-zasadnutie-gen-synody-ev-lut-cirkvi-finska\/","title":{"rendered":"Bude jarn\u00e9 zasadnutie gen. synody Ev. lut. cirkvi F\u00ednska"},"content":{"rendered":"<p>V \u010dase od 7. do 11. m&aacute;ja t.r. sa v s&iacute;dle arcibiskupa F&iacute;nskej ev. lut. cirkvi v Turku bude kona\u0165 jarn&eacute; zasadnutie novozvolenej gen. synody tejto cirkvi. Na za\u010diatku bud&uacute; slu\u017eby Bo\u017eie v katedr&aacute;le, kde bude k&aacute;za\u0165 biskupka Irja Askola z Hels&iacute;nk. Po nich na synode prednesie prejav arcibiskup Kari M&auml;kinen. Synoda schv&aacute;li dohodu cirkvi s Ev. lut. cirkvou v Ju\u017enej Afrike. Prijme z&aacute;sady platieb za pohreby a schv&aacute;li z&aacute;kon o ochrane cirkevn&yacute;ch budov. V utorok na synodu pr&iacute;de aj minister vn&uacute;tra P.R&auml;sain&auml;n,ktor&yacute; m&aacute; na starosti aj z&aacute;le\u017eitosti cirkv&iacute;.<\/p>\n<p>Gen. synoda m&aacute; 96 \u010dlenov, z nich s&uacute; dve tretiny neordinovan&iacute;, tretina ordinovan&iacute;.\u010ealej s&uacute; tam diec&eacute;zni biskupi, vojensk&yacute; biskup, jeden reprezentant men&scaron;iny Saamov a jeden z&aacute;stupca &scaron;t&aacute;tu.&nbsp;Volen&iacute; s&uacute; na &scaron;tyri roky. Gen. synoda je najvy&scaron;&scaron;&iacute;m&nbsp;rozhoduj&uacute;cim org&aacute;nom cirkvi. Zasad&aacute; v\u017edy v m&aacute;ji a v&nbsp;novembri.&nbsp;<\/p>\n<p>(evl.fi)<\/p>\n","protected":false},"excerpt":{"rendered":"<p>V \u010dase od 7. do 11. m&aacute;ja t.r. sa v s&iacute;dle arcibiskupa F&iacute;nskej ev. lut. cirkvi v Turku bude kona\u0165 jarn&eacute; zasadnutie novozvolenej gen. synody tejto cirkvi. Na za\u010diatku bud&uacute; slu\u017eby Bo\u017eie v katedr&aacute;le, kde bude k&aacute;za\u0165 biskupka Irja Askola z Hels&iacute;nk. Po nich na synode prednesie prejav arcibiskup Kari M&auml;kinen. Synoda schv&aacute;li dohodu cirkvi &#8230; <a title=\"Bude jarn\u00e9 zasadnutie gen. synody Ev. lut. cirkvi F\u00ednska\" class=\"read-more\" href=\"https:\/\/www.e-anjelik.sk\/index.php\/2012\/04\/30\/bude-jarne-zasadnutie-gen-synody-ev-lut-cirkvi-finska\/\" aria-label=\"Pre\u010d\u00edtajte si viac o Bude jarn\u00e9 zasadnutie gen. synody Ev. lut. cirkvi F\u00ednska\">\u010c\u00edta\u0165 viac<\/a><\/p>\n","protected":false},"author":22,"featured_media":0,"comment_status":"open","ping_status":"open","sticky":false,"template":"","format":"standard","meta":{"footnotes":""},"categories":[9,10],"tags":[],"class_list":["post-4305","post","type-post","status-publish","format-standard","hentry","category-europa","category-zo-sveta"],"_links":{"self":[{"href":"https:\/\/www.e-anjelik.sk\/index.php\/wp-json\/wp\/v2\/posts\/4305","targetHints":{"allow":["GET"]}}],"collection":[{"href":"https:\/\/www.e-anjelik.sk\/index.php\/wp-json\/wp\/v2\/posts"}],"about":[{"href":"https:\/\/www.e-anjelik.sk\/index.php\/wp-json\/wp\/v2\/types\/post"}],"author":[{"embeddable":true,"href":"https:\/\/www.e-anjelik.sk\/index.php\/wp-json\/wp\/v2\/users\/22"}],"replies":[{"embeddable":true,"href":"https:\/\/www.e-anjelik.sk\/index.php\/wp-json\/wp\/v2\/comments?post=4305"}],"version-history":[{"count":0,"href":"https:\/\/www.e-anjelik.sk\/index.php\/wp-json\/wp\/v2\/posts\/4305\/revisions"}],"wp:attachment":[{"href":"https:\/\/www.e-anjelik.sk\/index.php\/wp-json\/wp\/v2\/media?parent=4305"}],"wp:term":[{"taxonomy":"category","embeddable":true,"href":"https:\/\/www.e-anjelik.sk\/index.php\/wp-json\/wp\/v2\/categories?post=4305"},{"taxonomy":"post_tag","embeddable":true,"href":"https:\/\/www.e-anjelik.sk\/index.php\/wp-json\/wp\/v2\/tags?post=4305"}],"curies":[{"name":"wp","href":"https:\/\/api.w.org\/{rel}","templated":true}]}}