{"id":4308,"date":"2012-05-01T09:52:05","date_gmt":"2012-05-01T09:52:05","guid":{"rendered":"http:\/\/e-anjelik.sk\/?p=4308"},"modified":"2012-05-01T09:52:05","modified_gmt":"2012-05-01T09:52:05","slug":"medzinarodna-konzultacia-v-indii-o-ludskych-pravach","status":"publish","type":"post","link":"https:\/\/www.e-anjelik.sk\/index.php\/2012\/05\/01\/medzinarodna-konzultacia-v-indii-o-ludskych-pravach\/","title":{"rendered":"Medzin\u00e1rodn\u00e1 konzult\u00e1cia v Indii o \u013eudsk\u00fdch pr\u00e1vach"},"content":{"rendered":"<p>Medzin&aacute;rodn&aacute;&nbsp; konzult&aacute;cia s n&aacute;zvom &quot; Ekumenick&aacute; advok&aacute;cia pri ochrane \u013eudsk&yacute;ch pr&aacute;v migruj&uacute;cich pracovn&iacute;kov v regi&oacute;ne Perzsk&eacute;ho z&aacute;livu&quot; sa kon&aacute; od 29. apr&iacute;la do 2. m&aacute;ja 2012 v Santhigiri a&scaron;ram, Kerala, India. Organizuje ju Komisia cirkv&iacute; pre medzin&aacute;rodn&eacute; ot&aacute;zky Svetovej rady cirkv&iacute; za pomoci Ekumenickej rady &Aacute;zie. Na konzult&aacute;cii sa z&uacute;\u010dast\u0148uj&uacute; z&aacute;stupcovia cirkv&iacute;, ekumenick&yacute;ch organiz&aacute;ci&iacute;, &scaron;pecializovan&yacute;ch&nbsp;ministerstiev z Bl&iacute;zkeho V&yacute;chodu, &Aacute;zie, Afriky a&nbsp;Eur&oacute;py,rovnako ako z&aacute;stupcovia migruj&uacute;cich pracovn&iacute;kov z arabsk&yacute;ch kraj&iacute;n Perzsk&eacute;ho z&aacute;livu.<\/p>\n<p>(<a href=\"http:\/\/www.oicoumene.org\">www.oicoumene.org<\/a>)&nbsp;<\/p>\n","protected":false},"excerpt":{"rendered":"<p>Medzin&aacute;rodn&aacute;&nbsp; konzult&aacute;cia s n&aacute;zvom &quot; Ekumenick&aacute; advok&aacute;cia pri ochrane \u013eudsk&yacute;ch pr&aacute;v migruj&uacute;cich pracovn&iacute;kov v regi&oacute;ne Perzsk&eacute;ho z&aacute;livu&quot; sa kon&aacute; od 29. apr&iacute;la do 2. m&aacute;ja 2012 v Santhigiri a&scaron;ram, Kerala, India. Organizuje ju Komisia cirkv&iacute; pre medzin&aacute;rodn&eacute; ot&aacute;zky Svetovej rady cirkv&iacute; za pomoci Ekumenickej rady &Aacute;zie. Na konzult&aacute;cii sa z&uacute;\u010dast\u0148uj&uacute; z&aacute;stupcovia cirkv&iacute;, ekumenick&yacute;ch organiz&aacute;ci&iacute;, &scaron;pecializovan&yacute;ch&nbsp;ministerstiev &#8230; <a title=\"Medzin\u00e1rodn\u00e1 konzult\u00e1cia v Indii o \u013eudsk\u00fdch pr\u00e1vach\" class=\"read-more\" href=\"https:\/\/www.e-anjelik.sk\/index.php\/2012\/05\/01\/medzinarodna-konzultacia-v-indii-o-ludskych-pravach\/\" aria-label=\"Pre\u010d\u00edtajte si viac o Medzin\u00e1rodn\u00e1 konzult\u00e1cia v Indii o \u013eudsk\u00fdch pr\u00e1vach\">\u010c\u00edta\u0165 viac<\/a><\/p>\n","protected":false},"author":22,"featured_media":0,"comment_status":"open","ping_status":"open","sticky":false,"template":"","format":"standard","meta":{"footnotes":""},"categories":[2],"tags":[234],"class_list":["post-4308","post","type-post","status-publish","format-standard","hentry","category-ekumena","tag-zdruzenia-a-skupiny"],"_links":{"self":[{"href":"https:\/\/www.e-anjelik.sk\/index.php\/wp-json\/wp\/v2\/posts\/4308","targetHints":{"allow":["GET"]}}],"collection":[{"href":"https:\/\/www.e-anjelik.sk\/index.php\/wp-json\/wp\/v2\/posts"}],"about":[{"href":"https:\/\/www.e-anjelik.sk\/index.php\/wp-json\/wp\/v2\/types\/post"}],"author":[{"embeddable":true,"href":"https:\/\/www.e-anjelik.sk\/index.php\/wp-json\/wp\/v2\/users\/22"}],"replies":[{"embeddable":true,"href":"https:\/\/www.e-anjelik.sk\/index.php\/wp-json\/wp\/v2\/comments?post=4308"}],"version-history":[{"count":0,"href":"https:\/\/www.e-anjelik.sk\/index.php\/wp-json\/wp\/v2\/posts\/4308\/revisions"}],"wp:attachment":[{"href":"https:\/\/www.e-anjelik.sk\/index.php\/wp-json\/wp\/v2\/media?parent=4308"}],"wp:term":[{"taxonomy":"category","embeddable":true,"href":"https:\/\/www.e-anjelik.sk\/index.php\/wp-json\/wp\/v2\/categories?post=4308"},{"taxonomy":"post_tag","embeddable":true,"href":"https:\/\/www.e-anjelik.sk\/index.php\/wp-json\/wp\/v2\/tags?post=4308"}],"curies":[{"name":"wp","href":"https:\/\/api.w.org\/{rel}","templated":true}]}}