{"id":4314,"date":"2012-05-02T09:47:37","date_gmt":"2012-05-02T09:47:37","guid":{"rendered":"http:\/\/e-anjelik.sk\/?p=4314"},"modified":"2012-05-02T09:47:37","modified_gmt":"2012-05-02T09:47:37","slug":"66-rocny-monarcha-svedska","status":"publish","type":"post","link":"https:\/\/www.e-anjelik.sk\/index.php\/2012\/05\/02\/66-rocny-monarcha-svedska\/","title":{"rendered":"66-ro\u010dn\u00fd monarcha \u0160v\u00e9dska"},"content":{"rendered":"<p>30. apr&iacute;la t.r. boli na n&aacute;dvor&iacute; Kr&aacute;\u013eovsk&eacute;ho pal&aacute;ca v &Scaron;tokholme oslavy 66. naroden&iacute;n &scaron;v&eacute;dskeho kr&aacute;\u013ea Carla XVI.Gustafa. Za pr&iacute;tomnosti nieko\u013eko sto \u013eud&iacute; na za\u010diatku zahrala n&aacute;morn&iacute;cka hudba. Boli tam skladby zo skup&iacute;n Archy a Abby. Potom sa kr&aacute;\u013e pozdravil so str&aacute;\u017eou a prijal gratul&aacute;cie s kvetmi od det&iacute;. O 12.25 hodine pri&scaron;iel kr&aacute;\u013e z dvora op&auml;tovne.Teraz v doprovode princa Carla Philippa. Korunn&aacute; princezn&aacute; Victoria&nbsp;a princ Daniel ofici&aacute;lne na tejto \u010dasti neboli &uacute;\u010dastn&iacute;, ale uk&aacute;zali sa v okne&nbsp;pal&aacute;ca, ba otec princ Daniel uk&aacute;zal na rados\u0165 jasaj&uacute;cemu davu z okna dvojmesa\u010dn&uacute; dc&eacute;rku Estelle, ktor&aacute; bude pokrsten&aacute; v&nbsp;utorok 22. m&aacute;ja t.r.v Z&aacute;mockom chr&aacute;me.&nbsp;<\/p>\n<p>(<a href=\"http:\/\/www.dagen.se\">www.dagen.se<\/a>)<\/p>\n","protected":false},"excerpt":{"rendered":"<p>30. apr&iacute;la t.r. boli na n&aacute;dvor&iacute; Kr&aacute;\u013eovsk&eacute;ho pal&aacute;ca v &Scaron;tokholme oslavy 66. naroden&iacute;n &scaron;v&eacute;dskeho kr&aacute;\u013ea Carla XVI.Gustafa. Za pr&iacute;tomnosti nieko\u013eko sto \u013eud&iacute; na za\u010diatku zahrala n&aacute;morn&iacute;cka hudba. Boli tam skladby zo skup&iacute;n Archy a Abby. Potom sa kr&aacute;\u013e pozdravil so str&aacute;\u017eou a prijal gratul&aacute;cie s kvetmi od det&iacute;. O 12.25 hodine pri&scaron;iel kr&aacute;\u013e z dvora &#8230; <a title=\"66-ro\u010dn\u00fd monarcha \u0160v\u00e9dska\" class=\"read-more\" href=\"https:\/\/www.e-anjelik.sk\/index.php\/2012\/05\/02\/66-rocny-monarcha-svedska\/\" aria-label=\"Pre\u010d\u00edtajte si viac o 66-ro\u010dn\u00fd monarcha \u0160v\u00e9dska\">\u010c\u00edta\u0165 viac<\/a><\/p>\n","protected":false},"author":22,"featured_media":0,"comment_status":"open","ping_status":"open","sticky":false,"template":"","format":"standard","meta":{"footnotes":""},"categories":[1],"tags":[242],"class_list":["post-4314","post","type-post","status-publish","format-standard","hentry","category-adventna-modlitba","tag-slavnosti"],"_links":{"self":[{"href":"https:\/\/www.e-anjelik.sk\/index.php\/wp-json\/wp\/v2\/posts\/4314","targetHints":{"allow":["GET"]}}],"collection":[{"href":"https:\/\/www.e-anjelik.sk\/index.php\/wp-json\/wp\/v2\/posts"}],"about":[{"href":"https:\/\/www.e-anjelik.sk\/index.php\/wp-json\/wp\/v2\/types\/post"}],"author":[{"embeddable":true,"href":"https:\/\/www.e-anjelik.sk\/index.php\/wp-json\/wp\/v2\/users\/22"}],"replies":[{"embeddable":true,"href":"https:\/\/www.e-anjelik.sk\/index.php\/wp-json\/wp\/v2\/comments?post=4314"}],"version-history":[{"count":0,"href":"https:\/\/www.e-anjelik.sk\/index.php\/wp-json\/wp\/v2\/posts\/4314\/revisions"}],"wp:attachment":[{"href":"https:\/\/www.e-anjelik.sk\/index.php\/wp-json\/wp\/v2\/media?parent=4314"}],"wp:term":[{"taxonomy":"category","embeddable":true,"href":"https:\/\/www.e-anjelik.sk\/index.php\/wp-json\/wp\/v2\/categories?post=4314"},{"taxonomy":"post_tag","embeddable":true,"href":"https:\/\/www.e-anjelik.sk\/index.php\/wp-json\/wp\/v2\/tags?post=4314"}],"curies":[{"name":"wp","href":"https:\/\/api.w.org\/{rel}","templated":true}]}}