{"id":4315,"date":"2012-05-02T10:42:12","date_gmt":"2012-05-02T10:42:12","guid":{"rendered":"http:\/\/e-anjelik.sk\/?p=4315"},"modified":"2012-05-02T10:42:12","modified_gmt":"2012-05-02T10:42:12","slug":"v-bavorsku-800-bohosluzieb-pod-holym-nebom","status":"publish","type":"post","link":"https:\/\/www.e-anjelik.sk\/index.php\/2012\/05\/02\/v-bavorsku-800-bohosluzieb-pod-holym-nebom\/","title":{"rendered":"V Bavorsku 800 bohoslu\u017eieb pod hol\u00fdm nebom"},"content":{"rendered":"<p>Tohto roku Evanjelick&aacute; luter&aacute;nska krajinsk&aacute; cirkev v Bavorsku zorganizuje v letn&yacute;ch mesiacoch 800 slu\u017eieb Bo\u017e&iacute;ch pod hol&yacute;m nebom. Bohoslu\u017eby sa bud&uacute; kona\u0165 na vrcholcoch h&ocirc;r, pri jazer&aacute;ch a v lesn&yacute;ch \u010distin&aacute;ch. N&aacute;v&scaron;tevn&iacute;ci najviac ob\u013eubuj&uacute; tak&eacute;to podujatia pri v&yacute;chode alebo z&aacute;pade slnka.Najv&auml;\u010d&scaron;&iacute; po\u010det pon&uacute;ka cirkevn&yacute; zbor v Garmisch &#8211; Partenkirchene. V lete s&uacute; tam takmer ka\u017ed&uacute; nede\u013eu SB v hor&aacute;ch.<\/p>\n<p>(<a href=\"http:\/\/www.bayern-evangelisch.de\">www.bayern-evangelisch.de<\/a>)<\/p>\n","protected":false},"excerpt":{"rendered":"<p>Tohto roku Evanjelick&aacute; luter&aacute;nska krajinsk&aacute; cirkev v Bavorsku zorganizuje v letn&yacute;ch mesiacoch 800 slu\u017eieb Bo\u017e&iacute;ch pod hol&yacute;m nebom. Bohoslu\u017eby sa bud&uacute; kona\u0165 na vrcholcoch h&ocirc;r, pri jazer&aacute;ch a v lesn&yacute;ch \u010distin&aacute;ch. N&aacute;v&scaron;tevn&iacute;ci najviac ob\u013eubuj&uacute; tak&eacute;to podujatia pri v&yacute;chode alebo z&aacute;pade slnka.Najv&auml;\u010d&scaron;&iacute; po\u010det pon&uacute;ka cirkevn&yacute; zbor v Garmisch &#8211; Partenkirchene. V lete s&uacute; tam takmer ka\u017ed&uacute; &#8230; <a title=\"V Bavorsku 800 bohoslu\u017eieb pod hol\u00fdm nebom\" class=\"read-more\" href=\"https:\/\/www.e-anjelik.sk\/index.php\/2012\/05\/02\/v-bavorsku-800-bohosluzieb-pod-holym-nebom\/\" aria-label=\"Pre\u010d\u00edtajte si viac o V Bavorsku 800 bohoslu\u017eieb pod hol\u00fdm nebom\">\u010c\u00edta\u0165 viac<\/a><\/p>\n","protected":false},"author":22,"featured_media":0,"comment_status":"open","ping_status":"open","sticky":false,"template":"","format":"standard","meta":{"footnotes":""},"categories":[1],"tags":[249],"class_list":["post-4315","post","type-post","status-publish","format-standard","hentry","category-adventna-modlitba","tag-bohosluzby"],"_links":{"self":[{"href":"https:\/\/www.e-anjelik.sk\/index.php\/wp-json\/wp\/v2\/posts\/4315","targetHints":{"allow":["GET"]}}],"collection":[{"href":"https:\/\/www.e-anjelik.sk\/index.php\/wp-json\/wp\/v2\/posts"}],"about":[{"href":"https:\/\/www.e-anjelik.sk\/index.php\/wp-json\/wp\/v2\/types\/post"}],"author":[{"embeddable":true,"href":"https:\/\/www.e-anjelik.sk\/index.php\/wp-json\/wp\/v2\/users\/22"}],"replies":[{"embeddable":true,"href":"https:\/\/www.e-anjelik.sk\/index.php\/wp-json\/wp\/v2\/comments?post=4315"}],"version-history":[{"count":0,"href":"https:\/\/www.e-anjelik.sk\/index.php\/wp-json\/wp\/v2\/posts\/4315\/revisions"}],"wp:attachment":[{"href":"https:\/\/www.e-anjelik.sk\/index.php\/wp-json\/wp\/v2\/media?parent=4315"}],"wp:term":[{"taxonomy":"category","embeddable":true,"href":"https:\/\/www.e-anjelik.sk\/index.php\/wp-json\/wp\/v2\/categories?post=4315"},{"taxonomy":"post_tag","embeddable":true,"href":"https:\/\/www.e-anjelik.sk\/index.php\/wp-json\/wp\/v2\/tags?post=4315"}],"curies":[{"name":"wp","href":"https:\/\/api.w.org\/{rel}","templated":true}]}}