{"id":4321,"date":"2012-05-04T13:06:17","date_gmt":"2012-05-04T13:06:17","guid":{"rendered":"http:\/\/e-anjelik.sk\/?p=4321"},"modified":"2012-05-04T13:06:17","modified_gmt":"2012-05-04T13:06:17","slug":"evanjelicka-identita-v-rigelotyssko","status":"publish","type":"post","link":"https:\/\/www.e-anjelik.sk\/index.php\/2012\/05\/04\/evanjelicka-identita-v-rigelotyssko\/","title":{"rendered":"Evanjelick\u00e1 identita v Rige,Loty\u0161sko"},"content":{"rendered":"<p>26. a 27. apr&iacute;la 2012 konalo sa &nbsp;v Rige stretnutie biskupov troch pobaltsk&yacute;ch a dvoch rusk&yacute;ch \u010dlensk&yacute;ch cirkv&iacute; Svetov&eacute;ho luter&aacute;nskeho zv&auml;zu. Na porade bol pr&iacute;tomn&yacute; Martin Junge, gen. tajomn&iacute;k SLZ, Eva Sybille Vogel Mfato, eur&oacute;pska referentka ako aj biskup Tam&aacute;s Fab&iacute;ny ,podpredseda SLZ, zodpovedn&yacute; za regi&oacute;n Strednej a &nbsp;V&yacute;chodnej Eur&oacute;py. Loty&scaron;sk&uacute; cirkev zastupovali: arcibiskup Janis Vanags, biskup Einars Alpe a biskup Pavils Bruvers. Litovsk&uacute; cirkev: biskup Mindauskas Sabutis.Est&oacute;nsku cirkev: arcibiskup Andres Poeder, asesor Tiit Salum&auml;e a ved&uacute;ca administrat&iacute;vy Urmas Viilma. ELKRAS zastupoval biskup z Moskvy Dietrich Brauer a ELCI jej biskup Arri Kugappi. Na programe bola rozsiahla diskusia o zachovan&iacute; evanjelickej identity pri pr&iacute;prave osl&aacute;v Ve\u013ek&eacute;ho jubilea reform&aacute;cie r. 2017 s oh\u013eadom na dobr&eacute; ekumenick&eacute; vz\u0165ahy v jednotliv&yacute;ch krajin&aacute;ch.Ako dedi\u010dstvo reform&aacute;cie sa vyzdvihlo vyu\u010dovanie (katechiz&aacute;cia) modern&yacute;mi prostriedkami. V niektor&yacute;ch krajin&aacute;ch je problematick&aacute; spolupr&aacute;ca na oslav&aacute;ch s katol&iacute;ckou cirkvou, v in&yacute;ch tomu br&aacute;nia charizmatick&eacute; protestantsk&eacute; spolo\u010denstv&aacute;. Popri h\u013eadisk&aacute;ch SLZ: glob&aacute;lne, ekumenick&eacute; a kaj&uacute;ce treba vyzdvihn&uacute;\u0165 nie jednu osobu, ale treba predstavi\u0165 \u010derstvos\u0165 evanjelia.V Est&oacute;nsku bud&uacute; oslavy reform&aacute;cie a zalo\u017eenia cirkvi a bl&iacute;zko aj storo\u010dnica nez&aacute;vislosti &scaron;t&aacute;tu. V Est&oacute;nsku chc&uacute; op&auml;\u0165 postavi\u0165 -odhali\u0165 pomn&iacute;k Luthera.Rusk&eacute; a baltick&eacute; pr&iacute;pravy s&uacute; e&scaron;te len na &uacute;rovni pl&aacute;nov.Teologick&eacute; debaty sa viedli o ot&aacute;zkach vz\u0165ahu hermeneutiky a dogmatiky v oblasti etiky -homosexualita a ordin&aacute;cia \u017eien. V t&yacute;chto ot&aacute;zkach s&uacute; medzi veden&iacute;m SLZ a t&yacute;mito cirkvami rozdielne poh\u013eady. Po skon\u010den&iacute; porady ma\u010farsk&aacute; deleg&aacute;cia vykonala n&aacute;v&scaron;tevu Loty&scaron;skej cirkvi, najm&auml; di&scaron;trikt Daugapilis. Hostia z Ma\u010farska viedli rozhovory s duchovn&yacute;mi i neordinovan&yacute;mi. Nav&scaron;t&iacute;vili chr&aacute;my a i niektor&eacute; zariadenia. Prijali ich aj z&aacute;stupcovia mestskej samospr&aacute;vy. Biskup Fab&iacute;ny v nede\u013eu Jubilate k&aacute;zal po nemecky v katedr&aacute;le v Daugapilis. Na opl&aacute;tku pr&iacute;du e&scaron;te v tomto roku na n&aacute;v&scaron;tevu&nbsp;do Ev. cirkvi v MR traja ml&aacute;de\u017enici a jeden biskup z Loty&scaron;ska.<\/p>\n<p>(<a href=\"http:\/\/www.evangelikus.hu\">www.evangelikus.hu<\/a>)<\/p>\n","protected":false},"excerpt":{"rendered":"<p>26. a 27. apr&iacute;la 2012 konalo sa &nbsp;v Rige stretnutie biskupov troch pobaltsk&yacute;ch a dvoch rusk&yacute;ch \u010dlensk&yacute;ch cirkv&iacute; Svetov&eacute;ho luter&aacute;nskeho zv&auml;zu. Na porade bol pr&iacute;tomn&yacute; Martin Junge, gen. tajomn&iacute;k SLZ, Eva Sybille Vogel Mfato, eur&oacute;pska referentka ako aj biskup Tam&aacute;s Fab&iacute;ny ,podpredseda SLZ, zodpovedn&yacute; za regi&oacute;n Strednej a &nbsp;V&yacute;chodnej Eur&oacute;py. Loty&scaron;sk&uacute; cirkev zastupovali: arcibiskup Janis &#8230; <a title=\"Evanjelick\u00e1 identita v Rige,Loty\u0161sko\" class=\"read-more\" href=\"https:\/\/www.e-anjelik.sk\/index.php\/2012\/05\/04\/evanjelicka-identita-v-rigelotyssko\/\" aria-label=\"Pre\u010d\u00edtajte si viac o Evanjelick\u00e1 identita v Rige,Loty\u0161sko\">\u010c\u00edta\u0165 viac<\/a><\/p>\n","protected":false},"author":22,"featured_media":0,"comment_status":"open","ping_status":"open","sticky":false,"template":"","format":"standard","meta":{"footnotes":""},"categories":[1],"tags":[234],"class_list":["post-4321","post","type-post","status-publish","format-standard","hentry","category-adventna-modlitba","tag-zdruzenia-a-skupiny"],"_links":{"self":[{"href":"https:\/\/www.e-anjelik.sk\/index.php\/wp-json\/wp\/v2\/posts\/4321","targetHints":{"allow":["GET"]}}],"collection":[{"href":"https:\/\/www.e-anjelik.sk\/index.php\/wp-json\/wp\/v2\/posts"}],"about":[{"href":"https:\/\/www.e-anjelik.sk\/index.php\/wp-json\/wp\/v2\/types\/post"}],"author":[{"embeddable":true,"href":"https:\/\/www.e-anjelik.sk\/index.php\/wp-json\/wp\/v2\/users\/22"}],"replies":[{"embeddable":true,"href":"https:\/\/www.e-anjelik.sk\/index.php\/wp-json\/wp\/v2\/comments?post=4321"}],"version-history":[{"count":0,"href":"https:\/\/www.e-anjelik.sk\/index.php\/wp-json\/wp\/v2\/posts\/4321\/revisions"}],"wp:attachment":[{"href":"https:\/\/www.e-anjelik.sk\/index.php\/wp-json\/wp\/v2\/media?parent=4321"}],"wp:term":[{"taxonomy":"category","embeddable":true,"href":"https:\/\/www.e-anjelik.sk\/index.php\/wp-json\/wp\/v2\/categories?post=4321"},{"taxonomy":"post_tag","embeddable":true,"href":"https:\/\/www.e-anjelik.sk\/index.php\/wp-json\/wp\/v2\/tags?post=4321"}],"curies":[{"name":"wp","href":"https:\/\/api.w.org\/{rel}","templated":true}]}}