{"id":4322,"date":"2012-05-04T13:44:12","date_gmt":"2012-05-04T13:44:12","guid":{"rendered":"http:\/\/e-anjelik.sk\/?p=4322"},"modified":"2012-05-04T13:44:12","modified_gmt":"2012-05-04T13:44:12","slug":"rev-jensen-seyenkulo-novy-biskup-luteranskej-cirkvi-v-liberii","status":"publish","type":"post","link":"https:\/\/www.e-anjelik.sk\/index.php\/2012\/05\/04\/rev-jensen-seyenkulo-novy-biskup-luteranskej-cirkvi-v-liberii\/","title":{"rendered":"Rev. Jensen Seyenkulo &#8211; nov\u00fd biskup Luter\u00e1nskej cirkvi v Lib\u00e9rii"},"content":{"rendered":"<p>Programov&yacute; riadite\u013e ELCA Rev. Jensen D. Seyenkulo bol 28. apr&iacute;la na 14. bien&aacute;lnom cirkevnom zhroma\u017eden&iacute; zvolen&yacute; v prvom kole za nov&eacute;ho biskupa Luter&aacute;nskej cirkvi v Lib&eacute;rii. Rod&aacute;k z Lib&eacute;rie po absolvovan&iacute; teologick&yacute;ch &scaron;t&uacute;di&iacute; doma ,dostal pozvanie na \u010fal&scaron;ie &scaron;t&uacute;di&aacute; do USA. Tam si ukon\u010dil aj doktorandsk&eacute; &scaron;t&uacute;di&aacute;, pracoval aj ako zborov&yacute; far&aacute;r v Chicagu, potom bol zvolen&yacute; za programov&eacute;ho riadite\u013ea. Jeho man\u017eelka Linda Johnson Seyenkulo je tie\u017e far&aacute;rkou. Spolu maj&uacute; tri deti. Najbli\u017e&scaron;&iacute;m pl&aacute;nom nov&eacute;ho biskupa je finan\u010dne osamostatni\u0165 &uacute;stredie cirkvi v Lib&eacute;rii, lebo hoci cirkev existuje u\u017e 150 rokov, jej &uacute;stredie doteraz bolo finan\u010dne st&aacute;le odk&aacute;zan&eacute; na zahrani\u010dn&uacute; pomoc. Cirkev je \u010dlenkou SLZ, m&aacute; 71 196 \u010dlenov.<\/p>\n<p>(<a href=\"http:\/\/www.elca.org\">www.elca.org<\/a>)<\/p>\n<p>&nbsp;<\/p>\n","protected":false},"excerpt":{"rendered":"<p>Programov&yacute; riadite\u013e ELCA Rev. Jensen D. Seyenkulo bol 28. apr&iacute;la na 14. bien&aacute;lnom cirkevnom zhroma\u017eden&iacute; zvolen&yacute; v prvom kole za nov&eacute;ho biskupa Luter&aacute;nskej cirkvi v Lib&eacute;rii. Rod&aacute;k z Lib&eacute;rie po absolvovan&iacute; teologick&yacute;ch &scaron;t&uacute;di&iacute; doma ,dostal pozvanie na \u010fal&scaron;ie &scaron;t&uacute;di&aacute; do USA. Tam si ukon\u010dil aj doktorandsk&eacute; &scaron;t&uacute;di&aacute;, pracoval aj ako zborov&yacute; far&aacute;r v Chicagu, potom &#8230; <a title=\"Rev. Jensen Seyenkulo &#8211; nov\u00fd biskup Luter\u00e1nskej cirkvi v Lib\u00e9rii\" class=\"read-more\" href=\"https:\/\/www.e-anjelik.sk\/index.php\/2012\/05\/04\/rev-jensen-seyenkulo-novy-biskup-luteranskej-cirkvi-v-liberii\/\" aria-label=\"Pre\u010d\u00edtajte si viac o Rev. Jensen Seyenkulo &#8211; nov\u00fd biskup Luter\u00e1nskej cirkvi v Lib\u00e9rii\">\u010c\u00edta\u0165 viac<\/a><\/p>\n","protected":false},"author":22,"featured_media":0,"comment_status":"open","ping_status":"open","sticky":false,"template":"","format":"standard","meta":{"footnotes":""},"categories":[50,10],"tags":[],"class_list":["post-4322","post","type-post","status-publish","format-standard","hentry","category-afrika","category-zo-sveta"],"_links":{"self":[{"href":"https:\/\/www.e-anjelik.sk\/index.php\/wp-json\/wp\/v2\/posts\/4322","targetHints":{"allow":["GET"]}}],"collection":[{"href":"https:\/\/www.e-anjelik.sk\/index.php\/wp-json\/wp\/v2\/posts"}],"about":[{"href":"https:\/\/www.e-anjelik.sk\/index.php\/wp-json\/wp\/v2\/types\/post"}],"author":[{"embeddable":true,"href":"https:\/\/www.e-anjelik.sk\/index.php\/wp-json\/wp\/v2\/users\/22"}],"replies":[{"embeddable":true,"href":"https:\/\/www.e-anjelik.sk\/index.php\/wp-json\/wp\/v2\/comments?post=4322"}],"version-history":[{"count":0,"href":"https:\/\/www.e-anjelik.sk\/index.php\/wp-json\/wp\/v2\/posts\/4322\/revisions"}],"wp:attachment":[{"href":"https:\/\/www.e-anjelik.sk\/index.php\/wp-json\/wp\/v2\/media?parent=4322"}],"wp:term":[{"taxonomy":"category","embeddable":true,"href":"https:\/\/www.e-anjelik.sk\/index.php\/wp-json\/wp\/v2\/categories?post=4322"},{"taxonomy":"post_tag","embeddable":true,"href":"https:\/\/www.e-anjelik.sk\/index.php\/wp-json\/wp\/v2\/tags?post=4322"}],"curies":[{"name":"wp","href":"https:\/\/api.w.org\/{rel}","templated":true}]}}