{"id":4323,"date":"2012-05-04T14:03:52","date_gmt":"2012-05-04T14:03:52","guid":{"rendered":"http:\/\/e-anjelik.sk\/?p=4323"},"modified":"2012-05-04T14:03:52","modified_gmt":"2012-05-04T14:03:52","slug":"najvacsie-stretnutie-mladych-evanjelikov-v-rakusku","status":"publish","type":"post","link":"https:\/\/www.e-anjelik.sk\/index.php\/2012\/05\/04\/najvacsie-stretnutie-mladych-evanjelikov-v-rakusku\/","title":{"rendered":"Najv\u00e4\u010d\u0161ie stretnutie mlad\u00fdch evanjelikov v Rak\u00fasku"},"content":{"rendered":"<p>Koncom apr&iacute;la t.r. sa zi&scaron;lo do Schladmingu v &Scaron;tajersku do 500 mlad&yacute;ch evanjelikov od 14 do 20 rokov. Tieto stretnutia trvaj&uacute; dva dni.Organizuj&uacute; ich miestny cirkevn&yacute; zbor a misijn&aacute; organiz&aacute;cia Feckeltr&auml;ger. Na programe boli bohoslu\u017eby, evanjeliza\u010dn&eacute; pr&iacute;hovory, semin&aacute;re k spolo\u010densk&yacute;m udalostiam&nbsp;a koncert skupiny Gracetown zo &Scaron;tuttgartu, ktor&aacute; m&aacute; ob\u013eubu v Rak&uacute;sku.V&scaron;etci re\u010dn&iacute;ci povzbudzovali mlad&yacute;ch \u017ei\u0165 svoju vieru v ka\u017edodennom \u017eivote.<\/p>\n<p>(<a href=\"http:\/\/www.idea.de\">www.idea.de<\/a>)<\/p>\n","protected":false},"excerpt":{"rendered":"<p>Koncom apr&iacute;la t.r. sa zi&scaron;lo do Schladmingu v &Scaron;tajersku do 500 mlad&yacute;ch evanjelikov od 14 do 20 rokov. Tieto stretnutia trvaj&uacute; dva dni.Organizuj&uacute; ich miestny cirkevn&yacute; zbor a misijn&aacute; organiz&aacute;cia Feckeltr&auml;ger. Na programe boli bohoslu\u017eby, evanjeliza\u010dn&eacute; pr&iacute;hovory, semin&aacute;re k spolo\u010densk&yacute;m udalostiam&nbsp;a koncert skupiny Gracetown zo &Scaron;tuttgartu, ktor&aacute; m&aacute; ob\u013eubu v Rak&uacute;sku.V&scaron;etci re\u010dn&iacute;ci povzbudzovali mlad&yacute;ch \u017ei\u0165 &#8230; <a title=\"Najv\u00e4\u010d\u0161ie stretnutie mlad\u00fdch evanjelikov v Rak\u00fasku\" class=\"read-more\" href=\"https:\/\/www.e-anjelik.sk\/index.php\/2012\/05\/04\/najvacsie-stretnutie-mladych-evanjelikov-v-rakusku\/\" aria-label=\"Pre\u010d\u00edtajte si viac o Najv\u00e4\u010d\u0161ie stretnutie mlad\u00fdch evanjelikov v Rak\u00fasku\">\u010c\u00edta\u0165 viac<\/a><\/p>\n","protected":false},"author":22,"featured_media":0,"comment_status":"open","ping_status":"open","sticky":false,"template":"","format":"standard","meta":{"footnotes":""},"categories":[1],"tags":[234],"class_list":["post-4323","post","type-post","status-publish","format-standard","hentry","category-adventna-modlitba","tag-zdruzenia-a-skupiny"],"_links":{"self":[{"href":"https:\/\/www.e-anjelik.sk\/index.php\/wp-json\/wp\/v2\/posts\/4323","targetHints":{"allow":["GET"]}}],"collection":[{"href":"https:\/\/www.e-anjelik.sk\/index.php\/wp-json\/wp\/v2\/posts"}],"about":[{"href":"https:\/\/www.e-anjelik.sk\/index.php\/wp-json\/wp\/v2\/types\/post"}],"author":[{"embeddable":true,"href":"https:\/\/www.e-anjelik.sk\/index.php\/wp-json\/wp\/v2\/users\/22"}],"replies":[{"embeddable":true,"href":"https:\/\/www.e-anjelik.sk\/index.php\/wp-json\/wp\/v2\/comments?post=4323"}],"version-history":[{"count":0,"href":"https:\/\/www.e-anjelik.sk\/index.php\/wp-json\/wp\/v2\/posts\/4323\/revisions"}],"wp:attachment":[{"href":"https:\/\/www.e-anjelik.sk\/index.php\/wp-json\/wp\/v2\/media?parent=4323"}],"wp:term":[{"taxonomy":"category","embeddable":true,"href":"https:\/\/www.e-anjelik.sk\/index.php\/wp-json\/wp\/v2\/categories?post=4323"},{"taxonomy":"post_tag","embeddable":true,"href":"https:\/\/www.e-anjelik.sk\/index.php\/wp-json\/wp\/v2\/tags?post=4323"}],"curies":[{"name":"wp","href":"https:\/\/api.w.org\/{rel}","templated":true}]}}