{"id":4330,"date":"2012-05-07T10:51:20","date_gmt":"2012-05-07T10:51:20","guid":{"rendered":"http:\/\/e-anjelik.sk\/?p=4330"},"modified":"2012-05-07T10:51:20","modified_gmt":"2012-05-07T10:51:20","slug":"medzinarodna-teologicka-a-misijna-konferencia-v-etiopii-2","status":"publish","type":"post","link":"https:\/\/www.e-anjelik.sk\/index.php\/2012\/05\/07\/medzinarodna-teologicka-a-misijna-konferencia-v-etiopii-2\/","title":{"rendered":"Medzin\u00e1rodn\u00e1 teologick\u00e1 a misijn\u00e1 konferencia v Eti\u00f3pii"},"content":{"rendered":"<p>23. &#8211; 25. apr&iacute;la 2012 sa v Gudina Tumsa Holicstic Training Center Addis Abeba, Et&oacute;pia konala medzin&aacute;rodn&aacute; teologick&aacute; a misijn&aacute; konferencia. Z&uacute;\u010dastnilo sa jej do 400 pracovn&iacute;kov teol&oacute;gie a misie, ved&uacute;cich cirkv&iacute;, in&scaron;tit&uacute;ci&iacute;, biblick&yacute;ch &scaron;k&ocirc;l, &scaron;tudentov teol&oacute;gie, u\u010dite\u013eov vzdel&aacute;vania, pastorov ve\u013ek&yacute;ch zborov, k\u013e&uacute;\u010dov&yacute;ch ved&uacute;cich syn&ocirc;d a pod. Najviac &uacute;\u010dastn&iacute;kov bolo z dom&aacute;cej Et&iacute;&oacute;pskej Evanjelickej cirkvi Mekane Jesus (EECMY). T&eacute;ma konferencie znela: &quot; Posilnenie Bo\u017eej misie cez teologick&uacute; reflexiu&quot;.&nbsp;Okrem dom&aacute;cich sa na konferencii z&uacute;\u010dastnili z&aacute;stupcovia dvoch luter&aacute;nskych cirkv&iacute; z USA: LC&nbsp;MS a NALC.Okrem toho bolo aj zop&aacute;r jednotlivcov z diaspory.<\/p>\n<p>Podrobne&scaron;ie o konferencii n&aacute;jdete v angli\u010dtine na <a href=\"http:\/\/www.eecmy.org\">www.eecmy.org<\/a>).<\/p>\n","protected":false},"excerpt":{"rendered":"<p>23. &#8211; 25. apr&iacute;la 2012 sa v Gudina Tumsa Holicstic Training Center Addis Abeba, Et&oacute;pia konala medzin&aacute;rodn&aacute; teologick&aacute; a misijn&aacute; konferencia. Z&uacute;\u010dastnilo sa jej do 400 pracovn&iacute;kov teol&oacute;gie a misie, ved&uacute;cich cirkv&iacute;, in&scaron;tit&uacute;ci&iacute;, biblick&yacute;ch &scaron;k&ocirc;l, &scaron;tudentov teol&oacute;gie, u\u010dite\u013eov vzdel&aacute;vania, pastorov ve\u013ek&yacute;ch zborov, k\u013e&uacute;\u010dov&yacute;ch ved&uacute;cich syn&ocirc;d a pod. Najviac &uacute;\u010dastn&iacute;kov bolo z dom&aacute;cej Et&iacute;&oacute;pskej Evanjelickej cirkvi &#8230; <a title=\"Medzin\u00e1rodn\u00e1 teologick\u00e1 a misijn\u00e1 konferencia v Eti\u00f3pii\" class=\"read-more\" href=\"https:\/\/www.e-anjelik.sk\/index.php\/2012\/05\/07\/medzinarodna-teologicka-a-misijna-konferencia-v-etiopii-2\/\" aria-label=\"Pre\u010d\u00edtajte si viac o Medzin\u00e1rodn\u00e1 teologick\u00e1 a misijn\u00e1 konferencia v Eti\u00f3pii\">\u010c\u00edta\u0165 viac<\/a><\/p>\n","protected":false},"author":22,"featured_media":0,"comment_status":"open","ping_status":"open","sticky":false,"template":"","format":"standard","meta":{"footnotes":""},"categories":[50,46,10],"tags":[],"class_list":["post-4330","post","type-post","status-publish","format-standard","hentry","category-afrika","category-amerika","category-zo-sveta"],"_links":{"self":[{"href":"https:\/\/www.e-anjelik.sk\/index.php\/wp-json\/wp\/v2\/posts\/4330","targetHints":{"allow":["GET"]}}],"collection":[{"href":"https:\/\/www.e-anjelik.sk\/index.php\/wp-json\/wp\/v2\/posts"}],"about":[{"href":"https:\/\/www.e-anjelik.sk\/index.php\/wp-json\/wp\/v2\/types\/post"}],"author":[{"embeddable":true,"href":"https:\/\/www.e-anjelik.sk\/index.php\/wp-json\/wp\/v2\/users\/22"}],"replies":[{"embeddable":true,"href":"https:\/\/www.e-anjelik.sk\/index.php\/wp-json\/wp\/v2\/comments?post=4330"}],"version-history":[{"count":0,"href":"https:\/\/www.e-anjelik.sk\/index.php\/wp-json\/wp\/v2\/posts\/4330\/revisions"}],"wp:attachment":[{"href":"https:\/\/www.e-anjelik.sk\/index.php\/wp-json\/wp\/v2\/media?parent=4330"}],"wp:term":[{"taxonomy":"category","embeddable":true,"href":"https:\/\/www.e-anjelik.sk\/index.php\/wp-json\/wp\/v2\/categories?post=4330"},{"taxonomy":"post_tag","embeddable":true,"href":"https:\/\/www.e-anjelik.sk\/index.php\/wp-json\/wp\/v2\/tags?post=4330"}],"curies":[{"name":"wp","href":"https:\/\/api.w.org\/{rel}","templated":true}]}}