{"id":4331,"date":"2012-05-08T07:53:22","date_gmt":"2012-05-08T07:53:22","guid":{"rendered":"http:\/\/e-anjelik.sk\/?p=4331"},"modified":"2012-05-08T07:53:22","modified_gmt":"2012-05-08T07:53:22","slug":"projekt-vieroucne-kurzy-vychod","status":"publish","type":"post","link":"https:\/\/www.e-anjelik.sk\/index.php\/2012\/05\/08\/projekt-vieroucne-kurzy-vychod\/","title":{"rendered":"Projekt &#8222;Vierou\u010dn\u00e9 kurzy V\u00fdchod&#8220;"},"content":{"rendered":"<p>Na spolo\u010dnom projekte &quot;Vierou\u010dn&eacute; kurzy V&yacute;chod&quot; ,ktor&yacute; sa za\u010dne uplat\u0148ova\u0165 v decembri t.r. a potrv&aacute; dva roky, sa podie\u013eaj&uacute; spolo\u010dne Spojen&aacute; evanjelick&aacute; luter&aacute;nska cirkev Nemecka (VELKD) , Evanjelick&aacute; cirkev Stredn&eacute;ho Nemecka (EKM) a Pracovn&eacute; spolo\u010denstvo mision&aacute;rskych slu\u017eieb (AMD). Cie\u013eom je pripravi\u0165 program pre cirkevn&eacute; zbory evanjelick&yacute;ch krajinsk&yacute;ch cirkv&iacute;&nbsp;spolkov&yacute;ch kraj&iacute;n z b&yacute;valej NDR tak, aby&nbsp;bola zahrnut&aacute; v&auml;\u010d&scaron;ina verejnosti. Projektov&eacute; miesto m&aacute; s&iacute;dlo v Gemeindekolleg der VELKD v Neudietendorfe pri Erfurte.&nbsp;<\/p>\n<p>(<a href=\"http:\/\/www.ekd.de\">www.ekd.de<\/a>)&nbsp;<\/p>\n","protected":false},"excerpt":{"rendered":"<p>Na spolo\u010dnom projekte &quot;Vierou\u010dn&eacute; kurzy V&yacute;chod&quot; ,ktor&yacute; sa za\u010dne uplat\u0148ova\u0165 v decembri t.r. a potrv&aacute; dva roky, sa podie\u013eaj&uacute; spolo\u010dne Spojen&aacute; evanjelick&aacute; luter&aacute;nska cirkev Nemecka (VELKD) , Evanjelick&aacute; cirkev Stredn&eacute;ho Nemecka (EKM) a Pracovn&eacute; spolo\u010denstvo mision&aacute;rskych slu\u017eieb (AMD). Cie\u013eom je pripravi\u0165 program pre cirkevn&eacute; zbory evanjelick&yacute;ch krajinsk&yacute;ch cirkv&iacute;&nbsp;spolkov&yacute;ch kraj&iacute;n z b&yacute;valej NDR tak, aby&nbsp;bola zahrnut&aacute; &#8230; <a title=\"Projekt &#8222;Vierou\u010dn\u00e9 kurzy V\u00fdchod&#8220;\" class=\"read-more\" href=\"https:\/\/www.e-anjelik.sk\/index.php\/2012\/05\/08\/projekt-vieroucne-kurzy-vychod\/\" aria-label=\"Pre\u010d\u00edtajte si viac o Projekt &#8222;Vierou\u010dn\u00e9 kurzy V\u00fdchod&#8220;\">\u010c\u00edta\u0165 viac<\/a><\/p>\n","protected":false},"author":22,"featured_media":0,"comment_status":"open","ping_status":"open","sticky":false,"template":"","format":"standard","meta":{"footnotes":""},"categories":[1],"tags":[234],"class_list":["post-4331","post","type-post","status-publish","format-standard","hentry","category-adventna-modlitba","tag-zdruzenia-a-skupiny"],"_links":{"self":[{"href":"https:\/\/www.e-anjelik.sk\/index.php\/wp-json\/wp\/v2\/posts\/4331","targetHints":{"allow":["GET"]}}],"collection":[{"href":"https:\/\/www.e-anjelik.sk\/index.php\/wp-json\/wp\/v2\/posts"}],"about":[{"href":"https:\/\/www.e-anjelik.sk\/index.php\/wp-json\/wp\/v2\/types\/post"}],"author":[{"embeddable":true,"href":"https:\/\/www.e-anjelik.sk\/index.php\/wp-json\/wp\/v2\/users\/22"}],"replies":[{"embeddable":true,"href":"https:\/\/www.e-anjelik.sk\/index.php\/wp-json\/wp\/v2\/comments?post=4331"}],"version-history":[{"count":0,"href":"https:\/\/www.e-anjelik.sk\/index.php\/wp-json\/wp\/v2\/posts\/4331\/revisions"}],"wp:attachment":[{"href":"https:\/\/www.e-anjelik.sk\/index.php\/wp-json\/wp\/v2\/media?parent=4331"}],"wp:term":[{"taxonomy":"category","embeddable":true,"href":"https:\/\/www.e-anjelik.sk\/index.php\/wp-json\/wp\/v2\/categories?post=4331"},{"taxonomy":"post_tag","embeddable":true,"href":"https:\/\/www.e-anjelik.sk\/index.php\/wp-json\/wp\/v2\/tags?post=4331"}],"curies":[{"name":"wp","href":"https:\/\/api.w.org\/{rel}","templated":true}]}}