{"id":4332,"date":"2012-05-08T08:08:39","date_gmt":"2012-05-08T08:08:39","guid":{"rendered":"http:\/\/e-anjelik.sk\/?p=4332"},"modified":"2012-05-08T08:08:39","modified_gmt":"2012-05-08T08:08:39","slug":"stretnutie-evanjelickych-muzov-v-bremach","status":"publish","type":"post","link":"https:\/\/www.e-anjelik.sk\/index.php\/2012\/05\/08\/stretnutie-evanjelickych-muzov-v-bremach\/","title":{"rendered":"Stretnutie evanjelick\u00fdch mu\u017eov v Brem\u00e1ch"},"content":{"rendered":"<p>Mu\u017esk&eacute; vzory a vzorn&iacute; mu\u017ei je t&eacute;ma tohoro\u010dn&eacute;ho hlavn&eacute;ho zhroma\u017edenia pracovnej skupiny mu\u017eov z \u010dlensk&yacute;ch cirkv&iacute; EKD v Br&eacute;mach.&nbsp;S&uacute;\u010das\u0165ou s&uacute; &uacute;vodn&eacute; slu\u017eby&nbsp;Bo\u017eie, potom predn&aacute;&scaron;ky a p&oacute;diov&eacute; diskusie k t&eacute;me.&nbsp;&nbsp;Hlavn&eacute; zhroma\u017edenie je v&yacute;ro\u010dn&yacute;m stretnut&iacute;m Pracovn&eacute;ho spolo\u010denstva mu\u017eov z EKD a zastupuje okolo 3 tis&iacute;c kr&uacute;\u017ekov a skup&iacute;n z cel&eacute;ho Nemecka. Najv&auml;\u010d&scaron;&iacute; z&aacute;ujem je v ponuke pre otcov so svojimi&nbsp;de\u0165mi ako napr. t&uacute;ry s lo\u010fkami, \u010di v&iacute;kendov&eacute; akcie.<\/p>\n<p>(<a href=\"http:\/\/www.ekd.de\">www.ekd.de<\/a>)<\/p>\n","protected":false},"excerpt":{"rendered":"<p>Mu\u017esk&eacute; vzory a vzorn&iacute; mu\u017ei je t&eacute;ma tohoro\u010dn&eacute;ho hlavn&eacute;ho zhroma\u017edenia pracovnej skupiny mu\u017eov z \u010dlensk&yacute;ch cirkv&iacute; EKD v Br&eacute;mach.&nbsp;S&uacute;\u010das\u0165ou s&uacute; &uacute;vodn&eacute; slu\u017eby&nbsp;Bo\u017eie, potom predn&aacute;&scaron;ky a p&oacute;diov&eacute; diskusie k t&eacute;me.&nbsp;&nbsp;Hlavn&eacute; zhroma\u017edenie je v&yacute;ro\u010dn&yacute;m stretnut&iacute;m Pracovn&eacute;ho spolo\u010denstva mu\u017eov z EKD a zastupuje okolo 3 tis&iacute;c kr&uacute;\u017ekov a skup&iacute;n z cel&eacute;ho Nemecka. Najv&auml;\u010d&scaron;&iacute; z&aacute;ujem je v ponuke pre &#8230; <a title=\"Stretnutie evanjelick\u00fdch mu\u017eov v Brem\u00e1ch\" class=\"read-more\" href=\"https:\/\/www.e-anjelik.sk\/index.php\/2012\/05\/08\/stretnutie-evanjelickych-muzov-v-bremach\/\" aria-label=\"Pre\u010d\u00edtajte si viac o Stretnutie evanjelick\u00fdch mu\u017eov v Brem\u00e1ch\">\u010c\u00edta\u0165 viac<\/a><\/p>\n","protected":false},"author":22,"featured_media":0,"comment_status":"open","ping_status":"open","sticky":false,"template":"","format":"standard","meta":{"footnotes":""},"categories":[1],"tags":[234],"class_list":["post-4332","post","type-post","status-publish","format-standard","hentry","category-adventna-modlitba","tag-zdruzenia-a-skupiny"],"_links":{"self":[{"href":"https:\/\/www.e-anjelik.sk\/index.php\/wp-json\/wp\/v2\/posts\/4332","targetHints":{"allow":["GET"]}}],"collection":[{"href":"https:\/\/www.e-anjelik.sk\/index.php\/wp-json\/wp\/v2\/posts"}],"about":[{"href":"https:\/\/www.e-anjelik.sk\/index.php\/wp-json\/wp\/v2\/types\/post"}],"author":[{"embeddable":true,"href":"https:\/\/www.e-anjelik.sk\/index.php\/wp-json\/wp\/v2\/users\/22"}],"replies":[{"embeddable":true,"href":"https:\/\/www.e-anjelik.sk\/index.php\/wp-json\/wp\/v2\/comments?post=4332"}],"version-history":[{"count":0,"href":"https:\/\/www.e-anjelik.sk\/index.php\/wp-json\/wp\/v2\/posts\/4332\/revisions"}],"wp:attachment":[{"href":"https:\/\/www.e-anjelik.sk\/index.php\/wp-json\/wp\/v2\/media?parent=4332"}],"wp:term":[{"taxonomy":"category","embeddable":true,"href":"https:\/\/www.e-anjelik.sk\/index.php\/wp-json\/wp\/v2\/categories?post=4332"},{"taxonomy":"post_tag","embeddable":true,"href":"https:\/\/www.e-anjelik.sk\/index.php\/wp-json\/wp\/v2\/tags?post=4332"}],"curies":[{"name":"wp","href":"https:\/\/api.w.org\/{rel}","templated":true}]}}