{"id":4337,"date":"2012-05-09T09:08:49","date_gmt":"2012-05-09T09:08:49","guid":{"rendered":"http:\/\/e-anjelik.sk\/?p=4337"},"modified":"2012-05-09T09:08:49","modified_gmt":"2012-05-09T09:08:49","slug":"posviacka-kostola-v-ceskom-tesine","status":"publish","type":"post","link":"https:\/\/www.e-anjelik.sk\/index.php\/2012\/05\/09\/posviacka-kostola-v-ceskom-tesine\/","title":{"rendered":"Posviacka kostola v \u010ceskom Te\u0161\u00edne"},"content":{"rendered":"<p>1.m&aacute;ja t.r. za ve\u013ekej &uacute;\u010dasti veriacich dom&aacute;ceho zboru, ale i z okolit&yacute;ch zborov bol posv&auml;ten&yacute; novo zriaden&yacute; Bo\u017e&iacute; chr&aacute;m Vzkriesenia Krista P&aacute;na Evanjelicko-luter&aacute;nskej cirkvi a.v. v \u010cR v \u010ceskom Te&scaron;&iacute;ne. Kostol, ktor&yacute; bol preroben&yacute; z b&yacute;valej synag&oacute;gy, u\u017e&iacute;va zbor od 31. okt&oacute;bra m.r. Bo\u017e&iacute; st&aacute;nok posv&auml;til biskup tejto cirkvi Jan Niedoba. K&aacute;ze\u0148 Bo\u017eieho slova na \u017dalm 111 zvestoval gen. tajomn&iacute;k Spolku Martina Luthera z Erlangenu Rainer Stahl. Pr&iacute;tomn&iacute; boli na sl&aacute;vnosti z&aacute;stupcovia SCEAV v \u010cR, ECAV v \u010cR, EAC z Po\u013eska a in&iacute; ekumenick&iacute; hostia. Pozdrav odovzdal aj far&aacute;r z Dr&aacute;\u017e\u010fan Thomas Boettrich, odkia\u013e poch&aacute;dzaj&uacute; stoli\u010dky, olt&aacute;r, kazate\u013e\u0148a, krstite\u013enica&nbsp;a&nbsp;&nbsp;pult.<\/p>\n<p>(<a href=\"http:\/\/www.martin-luther-bund.de\">www.martin-luther-bund.de<\/a>)<\/p>\n","protected":false},"excerpt":{"rendered":"<p>1.m&aacute;ja t.r. za ve\u013ekej &uacute;\u010dasti veriacich dom&aacute;ceho zboru, ale i z okolit&yacute;ch zborov bol posv&auml;ten&yacute; novo zriaden&yacute; Bo\u017e&iacute; chr&aacute;m Vzkriesenia Krista P&aacute;na Evanjelicko-luter&aacute;nskej cirkvi a.v. v \u010cR v \u010ceskom Te&scaron;&iacute;ne. Kostol, ktor&yacute; bol preroben&yacute; z b&yacute;valej synag&oacute;gy, u\u017e&iacute;va zbor od 31. okt&oacute;bra m.r. Bo\u017e&iacute; st&aacute;nok posv&auml;til biskup tejto cirkvi Jan Niedoba. K&aacute;ze\u0148 Bo\u017eieho slova na &#8230; <a title=\"Posviacka kostola v \u010ceskom Te\u0161\u00edne\" class=\"read-more\" href=\"https:\/\/www.e-anjelik.sk\/index.php\/2012\/05\/09\/posviacka-kostola-v-ceskom-tesine\/\" aria-label=\"Pre\u010d\u00edtajte si viac o Posviacka kostola v \u010ceskom Te\u0161\u00edne\">\u010c\u00edta\u0165 viac<\/a><\/p>\n","protected":false},"author":22,"featured_media":0,"comment_status":"open","ping_status":"open","sticky":false,"template":"","format":"standard","meta":{"footnotes":""},"categories":[1],"tags":[242],"class_list":["post-4337","post","type-post","status-publish","format-standard","hentry","category-adventna-modlitba","tag-slavnosti"],"_links":{"self":[{"href":"https:\/\/www.e-anjelik.sk\/index.php\/wp-json\/wp\/v2\/posts\/4337","targetHints":{"allow":["GET"]}}],"collection":[{"href":"https:\/\/www.e-anjelik.sk\/index.php\/wp-json\/wp\/v2\/posts"}],"about":[{"href":"https:\/\/www.e-anjelik.sk\/index.php\/wp-json\/wp\/v2\/types\/post"}],"author":[{"embeddable":true,"href":"https:\/\/www.e-anjelik.sk\/index.php\/wp-json\/wp\/v2\/users\/22"}],"replies":[{"embeddable":true,"href":"https:\/\/www.e-anjelik.sk\/index.php\/wp-json\/wp\/v2\/comments?post=4337"}],"version-history":[{"count":0,"href":"https:\/\/www.e-anjelik.sk\/index.php\/wp-json\/wp\/v2\/posts\/4337\/revisions"}],"wp:attachment":[{"href":"https:\/\/www.e-anjelik.sk\/index.php\/wp-json\/wp\/v2\/media?parent=4337"}],"wp:term":[{"taxonomy":"category","embeddable":true,"href":"https:\/\/www.e-anjelik.sk\/index.php\/wp-json\/wp\/v2\/categories?post=4337"},{"taxonomy":"post_tag","embeddable":true,"href":"https:\/\/www.e-anjelik.sk\/index.php\/wp-json\/wp\/v2\/tags?post=4337"}],"curies":[{"name":"wp","href":"https:\/\/api.w.org\/{rel}","templated":true}]}}