{"id":4344,"date":"2012-05-11T10:17:11","date_gmt":"2012-05-11T10:17:11","guid":{"rendered":"http:\/\/e-anjelik.sk\/?p=4344"},"modified":"2012-05-11T10:17:11","modified_gmt":"2012-05-11T10:17:11","slug":"preco-som-charizmatik","status":"publish","type":"post","link":"https:\/\/www.e-anjelik.sk\/index.php\/2012\/05\/11\/preco-som-charizmatik\/","title":{"rendered":"Pre\u010do som charizmatik"},"content":{"rendered":"<p><span style=\"letter-spacing: 0px\">Na &uacute;vod vyzn&aacute;m, \u017ee som n&iacute;m nebol v\u017edy. Spo\u010diatku som bol iba hrie&scaron;nik ako poleno. Bol som zatraten&yacute; a straten&yacute; pre nebo. Trvalo to &ldquo;cel&uacute; ve\u010dnos\u0165&rdquo;- ak zv&aacute;\u017eim, \u017ee &ldquo;u Boha je jeden de\u0148 ako tis&iacute;c rokov&rdquo;&#8230; V&scaron;etko sa zmenilo v mojom \u017eivote d\u0148a 6. 6.1949. Dostal som od P&aacute;na Boha <b>dar milosti. \/gr. charis= milos\u0165, charizma=dar milosti\/<\/b> Z Jeho milosti som bol prijat&yacute; za Bo\u017eie die\u0165a. Po t&yacute;\u017edni \u010dasn&eacute;ho \u017eivota som bol charizmatick&yacute;m far&aacute;rom Pavlom Proksom pokrsten&yacute;. Dodnes \u017eije v po\u017eehnanom veku \/vy&scaron;e 9O ro\u010dn&yacute;\/ v Hol&iacute;\u010di. Z m&ocirc;jho narodenia i duchovn&eacute;ho znovuzrodenia <i>&ldquo;z vody a Ducha&rdquo; (J 4)<\/i> sa radovali moji rodi\u010dia i star&iacute; rodi\u010dia. Tie\u017e dostali viacero charizem od P&aacute;na. (Kto ste ich poznali, venujte im&nbsp; kratu\u010dk&uacute;, tich&uacute; spomienku.)<\/span><\/p>\n<p style=\"margin: 0px; font: 16px Helvetica\"><span style=\"letter-spacing: 0px\">&nbsp; &nbsp; Tak som sa stal ratoles\u0165ou spolo\u010denstva, v ktorom o dare Krstu sv&auml;t&eacute;ho s charizmaticky mimoriadne obdaren&yacute;m far&aacute;rom Martinom Braxatorisom &#8211; Sl&aacute;dkovi\u010dovom vyzn&aacute;vame: <i>Som die\u0165a Bo\u017eie.<\/i><\/span><\/p>\n<p style=\"margin: 0px; font: 16px Helvetica\"><span style=\"letter-spacing: 0px\"><i>Tak ve\u013ek&uacute; l&aacute;sku Boh mi preuk&aacute;zal<\/i><\/span><\/p>\n<p style=\"margin: 0px; font: 16px Helvetica\"><span style=\"letter-spacing: 0px\"><i>v tom najmilej&scaron;om svojom Synovi.<\/i><\/span><\/p>\n<p style=\"margin: 0px; font: 16px Helvetica\"><span style=\"letter-spacing: 0px\"><i>Tak &uacute;zkou p&aacute;skou so sebou ma zviazal,<\/i><\/span><\/p>\n<p style=\"margin: 0px; font: 16px Helvetica\"><span style=\"letter-spacing: 0px\"><i>&oacute;, kto <\/i><b><i>t&uacute; milos\u0165 <\/i><\/b><i>vdosta\u010d vyslov&iacute;!<\/i><\/span><\/p>\n<p style=\"margin: 0px; font: 16px Helvetica\"><span style=\"letter-spacing: 0px\"><i>Od hriechu obmyl ma pri Krste sv&auml;tom,<\/i><\/span><\/p>\n<p style=\"margin: 0px; font: 16px Helvetica\"><span style=\"letter-spacing: 0px\"><i>m\u0148a ako die\u0165a otec za\u013e&uacute;bil<\/i><\/span><\/p>\n<p style=\"margin: 0px; font: 16px Helvetica\"><span style=\"letter-spacing: 0px\"><i>a v s\u013eube l&aacute;skou prenesmiernou vz\u0148atou<\/i><\/span><\/p>\n<p style=\"margin: 0px; font: 16px Helvetica\"><span style=\"letter-spacing: 0px\"><i>mi milos\u0165, sp&aacute;su, \u017eivot pris\u013e&uacute;bil.<\/i><\/span><\/p>\n<p style=\"margin: 0px; font: 16px Helvetica\"><span style=\"letter-spacing: 0px\"><i>Kde vz&aacute;cnej&scaron;ie je nad t&uacute; milos\u0165 zbo\u017eie?<\/i><\/span><\/p>\n<p style=\"margin: 0px; font: 16px Helvetica\"><span style=\"letter-spacing: 0px\"><i>Som die\u0165a Bo\u017eie. \/&uacute;ryvok\/<\/i><\/span><\/p>\n<p style=\"margin: 0px; font: 16px Helvetica\">&nbsp;<\/p>\n<p style=\"margin: 0px; font: 16px Helvetica\"><span style=\"letter-spacing: 0px\">Aj jeho otec Andrej Sl&aacute;dkovi\u010d, P&aacute;n Boh ho osl&aacute;v, bol ve\u013ek&yacute; charizmatik. Mysl&iacute;m, \u017ee o tom niet sporu. St&aacute;l v rade t&yacute;ch ve\u013ek&yacute;ch charizmatikov, ktor&yacute;ch menami sa &#8211; Pane odpus\u0165-&nbsp; dodnes hrd&iacute;me- ako Martin Luther, Filip Melanchton, ale aj Slov&aacute;ci: Juraj Turzo, Eli&aacute;&scaron; L&aacute;ni, Iz&aacute;k Abrahamides a cel&yacute; ve\u013ek&yacute; oblak charizmatick&yacute;ch svedkov, cez J.M.Hurbana, M.M.Hod\u017eu, bratov Karola a \u013dudov&iacute;ta &Scaron;t&uacute;ra, J&aacute;na Koll&aacute;ra, &Scaron;ulekovcov, Kol&eacute;nyovcov, charizmatick&eacute;ho Martina R&aacute;zusa, Milana R&uacute;fusa, mnoh&yacute;ch mojich u\u010dite\u013eov a v&ocirc;bec cel&uacute; riavu mu\u017eov a \u017eien, Bo\u017e&iacute;mi dari obdaren&yacute;ch evanjelikov, luter&aacute;nov. Pekn&yacute; obraz o tomto z&aacute;stupe nama\u013eovala pre Mal&yacute; kostol na Panenskej ulici sestra Janka Krivo&scaron;ov&aacute;. V&scaron;etci t&iacute;to a mnoh&iacute; in&iacute;, tu nemenovan&iacute;, r&aacute;\u010dte mi to odpusti\u0165, spolu s Pavlom a prv&yacute;mi kres\u0165anmi z doby apo&scaron;tolskej vyzn&aacute;vame<i>,, Aj my v&scaron;etci v jednom Duchu sme boli pokrsten&iacute; v jedno telo&rdquo; (1 K 12,13).<\/i>&nbsp;<\/span><\/p>\n<p style=\"margin: 0px; font: 16px Helvetica\"><span style=\"letter-spacing: 0px\">&nbsp; &nbsp; Ak sa p&yacute;tate, ak&eacute; charizmy \/dary milosti\/ sme prijali, spomeniem aspo\u0148 niektor&eacute; pod\u013ea R 12 :<i> proroctvo, diakonia, vyu\u010dovanie, pote&scaron;ovanie a napomnanie, delenie sa s hmotn&yacute;mi hodnotami, organiza\u010dn&eacute; a duchovn&eacute; vedenie spolo\u010denstva, milosrdenstvo, l&aacute;ska, bratsk&aacute; l&aacute;ska, horlivos\u0165, slu\u017eba P&aacute;novi, modlitba, schopnos\u0165 vc&iacute;ti\u0165 sa do potreby druh&yacute;ch, dobrore\u010denie, radova\u0165 sa s raduj&uacute;cimi, plaka\u0165 s pla\u010d&uacute;cimi, zm&yacute;&scaron;\u013eanie, ktor&eacute; vedie k jednote, sloboda od namyslenosti, neodpl&aacute;ca\u0165 sa zl&yacute;m za zl&eacute;, usilova\u0165 sa na\u017e&iacute;va\u0165 v pokoji, nepomsti\u0165 sa, preukazova\u0165 akt&iacute;vne dobro aj nepriae\u013eom, neda\u0165 sa prem&ocirc;c\u0165 zl&eacute;mu, dobr&yacute;m prem&aacute;ha\u0165 zlo<\/i>.&nbsp;<\/span><\/p>\n<p style=\"margin: 0px; font: 16px Helvetica\"><span style=\"letter-spacing: 0px\">&nbsp;&nbsp; &nbsp; Pod\u013ea 1 K 12 spomeniem tieto: <i>slovo m&uacute;drosti, slovo poznania, viera, dar uzdravova\u0165, schopnos\u0165 robi\u0165 divy, proroctvo, schopnos\u0165 rozli&scaron;ova\u0165 duchov, druhy jazykov, schopnos\u0165 interpretova\u0165 jazyky.<\/i> Pod\u013ea G 5 z bohatstva ovocia Ducha uvediem: l&aacute;ska, rados\u0165, pokoj, zhovievavos\u0165, l&aacute;skavos\u0165, dobrotivos\u0165, vernos\u0165, miernos\u0165 a sebaovl&aacute;danie.<\/span><\/p>\n<p style=\"margin: 0px; font: 16px Helvetica\"><span style=\"letter-spacing: 0px\">&nbsp;&nbsp; &nbsp; Na&scaron;li by sme aj \u010fal&scaron;ie charizmy. Plat&iacute; nasledovn&eacute;: <\/span><strong><span style=\"letter-spacing: 0px\">Nikto nem&aacute; v&scaron;etky dary Ducha Sv&auml;t&eacute;ho a nikto neni neobdarovan&yacute;!&nbsp;<\/span><\/strong><\/p>\n<p style=\"margin: 0px; font: 16px Helvetica\"><span style=\"letter-spacing: 0px\">&nbsp;&nbsp; A ke\u010f\u017ee v na&scaron;om charizmami bohato obdarenom splo\u010denstve <i>&ldquo;sme neprijai ducha sveta, ale Ducha, ktor&yacute; je z Boha, aby sme vedeli, \u010doho sa n&aacute;m z milosti dostalo&rdquo; (1 K 2,12<\/i>) &#8211; nemus&iacute;m z&aacute;vidie\u0165 in&yacute;m a v Evanjelickej cirkvi a.v. m&aacute;m dos\u0165 milosti. <b>Preto som r&aacute;d&nbsp;charizmatikom-luter&aacute;nom.&nbsp;<\/b><\/span><\/p>\n<p style=\"margin: 0px; font: 16px Helvetica\"><span style=\"letter-spacing: 0px\">&nbsp; &nbsp; &nbsp; &nbsp; &nbsp; &nbsp; &nbsp; &nbsp; &nbsp; &nbsp; &nbsp; &nbsp; &nbsp; &nbsp; &nbsp; &nbsp; &nbsp; &nbsp; &nbsp; &nbsp; &nbsp; &nbsp; &nbsp; &nbsp; &nbsp; &nbsp; &nbsp; &nbsp; &nbsp; &nbsp; &nbsp; &nbsp; &nbsp; &nbsp; &nbsp; &nbsp; &nbsp; &nbsp; &nbsp; &nbsp; &nbsp; &nbsp; &nbsp; &nbsp; &nbsp; &nbsp; &nbsp; &nbsp; &nbsp; &nbsp; &nbsp; &nbsp; &nbsp; &nbsp; &nbsp; &nbsp; &nbsp; &nbsp; &nbsp; &nbsp; &nbsp; &nbsp; &nbsp; &nbsp; &nbsp; &nbsp; &nbsp; &nbsp; &nbsp; &nbsp; &nbsp; &nbsp; &nbsp; &nbsp; &nbsp; &nbsp;\u013d. Batka st.<\/span><\/p>\n","protected":false},"excerpt":{"rendered":"<p>Na &uacute;vod vyzn&aacute;m, \u017ee som n&iacute;m nebol v\u017edy. Spo\u010diatku som bol iba hrie&scaron;nik ako poleno. Bol som zatraten&yacute; a straten&yacute; pre nebo. Trvalo to &ldquo;cel&uacute; ve\u010dnos\u0165&rdquo;- ak zv&aacute;\u017eim, \u017ee &ldquo;u Boha je jeden de\u0148 ako tis&iacute;c rokov&rdquo;&#8230; V&scaron;etko sa zmenilo v mojom \u017eivote d\u0148a 6. 6.1949. Dostal som od P&aacute;na Boha dar milosti. \/gr. charis= &#8230; <a title=\"Pre\u010do som charizmatik\" class=\"read-more\" href=\"https:\/\/www.e-anjelik.sk\/index.php\/2012\/05\/11\/preco-som-charizmatik\/\" aria-label=\"Pre\u010d\u00edtajte si viac o Pre\u010do som charizmatik\">\u010c\u00edta\u0165 viac<\/a><\/p>\n","protected":false},"author":4,"featured_media":0,"comment_status":"open","ping_status":"open","sticky":false,"template":"","format":"standard","meta":{"footnotes":""},"categories":[1],"tags":[297,215],"class_list":["post-4344","post","type-post","status-publish","format-standard","hentry","category-adventna-modlitba","tag-bozia-milost","tag-svedectva"],"_links":{"self":[{"href":"https:\/\/www.e-anjelik.sk\/index.php\/wp-json\/wp\/v2\/posts\/4344","targetHints":{"allow":["GET"]}}],"collection":[{"href":"https:\/\/www.e-anjelik.sk\/index.php\/wp-json\/wp\/v2\/posts"}],"about":[{"href":"https:\/\/www.e-anjelik.sk\/index.php\/wp-json\/wp\/v2\/types\/post"}],"author":[{"embeddable":true,"href":"https:\/\/www.e-anjelik.sk\/index.php\/wp-json\/wp\/v2\/users\/4"}],"replies":[{"embeddable":true,"href":"https:\/\/www.e-anjelik.sk\/index.php\/wp-json\/wp\/v2\/comments?post=4344"}],"version-history":[{"count":0,"href":"https:\/\/www.e-anjelik.sk\/index.php\/wp-json\/wp\/v2\/posts\/4344\/revisions"}],"wp:attachment":[{"href":"https:\/\/www.e-anjelik.sk\/index.php\/wp-json\/wp\/v2\/media?parent=4344"}],"wp:term":[{"taxonomy":"category","embeddable":true,"href":"https:\/\/www.e-anjelik.sk\/index.php\/wp-json\/wp\/v2\/categories?post=4344"},{"taxonomy":"post_tag","embeddable":true,"href":"https:\/\/www.e-anjelik.sk\/index.php\/wp-json\/wp\/v2\/tags?post=4344"}],"curies":[{"name":"wp","href":"https:\/\/api.w.org\/{rel}","templated":true}]}}