{"id":4346,"date":"2012-05-12T20:15:34","date_gmt":"2012-05-12T20:15:34","guid":{"rendered":"http:\/\/e-anjelik.sk\/?p=4346"},"modified":"2012-05-12T20:15:34","modified_gmt":"2012-05-12T20:15:34","slug":"arcipastier-a-pastieri","status":"publish","type":"post","link":"https:\/\/www.e-anjelik.sk\/index.php\/2012\/05\/12\/arcipastier-a-pastieri\/","title":{"rendered":"Arcipastier a pastieri"},"content":{"rendered":"<p>&nbsp;<span class=\"Apple-style-span\" style=\"font-family: Helvetica; font-size: 16px; line-height: normal; \"><b>&nbsp; &nbsp; &nbsp; &nbsp; &nbsp; &nbsp; &nbsp; &nbsp; &nbsp; &nbsp; &nbsp; &nbsp; &nbsp; &nbsp; &nbsp; &nbsp; &nbsp; &nbsp; &nbsp; &nbsp; &nbsp; &nbsp; &nbsp; &nbsp; &nbsp; &nbsp; &nbsp; &nbsp; Arcipastier a pastieri<\/b><\/span><\/p>\n<p style=\"margin: 0.0px 0.0px 0.0px 0.0px; font: 16.0px Helvetica\"><span style=\"letter-spacing: 0.0px\"><b>1 Pt 5, 1- 4:&nbsp;<\/b><\/span><\/p>\n<p style=\"margin: 0.0px 0.0px 0.0px 0.0px; font: 16.0px Helvetica\"><span style=\"letter-spacing: 0.0px\"><i>&ldquo;Star&scaron;&iacute;ch medzi vami napom&iacute;nam ako spolustar&scaron;&iacute; a svedok Kristov&yacute;ch utrpen&iacute; i &uacute;\u010dastn&iacute;k sl&aacute;vy, ktor&aacute; sa m&aacute; zjavi\u0165: (2) Paste st&aacute;do Bo\u017eie, ktor&eacute; je u v&aacute;s, nie s nev&ocirc;\u013eou, ale dobrovo\u013ene, ako Boh chce; nie pre mrzk&yacute; zisk, ale ochotne. (3) Ani nie, ako by ste panovali nad dedi\u010dstvom, ale bu\u010fte vzorom st&aacute;du, (4) a ke\u010f sa zjav&iacute; Arcipastier, obdr\u017e&iacute;te nev&auml;dn&uacute;ci veniec sl&aacute;vy.&rdquo; Amen<\/i><\/span><\/p>\n<p style=\"margin: 0.0px 0.0px 0.0px 0.0px; font: 16.0px Helvetica; min-height: 19.0px\">&nbsp;<\/p>\n<p style=\"margin: 0.0px 0.0px 0.0px 0.0px; font: 16.0px Helvetica\"><span style=\"letter-spacing: 0.0px\"><b>&nbsp; &nbsp; &nbsp; &nbsp; &nbsp;<\/b> Dne&scaron;n&aacute; nede\u013ea s n&aacute;zvom : <b>Milosrdenstv&aacute; P&aacute;na<\/b>&nbsp;<\/span><\/p>\n<p style=\"margin: 0.0px 0.0px 0.0px 0.0px; font: 16.0px Helvetica\"><span style=\"letter-spacing: 0.0px\">\/Misericordias Domini\/, druh&aacute; po Ve\u013ekej noci, n&aacute;m ktor&iacute; sme sa v Je\u017ei&scaron;ovom Krste stali Bo\u017e&iacute;mi de\u0165mi pripom&iacute;na, \u017ee<b> sme v&scaron;etci ovcami jedn&eacute;ho st&aacute;da, ktor&eacute; patr&iacute; Je\u017ei&scaron;ovi Kristovi.<\/b> Apo&scaron;tol Peter Krista P&aacute;na naz&yacute;va <b>Arcipastier, t.j. najvy&scaron;&scaron;&iacute; Pastier<\/b>.&nbsp;<\/span><\/p>\n<p style=\"margin: 0.0px 0.0px 0.0px 0.0px; font: 16.0px Helvetica\"><span style=\"letter-spacing: 0.0px\">V pomere k Nemu sme v&scaron;etci ovcami Jeho pastvy. On je Najvy&scaron;&scaron;&iacute; Pastier, ktor&yacute; vedie Bo\u017e&iacute; \u013eud k bud&uacute;cej sl&aacute;ve. Je\u017ei&scaron; je P&aacute;nom st&aacute;da, ktor&yacute;m je cirkev a <b>s&uacute;\u010dasne je jedin&yacute;m Dobr&yacute;m Pastierom,<\/b> ako \u010d&iacute;tame u evanjelistu J&aacute;na: <i>&ldquo;Ja som dobr&yacute; Pastier&rdquo;&#8230;(J 10) <\/i>Aby sme si uvedomili, \u010do slovom &ldquo;dobr&yacute;&rdquo; P&aacute;n Je\u017ei&scaron; mysl&iacute;, pripome\u0148me si ot&aacute;zku bohat&eacute;ho ml&aacute;denca polo\u017een&uacute; Je\u017ei&scaron;ovi: <i>&ldquo;Dobr&yacute; Majstre, \u010do m&aacute;m \u010dini\u0165, aby som sa stal dedi\u010dom ve\u010dn&eacute;ho \u017eivota&rdquo;? Je\u017ei&scaron; mu odpovedal: Pre\u010do ma menuje&scaron; dobr&yacute;m? Nikto nie je dobr&yacute;, jedine Boh&rdquo;.<\/i><\/span><\/p>\n<p style=\"margin: 0.0px 0.0px 0.0px 0.0px; font: 16.0px Helvetica\"><span style=\"letter-spacing: 0.0px\">&nbsp; &nbsp; &nbsp; Tak, ako bol Hospodin jedin&yacute;m dobr&yacute;m Pastierom pre \u013eud SZ a oni boli ovcami Jeho pastvy, Je\u017ei&scaron; svoj&iacute;m zm\u0155tvychvstan&iacute;m dok&aacute;zal synovstvo Bo\u017eie a stal sa Arcipastierom pre v&scaron;etk&yacute;ch v Neho veriacich. Preto v pomere k Je\u017ei&scaron;ovi Kristovi sme v&scaron;etci ovcami .&nbsp;<\/span><\/p>\n<p style=\"margin: 0.0px 0.0px 0.0px 0.0px; font: 16.0px Helvetica; min-height: 19.0px\"><span style=\"letter-spacing: 0.0px\">&nbsp; &nbsp; &nbsp; &nbsp;<\/span><\/p>\n<p style=\"margin: 0.0px 0.0px 0.0px 0.0px; font: 16.0px Helvetica\"><span style=\"letter-spacing: 0.0px\">&nbsp; &nbsp; A predsa, ten ist&yacute; Je\u017ei&scaron; je aj&nbsp; napr.&ldquo;Skalou vekov&rdquo;, a my sme sa stali v Krste &ldquo;\u017eiv&yacute;mi kame\u0148mi&rdquo; cirkvi, ktor&aacute; je Jeho stavbou. On sa stal &ldquo;<i>kame\u0148om hlavn&yacute;m, uholn&yacute;m&rdquo;.<\/i> Po\u010diatkom i zav\u0155&scaron;en&iacute;m stavby cirkvi, v ktorej sa my smieme pova\u017eova\u0165 za stavebn&eacute; kamene.&nbsp;<\/span><\/p>\n<p style=\"margin: 0.0px 0.0px 0.0px 0.0px; font: 16.0px Helvetica; min-height: 19.0px\"><span style=\"letter-spacing: 0.0px\">&nbsp;&nbsp; &nbsp; &nbsp;<\/span><\/p>\n<p style=\"margin: 0.0px 0.0px 0.0px 0.0px; font: 16.0px Helvetica\"><span style=\"letter-spacing: 0.0px\">&nbsp;&nbsp; &nbsp; Podobne m&ocirc;\u017eeme poveda\u0165, \u017ee sme nielen Jeho ovcami, ale v cirkvi sme sa stali <b>aj Jeho spolupastiermi.<\/b> Apo&scaron;tol Peter hovor&iacute; v tomto zmysle o <i>&ldquo;kr&aacute;\u013eovskom k\u0148azstve<\/i>&rdquo;&nbsp; v&scaron;etk&yacute;ch pokrsten&yacute;ch a veriacich v P&aacute;na. Podobne Peter hovor&iacute; o <b>star&scaron;&iacute;ch, <\/b>\/presbyteroch\/ v cirkevn&yacute;ch zboroch v Malej &Aacute;zii ako o<b> spolustar&scaron;&iacute;ch<\/b>. V tom \u010dase v&scaron;ak slovo a hodnos\u0165 &ldquo;star&scaron;&iacute;&rdquo; znamenalo to\u013eko, ako dnes far&aacute;r, alebo duchovn&yacute; pastier cirkevn&eacute;ho zboru. Peter m&aacute; svoju zvl&aacute;&scaron;tnu autoritu v tom, \u017ee bol o\u010dit&yacute;m svedkom P&aacute;novho utrpenia, vzkriesenia i nanebovst&uacute;penia. Bol &ldquo;<i>&uacute;\u010dastn&iacute;k sl&aacute;vy<\/i>&rdquo; Kristovej a bud&uacute;cej sl&aacute;vy veriach v Neho na Hore premenenia.<\/span><\/p>\n<p style=\"margin: 0.0px 0.0px 0.0px 0.0px; font: 16.0px Helvetica; min-height: 19.0px\"><span style=\"letter-spacing: 0.0px\">&nbsp; &nbsp; &nbsp; &nbsp; &nbsp;<\/span><\/p>\n<p style=\"margin: 0.0px 0.0px 0.0px 0.0px; font: 16.0px Helvetica\"><span style=\"letter-spacing: 0.0px\">&nbsp; &nbsp; Apo&scaron;tolsk&eacute; povzbudenie a usmernenie predstavite\u013eom jednotliv&yacute;ch cirkevn&yacute;ch zborov plat&iacute; v&scaron;ak aj v &scaron;ir&scaron;om zmysle. Toti\u017e pre v&scaron;etk&yacute;ch k\u0148azov Je\u017ei&scaron;a Krista. Pre cel&eacute; <i>&ldquo;v&scaron;eobecn&eacute; k\u0148azstvo&rdquo;<\/i> veriacich. Nielen pre ordinovan&yacute;ch slu\u017eobn&iacute;kov na&scaron;ej dne&scaron;nej cirkvi, ale pre v&scaron;etk&yacute;ch pokrsten&yacute;ch, ktor&iacute; &uacute;lohu duchovn&yacute;ch pastierov zast&aacute;vaj&uacute; \/ &aacute;no, maj&uacute; zast&aacute;va\u0165\/ vo svojich vlastn&yacute;ch rodin&aacute;ch. Takto teda m&aacute;me po\u010d&uacute;va\u0165 a prij&iacute;ma\u0165 napomenutie a povzbudenie <b>spolustar&scaron;ieho<\/b>, apo&scaron;tola Je\u017ei&scaron;a Krista, a Jeho svedka, za ktor&eacute;ho sa Peter pokladal.<\/span><\/p>\n<p style=\"margin: 0.0px 0.0px 0.0px 0.0px; font: 16.0px Helvetica\"><span style=\"letter-spacing: 0.0px\">&nbsp; &nbsp; Petrovo slovo je slovo in&scaron;pirovan&eacute; a zalo\u017een&eacute; na slove P&aacute;novom a na svedectve Ducha Sv&auml;t&eacute;ho. Preto ho m&aacute;me v&scaron;etci prija\u0165 ochotne, v pokore a s plnou v&aacute;\u017enos\u0165ou. Prija\u0165 ho tak, aby sme boli a c&iacute;tili sa <b>ovcami vo vz\u0165ahu ku Kristu<\/b> P&aacute;nu a s&uacute;\u010dasne, vo vz\u0165ahu k na&scaron;im najbl&iacute;\u017enym, boli &#8211; dobr&yacute;mi pastiermi.<\/span><\/p>\n<p style=\"margin: 0.0px 0.0px 0.0px 0.0px; font: 16.0px Helvetica; min-height: 19.0px\"><span style=\"letter-spacing: 0.0px\">&nbsp; &nbsp; &nbsp; &nbsp; &nbsp; &nbsp; &nbsp; &nbsp; &nbsp;<\/span><\/p>\n<p style=\"margin: 0.0px 0.0px 0.0px 0.0px; font: 16.0px Helvetica\"><span style=\"letter-spacing: 0.0px\">&nbsp;&nbsp; &nbsp; &nbsp; &nbsp;<b> \u010co znamen&aacute;: by\u0165 dobr&yacute;m pastierom Je\u017ei&scaron;a Krista?<\/b><\/span><\/p>\n<p style=\"margin: 0.0px 0.0px 0.0px 0.0px; font: 16.0px Helvetica\"><span style=\"letter-spacing: 0.0px\">&nbsp;&nbsp; &nbsp; &nbsp; &nbsp; <i>Znamen&aacute; to:&nbsp; a\/ svedectvo o Je\u017ei&scaron;ovi in&yacute;m nies\u0165<\/i><\/span><\/p>\n<p style=\"margin: 0.0px 0.0px 0.0px 0.0px; font: 16.0px Helvetica\"><span style=\"letter-spacing: 0.0px\"><i>&nbsp;&nbsp; &nbsp; &nbsp; &nbsp; &nbsp; &nbsp; &nbsp; &nbsp; &nbsp; &nbsp; &nbsp; &nbsp; &nbsp; &nbsp; &nbsp; b\/&nbsp; vzor st&aacute;du uk&aacute;za\u0165<\/i><\/span><\/p>\n<p style=\"margin: 0.0px 0.0px 0.0px 0.0px; font: 16.0px Helvetica\"><span style=\"letter-spacing: 0.0px\"><i>&nbsp;&nbsp; &nbsp; &nbsp; &nbsp; &nbsp; &nbsp; &nbsp; &nbsp; &nbsp; &nbsp; &nbsp; &nbsp; &nbsp; &nbsp; &nbsp; c\/ veniec sl&aacute;vy o\u010dak&aacute;va\u0165<\/i><\/span><\/p>\n<p style=\"margin: 0.0px 0.0px 0.0px 0.0px; font: 16.0px Helvetica; min-height: 19.0px\">&nbsp;<\/p>\n<p style=\"margin: 0.0px 0.0px 0.0px 0.0px; font: 16.0px Helvetica\"><span style=\"letter-spacing: 0.0px\">&nbsp;&nbsp; Mil&iacute; bratia a sestry v P&aacute;novi!<\/span><\/p>\n<p style=\"margin: 0.0px 0.0px 0.0px 0.0px; font: 16.0px Helvetica; min-height: 19.0px\"><span style=\"letter-spacing: 0.0px\">&nbsp; &nbsp;<\/span><\/p>\n<p style=\"margin: 0.0px 0.0px 0.0px 0.0px; font: 16.0px Helvetica\"><span style=\"letter-spacing: 0.0px\">&nbsp; &nbsp; Pre k\u0148azov, ktor&iacute; s&uacute; zborov&yacute;mi far&aacute;rmi, alebo kapl&aacute;nmi, plat&iacute; jedna d&ocirc;le\u017et&eacute; pou\u010dka, pokia\u013e ide o zve\u0165 Bo\u017eieho slova: <i>Kazate\u013e m&aacute; by\u0165 prv&yacute;m posluch&aacute;\u010dom k&aacute;zne<\/i>! Tak, ako sa Peter prihovoril k predstavite\u013eom cirkevn&yacute;ch zborov v jeho \u010dase, toti\u017e ako <b>spolustar&scaron;&iacute;,<\/b> tak sa m&aacute; kazate\u013e a ka\u017ed&yacute; far&aacute;r obraca\u0165 s posolstvom Bo\u017eieho slova na svojich posluch&aacute;\u010dov<b> ako na spolustar&scaron;&iacute;ch.<\/b><\/span><\/p>\n<p style=\"margin: 0.0px 0.0px 0.0px 0.0px; font: 16.0px Helvetica; min-height: 19.0px\"><span style=\"letter-spacing: 0.0px\">&nbsp; &nbsp; &nbsp; &nbsp;<\/span><\/p>\n<p style=\"margin: 0.0px 0.0px 0.0px 0.0px; font: 16.0px Helvetica\"><span style=\"letter-spacing: 0.0px\">Evanjelium, ktor&eacute; Je\u017ei&scaron; zvestoval je to ist&eacute; evanjelium, ako ho verne zvestovali aj apo&scaron;tolovia a nimi vyu\u010den&iacute; spolustar&scaron;&iacute;, duchovn&iacute; v cirkevn&yacute;ch zboroch. To ist&eacute; evanjelium zvestuje a pod&aacute;va verne aj na&scaron;a evanjelick&aacute; cirkev a ka\u017ed&yacute; far&aacute;r, \u010di ordinovan&yacute; k\u0148az.<\/span><\/p>\n<p style=\"margin: 0.0px 0.0px 0.0px 0.0px; font: 16.0px Helvetica; min-height: 19.0px\"><span style=\"letter-spacing: 0.0px\">&nbsp; &nbsp; &nbsp;<\/span><\/p>\n<p style=\"margin: 0.0px 0.0px 0.0px 0.0px; font: 16.0px Helvetica\"><span style=\"letter-spacing: 0.0px\">&nbsp;&nbsp; &nbsp; &nbsp; A predsa, t&aacute; misia a toto posolstvo nem&aacute; kon\u010di\u0165 a doznie\u0165 iba medzi m&uacute;rmi chr&aacute;mu Bo\u017eieho, kde je Ukri\u017eovan&yacute; a Vzkriesen&yacute;&nbsp; zvestovan&yacute;. Jeho misia a posolstvo m&aacute; pokra\u010dova\u0165! M&aacute; by\u0165 nesen&eacute; in&yacute;m. Preto t&iacute;, ktor&iacute; boli pokrsten&iacute; ako deti, maj&uacute; sa od mali\u010dka vzdel&aacute;va\u0165 a vyu\u010dova\u0165 v zn&aacute;mosti slova Bo\u017eieho. My v na&scaron;ej ECAV sme dokonca tak&iacute; ve\u013ek&iacute; &ldquo;optimisti&rdquo;, \u017ee u\u017e o 14 ro\u010dn&yacute;ch hovor&iacute;me ako o dospel&yacute;ch (!?) &uacute;doch cirkvi. Zo znamen&aacute;, ako o vyu\u010den&yacute;ch a pou\u010den&yacute;ch kres\u0165anoch, ktor&iacute; m&ocirc;\u017eu by\u0165 napr. u\u010dite\u013emi in&yacute;ch. Mo\u017eu sa sta\u0165 krstn&yacute;mi rodi\u010dmi a duchovne vies\u0165 svoje krsn&eacute; deti. Nesk&ocirc;r v man\u017eelstve aj svoje vlastn&eacute;.<\/span><\/p>\n<p style=\"margin: 0.0px 0.0px 0.0px 0.0px; font: 16.0px Helvetica; min-height: 19.0px\"><span style=\"letter-spacing: 0.0px\">&nbsp;&nbsp; &nbsp;<\/span><\/p>\n<p style=\"margin: 0.0px 0.0px 0.0px 0.0px; font: 16.0px Helvetica\"><span style=\"letter-spacing: 0.0px\">&nbsp;&nbsp; &nbsp; Poverenie: <i>&ldquo;Paste st&aacute;do Bo\u017eie, ktor&eacute; je u v&aacute;s&rdquo;,<\/i> neplat&iacute; teda len a jedine pre zborov&eacute;ho far&aacute;ra, ktor&yacute; v cirkvi slovo Bo\u017eie verejne vyu\u010duje, ale pre ka\u017ed&eacute;ho pokrsten&eacute;ho. A najm&auml; pre rodi\u010dov, ktor&iacute; o pokrstenie, &ldquo;vysv&auml;tenie&rdquo; svojho die\u0165a\u0165a za k\u0148aza po\u017eiadali a ktor&iacute; pri Krste Je\u017ei&scaron;ovom s\u013e&uacute;bili, \u017ee ho tak bud&uacute; aj vies\u0165 a vychov&aacute;va\u0165!!<\/span><\/p>\n<p style=\"margin: 0.0px 0.0px 0.0px 0.0px; font: 16.0px Helvetica; min-height: 19.0px\"><span style=\"letter-spacing: 0.0px\">&nbsp;&nbsp; &nbsp; &nbsp;<\/span><\/p>\n<p style=\"margin: 0.0px 0.0px 0.0px 0.0px; font: 16.0px Helvetica\"><span style=\"letter-spacing: 0.0px\">&nbsp;&nbsp; &nbsp; Nielen pre zborov&yacute;ch far&aacute;rov, kapl&aacute;nov, alebo biskupov cirkvi plat&iacute;: <i>&ldquo;Paste st&aacute;do Bo\u017eie, ktor&eacute; je u v&aacute;s, <\/i><b><i>nie s nev&ocirc;\u013eou, ale dobrovo\u013ene, ako Boh chce a ochotne&rdquo;<\/i><\/b>&#8211; ale aj pre rodi\u010dov a krstn&yacute;ch rodi\u010dov. Pre\u010do tak nerob&iacute;me v rodin&aacute;ch, ke\u010f toto je na&scaron;e u\u010denie a poznanie? Pre\u010do sa spoliehame len na verejn&eacute; vyu\u010dovaniev chr&aacute;me, alebo v &scaron;kol&aacute;ch?&nbsp; Pre\u010do s&uacute;kromn&eacute;, osobn&eacute; a osobitn&eacute; vyu\u010dovanie, nesen&eacute; l&aacute;skou a d&ocirc;verou v rodin&aacute;ch zanedb&aacute;vame? Tu vid&iacute;m hlavn&yacute; d&ocirc;vod ochladania l&aacute;sky mnoh&yacute;ch a n&aacute;sledn&uacute; neschopnos\u0165 zaradi\u0165 sa do spolo\u010denstva cirkvi.&nbsp;<\/span><\/p>\n<p style=\"margin: 0.0px 0.0px 0.0px 0.0px; font: 16.0px Helvetica; min-height: 19.0px\"><span style=\"letter-spacing: 0.0px\">&nbsp; &nbsp; &nbsp; &nbsp;<\/span><\/p>\n<p style=\"margin: 0.0px 0.0px 0.0px 0.0px; font: 16.0px Helvetica\"><span style=\"letter-spacing: 0.0px\">&nbsp; &nbsp; &nbsp; Pokia\u013e ide o zborov&yacute;ch k\u0148azov a far&aacute;rov, hoci maj&uacute; svoje cirkevn&eacute; vok&aacute;tory &#8211; t.j.p&iacute;somn&eacute; dohody s CZ, lebo in&uacute; pr&aacute;cu nekonaj&uacute;, predsa nemaj&uacute; slu\u017ebu Slova kona\u0165 <b>jedine a na prvom mieste pre &ldquo;mrzk&yacute; zisk&rdquo;.<\/b> Napokon t&iacute;, ktor&yacute;m ide na prvom mieste o zisk, do cirkevnej slu\u017eby iba m&aacute;lokedy vstupuj&uacute;. Ak sa tak stane, \u010dasto z nej pomerne r&yacute;chlo aj odch&aacute;dzaj&uacute;, lebo ich predpoklady sa sotva naplnia. Odmena za pr&aacute;cu a duchovn&uacute; slu\u017ebu m&aacute; v&scaron;ak by\u0165 primeran&aacute; a adekv&aacute;tna, lebo platia aj in&eacute; slov&aacute; P&iacute;sma. Napr.: <i>&rdquo; Hoden je pracovn&iacute;k svojej mzdy.&rdquo;<\/i><\/span><\/p>\n<p style=\"margin: 0.0px 0.0px 0.0px 0.0px; font: 16.0px Helvetica; min-height: 19.0px\"><span style=\"letter-spacing: 0.0px\">&nbsp;&nbsp; &nbsp; &nbsp; &nbsp;<\/span><\/p>\n<p style=\"margin: 0.0px 0.0px 0.0px 0.0px; font: 16.0px Helvetica\"><span style=\"letter-spacing: 0.0px\">&nbsp; &nbsp; Mil&iacute; bratia a sestry! &nbsp;<\/span><\/p>\n<p style=\"margin: 0.0px 0.0px 0.0px 0.0px; font: 16.0px Helvetica\"><span style=\"letter-spacing: 0.0px\">&nbsp;&nbsp; &nbsp; Aj v dne&scaron;n&uacute; nede\u013eu sme teda osloven&iacute; Bo\u017e&iacute;m posolstvom v&scaron;etci.<\/span><\/p>\n<p style=\"margin: 0.0px 0.0px 0.0px 0.0px; font: 16.0px Helvetica\"><span style=\"letter-spacing: 0.0px\">V&scaron;etci k\u0148azi, nielen t&iacute; ordinovan&iacute;, ale aj neordinovan&iacute;. Spolo\u010dne sa m&aacute;me stara\u0165 o t&yacute;ch, ktor&iacute; s&uacute; n&aacute;m zveren&iacute; nielen po telesnej, ale i duchovnej str&aacute;nke. <i>&ldquo;P&aacute;s\u0165 st&aacute;do Bo\u017eie&rdquo;<\/i> znamen&aacute;: <i>&ldquo;vodi\u0165 ho na zelen&eacute; pastvy slova Bo\u017eieho a k osvie\u017euj&uacute;cim vod&aacute;m sviatost&iacute;<\/i>&rdquo;, vo vedom&iacute;, \u017ee sa star&aacute;me o t&yacute;ch, ktor&yacute;m n&aacute;m s&aacute;m Je\u017ei&scaron; Kristus zveril. On ich du&scaron;e z na&scaron;ej ruky bude raz vyh\u013ead&aacute;va\u0165!<\/span><\/p>\n<p style=\"margin: 0.0px 0.0px 0.0px 0.0px; font: 16.0px Helvetica; min-height: 19.0px\">&nbsp;<\/p>\n<p style=\"margin: 0.0px 0.0px 0.0px 0.0px; font: 16.0px Helvetica\"><span style=\"letter-spacing: 0.0px\">&nbsp;&nbsp; &nbsp; Bratia a sestry!&nbsp;<\/span><\/p>\n<p style=\"margin: 0.0px 0.0px 0.0px 0.0px; font: 16.0px Helvetica\"><span style=\"letter-spacing: 0.0px\">&nbsp;&nbsp; &nbsp; Druh&uacute; d&ocirc;le\u017eit&uacute; vec, ktor&uacute; spom&iacute;na ap. Peter pastierom, u\u010dite\u013eom a v&scaron;etk&eacute;mu kr&aacute;\u013eovsk&eacute;mu k\u0148azstvu P&aacute;na Je\u017ei&scaron;a je: <b>by\u0165 vzorom st&aacute;du<\/b>.<i>&ldquo;Nie aby ste panovali nad dedi\u010dstsvom, ale bu\u010fte vzorom st&aacute;du&rdquo;<\/i>.<\/span><\/p>\n<p style=\"margin: 0.0px 0.0px 0.0px 0.0px; font: 16.0px Helvetica\"><span style=\"letter-spacing: 0.0px\">&nbsp;Aj toto slovo plat&iacute; na v&scaron;etk&yacute;ch &uacute;rovniach \u017eivota cirkvi. Na t&yacute;ch najvy&scaron;&scaron;&iacute;ch miestach, kde ide o &scaron;pecifick&eacute;, osobitn&eacute; &uacute;lohy a povinnosti biskupov a cirkevn&yacute;ch predstavite\u013eov, ale aj na &uacute;rovni vlastnej rodiny, kde ako otec, matka, rodi\u010d m&aacute;me sa c&iacute;ti\u0165 i po\u010d&iacute;na\u0165 si ako k\u0148azi Je\u017ei&scaron;a Krista!<\/span><\/p>\n<p style=\"margin: 0.0px 0.0px 0.0px 0.0px; font: 16.0px Helvetica\"><span style=\"letter-spacing: 0.0px\">&nbsp; &nbsp; &ldquo;Exempla trahunt&rdquo; &#8211; pr&iacute;klady pri\u0165ahuj&uacute;, hovor&iacute; star&eacute; latinsk&eacute; pr&iacute;slovie. Ono plat&iacute; aj pre otcov a matky v rodin&aacute;ch, vo vz\u0165ahu k de\u0165om a mlad&yacute;m gener&aacute;ciam. Ve\u010f ani pr&iacute;sna kres\u0165ansk&aacute; v&yacute;chova, vyu\u010dovanie a poznanie Z&aacute;kona Bo\u017eieho &#8211; Desatora a jeho vysvetlenia, pr&aacute;ve tak ako radostn&aacute; zves\u0165 evanjelia, <b>nem&aacute; za\u010d&iacute;na\u0165 a kon\u010di\u0165 na p&ocirc;de cirkvi, alebo v &scaron;kole, ale doma, v rodine!!<\/b> P&aacute;ve tu je priestor aj pre osobn&yacute; pr&iacute;klad, pr&iacute;klad vlastn&eacute;ho \u017eivota, \u010do je najlep&scaron;ie misiou a vyu\u010dovan&iacute;m. P&yacute;tajme sa, \u010di tak kon&aacute;me?<\/span><\/p>\n<p style=\"margin: 0.0px 0.0px 0.0px 0.0px; font: 16.0px Helvetica; min-height: 19.0px\"><span style=\"letter-spacing: 0.0px\">&nbsp; &nbsp;<\/span><\/p>\n<p style=\"margin: 0.0px 0.0px 0.0px 0.0px; font: 16.0px Helvetica; min-height: 19.0px\">&nbsp;<\/p>\n<p style=\"margin: 0.0px 0.0px 0.0px 0.0px; font: 16.0px Helvetica\"><span style=\"letter-spacing: 0.0px\">&nbsp; &nbsp; Mil&iacute; bratia a sestry!&nbsp;<\/span><\/p>\n<p style=\"margin: 0.0px 0.0px 0.0px 0.0px; font: 16.0px Helvetica\"><span style=\"letter-spacing: 0.0px\">&nbsp; &nbsp; Aj <b>tretia<\/b> po\u017eiadavka ap.Petra op&auml;\u0165 nechce znie\u0165 iba jednosmerne! Tzn. smerom k star&scaron;&iacute;m a zborov&yacute;m far&aacute;rom, diakonom, kapl&aacute;nom, seniorom, alebo biskupom cirkvi.&nbsp;<\/span><\/p>\n<p style=\"margin: 0.0px 0.0px 0.0px 0.0px; font: 16.0px Helvetica\"><span style=\"letter-spacing: 0.0px\">&ldquo;<b>N&aacute;dej bud&uacute;cej sl&aacute;vy&rdquo;, <\/b>ktor&aacute; ako v&yacute;dobytok Kristovho ve\u013ekono\u010dn&eacute;ho v&iacute;\u0165aztva zneje ako dobr&aacute; a radostn&aacute; zves\u0165, je cenn&aacute; a dobr&aacute; spr&aacute;va aj pre v&scaron;etky rodiny. Iste aj pre nov&eacute; gener&aacute;cie det&iacute; a ml&aacute;de\u017ee. Je vz&aacute;cna pre t&yacute;ch, ktor&iacute; v jej sile a v d&ocirc;vere v Bo\u017eie zas\u013e&uacute;ebnie m&ocirc;\u017eu hodnoti\u0165&nbsp; svoju slu\u017ebu, roky nasledovania, neraz roky pozna\u010den&eacute; n&aacute;mahou i &uacute;navou.&nbsp;<\/span><\/p>\n<p style=\"margin: 0.0px 0.0px 0.0px 0.0px; font: 16.0px Helvetica\"><span style=\"letter-spacing: 0.0px\">&nbsp;&nbsp; &nbsp; N&aacute;dej bud&uacute;cej sl&aacute;vy nezahanbuje nikoho! Ani t&yacute;ch, ktor&iacute; sa zatia\u013e musia e&scaron;te ve\u013ea u\u010di\u0165, aby mohli evanjelium \u010distotne a verne pod&aacute;va\u0165 \u010falej. Ak by sme stratili zo zrete\u013ea tento cie\u013e ve\u010dnosti, stratili by sme d&ocirc;le\u017eit&yacute; zdroj sily, pote&scaron;ena i povzbudenia v nasledovan&iacute; Krista. Toto je posolstvo, ktor&eacute; ako poznan&uacute; pravdu z P&iacute;sma sv&auml;t&eacute;ho smiem aj dnes v&aacute;m v&scaron;etk&yacute;m odovzda\u0165.<\/span><\/p>\n<p style=\"margin: 0.0px 0.0px 0.0px 0.0px; font: 16.0px Helvetica; min-height: 19.0px\"><span style=\"letter-spacing: 0.0px\">&nbsp; &nbsp;<\/span><\/p>\n<p style=\"margin: 0.0px 0.0px 0.0px 0.0px; font: 16.0px Helvetica\"><span style=\"letter-spacing: 0.0px\">&nbsp;&nbsp; &nbsp; Preto: Ako dobr&iacute; pastieri &#8211; in&yacute;m svedectvo o vyk&uacute;pen&iacute; v Kristu nesme. V s&uacute;lade s prijatou zves\u0165ou sa v cirkvi i v rodin&aacute;ch \u017ei\u0165 usilujme, a spolo\u010dne, v pevnej d&ocirc;vere nevedn&uacute;ci veniec sl&aacute;vy o\u010dak&aacute;vajme! Amen.<\/span><\/p>\n<p style=\"margin: 0.0px 0.0px 0.0px 0.0px; font: 12.0px Helvetica; min-height: 14.0px\">&nbsp;<\/p>\n<p style=\"margin: 0.0px 0.0px 0.0px 0.0px; font: 12.0px Helvetica\"><span style=\"letter-spacing: 0.0px\">&nbsp; &nbsp; &nbsp; &nbsp; &nbsp; &nbsp; &nbsp; &nbsp; &nbsp; &nbsp; &nbsp; &nbsp; &nbsp; &nbsp; &nbsp; &nbsp; &nbsp; &nbsp; &nbsp; &nbsp; &nbsp; &nbsp; &nbsp; &nbsp; &nbsp; &nbsp; &nbsp; &nbsp; &nbsp;&nbsp;2.nede\u013ea po Ve\u013ekej noci- Soboti&scaron;te 2012- \u013d.Batka st.<\/span><\/p>\n","protected":false},"excerpt":{"rendered":"<p>&nbsp;&nbsp; &nbsp; &nbsp; &nbsp; &nbsp; &nbsp; &nbsp; &nbsp; &nbsp; &nbsp; &nbsp; &nbsp; &nbsp; &nbsp; &nbsp; &nbsp; &nbsp; &nbsp; &nbsp; &nbsp; &nbsp; &nbsp; &nbsp; &nbsp; &nbsp; &nbsp; &nbsp; &nbsp; Arcipastier a pastieri 1 Pt 5, 1- 4:&nbsp; &ldquo;Star&scaron;&iacute;ch medzi vami napom&iacute;nam ako spolustar&scaron;&iacute; a svedok Kristov&yacute;ch utrpen&iacute; i &uacute;\u010dastn&iacute;k sl&aacute;vy, ktor&aacute; sa m&aacute; zjavi\u0165: (2) Paste &#8230; <a title=\"Arcipastier a pastieri\" class=\"read-more\" href=\"https:\/\/www.e-anjelik.sk\/index.php\/2012\/05\/12\/arcipastier-a-pastieri\/\" aria-label=\"Pre\u010d\u00edtajte si viac o Arcipastier a pastieri\">\u010c\u00edta\u0165 viac<\/a><\/p>\n","protected":false},"author":4,"featured_media":0,"comment_status":"open","ping_status":"open","sticky":false,"template":"","format":"standard","meta":{"footnotes":""},"categories":[121,95,77],"tags":[192],"class_list":["post-4346","post","type-post","status-publish","format-standard","hentry","category-kazne","category-sobotiste","category-velka-noc","tag-kazen"],"_links":{"self":[{"href":"https:\/\/www.e-anjelik.sk\/index.php\/wp-json\/wp\/v2\/posts\/4346","targetHints":{"allow":["GET"]}}],"collection":[{"href":"https:\/\/www.e-anjelik.sk\/index.php\/wp-json\/wp\/v2\/posts"}],"about":[{"href":"https:\/\/www.e-anjelik.sk\/index.php\/wp-json\/wp\/v2\/types\/post"}],"author":[{"embeddable":true,"href":"https:\/\/www.e-anjelik.sk\/index.php\/wp-json\/wp\/v2\/users\/4"}],"replies":[{"embeddable":true,"href":"https:\/\/www.e-anjelik.sk\/index.php\/wp-json\/wp\/v2\/comments?post=4346"}],"version-history":[{"count":0,"href":"https:\/\/www.e-anjelik.sk\/index.php\/wp-json\/wp\/v2\/posts\/4346\/revisions"}],"wp:attachment":[{"href":"https:\/\/www.e-anjelik.sk\/index.php\/wp-json\/wp\/v2\/media?parent=4346"}],"wp:term":[{"taxonomy":"category","embeddable":true,"href":"https:\/\/www.e-anjelik.sk\/index.php\/wp-json\/wp\/v2\/categories?post=4346"},{"taxonomy":"post_tag","embeddable":true,"href":"https:\/\/www.e-anjelik.sk\/index.php\/wp-json\/wp\/v2\/tags?post=4346"}],"curies":[{"name":"wp","href":"https:\/\/api.w.org\/{rel}","templated":true}]}}