{"id":4348,"date":"2012-05-13T16:36:24","date_gmt":"2012-05-13T16:36:24","guid":{"rendered":"http:\/\/e-anjelik.sk\/?p=4348"},"modified":"2012-05-13T16:36:24","modified_gmt":"2012-05-13T16:36:24","slug":"jubilate-plesajte","status":"publish","type":"post","link":"https:\/\/www.e-anjelik.sk\/index.php\/2012\/05\/13\/jubilate-plesajte\/","title":{"rendered":"Jubilate &#8211; plesajte!"},"content":{"rendered":"<p>&nbsp;<span class=\"Apple-style-span\" style=\"font-family: Helvetica; font-size: 16px; line-height: normal; \"><b>&nbsp; &nbsp; &nbsp; &nbsp; &nbsp; &nbsp; &nbsp; &nbsp; &nbsp; &nbsp; &nbsp; &nbsp; &nbsp; &nbsp; &nbsp; &nbsp; &nbsp; &nbsp; &nbsp; &nbsp; &nbsp; &nbsp; &nbsp; &nbsp; &nbsp;Jubilate &#8211; plesajte!<\/b><\/span><\/p>\n<p style=\"margin: 0.0px 0.0px 0.0px 0.0px; font: 16.0px Helvetica; min-height: 19.0px\">&nbsp;<\/p>\n<p style=\"margin: 0.0px 0.0px 0.0px 0.0px; font: 16.0px Helvetica\"><span style=\"letter-spacing: 0.0px\"><b>2 Kor 4, 16 &#8211; 18:<\/b><\/span><\/p>\n<p style=\"margin: 0.0px 0.0px 0.0px 0.0px; font: 16.0px Helvetica\"><span style=\"letter-spacing: 0.0px\"><i>&ldquo; Preto neochabujme, ale aj ke\u010f sa n&aacute;&scaron; zovn&uacute;torn&yacute; \u010dlovek ru&scaron;&iacute;, n&aacute;&scaron; vn&uacute;torn&yacute; sa obnovuje zo d\u0148a na de\u0148. (17) Lebo toto teraj&scaron;ie \u013eahk&eacute; bremeno s&uacute;\u017eenia, z&iacute;ska n&aacute;m prenesmiernu hojnos\u0165 ve\u010dnej sl&aacute;vy, (18) ke\u010f neh\u013ead&iacute;me na vidite\u013en&eacute;, ale na nevidite\u013en&eacute;. Vidite\u013en&eacute; je toti\u017e do\u010dasn&eacute;, ale nevidite\u013en&eacute; je ve\u010dn&eacute;.&rdquo; Amen<\/i><\/span><\/p>\n<p style=\"margin: 0.0px 0.0px 0.0px 0.0px; font: 16.0px Helvetica; min-height: 19.0px\">&nbsp;<\/p>\n<p style=\"margin: 0.0px 0.0px 0.0px 0.0px; font: 16.0px Helvetica\"><span style=\"letter-spacing: 0.0px\">&nbsp;&nbsp; &nbsp; Bohumil&iacute; kres\u0165ania!<\/span><\/p>\n<p style=\"margin: 0.0px 0.0px 0.0px 0.0px; font: 16.0px Helvetica\"><span style=\"letter-spacing: 0.0px\">&nbsp; &nbsp; Jar v pr&iacute;rode razantne pokro\u010dila. Prv&eacute; jarn&eacute; kvety, ktor&eacute; n&aacute;s po dlhej zime pote&scaron;ili u\u017e odkvitli. Povieme si v du&scaron;i: &scaron;koda, \u017ee t&aacute; kr&aacute;sa netrv&aacute; dlh&scaron;ie. Ale aj tu plat&iacute; slovo P&iacute;sma: <i>usych&aacute; tr&aacute;va, v&auml;dne kvet..<\/i>.Podobne r&yacute;chlo odkvili aj prv&eacute; stromy, ktor&eacute; boli pred t&yacute;\u017ed\u0148om pln&eacute; bielych a ru\u017eov&yacute;ch kvietkov. Ich ne\u017en&eacute; lupienky u\u017e rozfukuje vietor. Je to v&scaron;ak d&ocirc;vod k sm&uacute;tku? Ur\u010dite nie, ve\u010f vieme, \u017ee z mnoh&yacute;ch kvetov sa stan&uacute; plody a my sa smieme u\u017e teraz te&scaron;i\u0165 na prv&eacute; \u010dere&scaron;ne a \u010fal&scaron;ie chutn&eacute; ovocie a plody.<\/span><\/p>\n<p style=\"margin: 0.0px 0.0px 0.0px 0.0px; font: 16.0px Helvetica; min-height: 19.0px\"><span style=\"letter-spacing: 0.0px\">&nbsp; &nbsp; &nbsp; &nbsp; &nbsp;<\/span><\/p>\n<p style=\"margin: 0.0px 0.0px 0.0px 0.0px; font: 16.0px Helvetica\"><span style=\"letter-spacing: 0.0px\">&nbsp;&nbsp; &nbsp; Aj sviatky Ve\u013ekono\u010dn&eacute;, t&uacute;\u017eobne o\u010dak&aacute;van&eacute; a radostne v&iacute;tan&eacute; sa pominuli. Mnoho \u013eud&iacute; si po troch t&yacute;\u017ed\u0148och u\u017e ledva spomenie \u017ee tu nejak&eacute; sviatky s n&aacute;dhern&yacute;m posolstvom boli. Na miesto sviato\u010dn&yacute;ch dn&iacute; nast&uacute;pilo mnoho v&scaron;edn&yacute;ch starost&iacute;, a neraz aj mnoho probl&eacute;mov a \u0165a\u017ekost&iacute;. V pr&aacute;ci, v povolan&iacute;, ale aj v osobnom \u017eivote \u013eud&iacute; sa po troch t&yacute;\u017ed\u0148och mnoho zmenilo. Niektor&iacute; pre\u017e&iacute;vaj&uacute; stratu zdravia, niektor&iacute; aj dni sm&uacute;tku a l&uacute;\u010denia s \u013eu\u010fmi bl&iacute;zkymi a&nbsp; drah&yacute;mi. Sk&ocirc;r, alebo nesk&ocirc;r, ka\u017ed&yacute; z n&aacute;s si uvedom&iacute; pominute\u013enos\u0165 v&scaron;etk&eacute;ho na tejto zemi, vr&aacute;tane vlastnej existencie.<\/span><\/p>\n<p style=\"margin: 0.0px 0.0px 0.0px 0.0px; font: 16.0px Helvetica\"><span style=\"letter-spacing: 0.0px\">&nbsp; &nbsp; &nbsp; &nbsp; Mohlo by sa zda\u0165, \u017ee radostn&eacute; posolstvo Ve\u013ekej noci a oslava Kristovho zm\u0155tvychvstania mus&iacute; ust&uacute;pi\u0165 &scaron;edej v&scaron;ednosti a niekedy aj tmavej sk&uacute;senosti \u010dasn&eacute;ho \u017eivota. V\u017edy nanovo zis\u0165ujeme, \u017ee sme iba prach zo zeme, \u017ee sme, ako to povedal ap.Pavel, iba &ldquo;<i>hlinen&eacute; n&aacute;doby&rdquo;. N&aacute;doby,<\/i> ktor&eacute; s&uacute; zo zeme a do zeme sa vracaj&uacute;.&nbsp;<\/span><\/p>\n<p style=\"margin: 0.0px 0.0px 0.0px 0.0px; font: 16.0px Helvetica\"><span style=\"letter-spacing: 0.0px\">Len\u017ee pr&aacute;ve tu a vtedy, ke\u010f sa stret&aacute;me s udalos\u0165ami smutn&yacute;mi&nbsp; alebo \u0165a\u017e&yacute;mi, m&aacute;me myslie\u0165 t&yacute;m viac na posolstvo prv&eacute;ho <i>ve\u013ekono\u010dn&eacute;ho r&aacute;na, ako zaznelo pri Kristovom otvorenom hrobe: &ldquo;Vstal, niet ho tu, ajh\u013ea miesto,&nbsp; kde Ho boli polo\u017eili&rdquo;!<\/i><\/span><\/p>\n<p style=\"margin: 0.0px 0.0px 0.0px 0.0px; font: 16.0px Helvetica; min-height: 19.0px\"><span style=\"letter-spacing: 0.0px\">&nbsp;&nbsp; &nbsp; &nbsp;<\/span><\/p>\n<p style=\"margin: 0.0px 0.0px 0.0px 0.0px; font: 16.0px Helvetica\"><span style=\"letter-spacing: 0.0px\">Dne&scaron;n&aacute; nede\u013ea, ktor&eacute; v cirkvi sv&auml;t&iacute;me m&aacute; n&aacute;zov <b>JUBILATE<\/b>, \u010do znamen&aacute;: Plesaj!&nbsp; Plesajte! Chce n&aacute;m pripomen&uacute;\u0165, \u017ee my&nbsp; kres\u0165ania m&aacute;me v\u017edy d&ocirc;vod na rados\u0165. D&ocirc;vod na plesanie a oslavu toho, \u010do je obsahom ve\u013ekono\u010dn&eacute;ho evanjelia.<\/span><\/p>\n<p style=\"margin: 0.0px 0.0px 0.0px 0.0px; font: 16.0px Helvetica\"><span style=\"letter-spacing: 0.0px\">SZ Bo\u017e&iacute; mu\u017e <b>J&oacute;b<\/b>, napriek svojmu ve\u013ek&eacute;mu utrpeniu a napriek sk&uacute;&scaron;kam, do ktor&yacute;ch ho viedol poku&scaron;ite\u013e, vyzn&aacute;va v sile viery a n&aacute;deje v Bo\u017eium moc a milos\u0165: &ldquo; <i>Ja viem, \u017ee m&ocirc;j Vykupite\u013e \u017eije a nakoniec sa postav&iacute; aj nad moj&iacute;m prachom. Moje o\u010di, nie cudzie ho uvidia&rdquo;! <\/i>Samotn&yacute; P&aacute;n Je\u017ei&scaron; Kristus pred svoj&iacute;m utrpen&iacute;m a smr\u0165ou d&aacute;val do s\u0155dc u\u010den&iacute;kom radostn&yacute; v&yacute;h\u013ead, napriek skuto\u010dnosti svojho utrpenia a smrti na kr&iacute;\u017ei. Hovoril im to zn&aacute;mym slov&iacute;\u010dkom: <b>m&aacute;li\u010dko!<\/b> <i>&ldquo;M&aacute;li\u010dko a neuvid&iacute;te ma, zase&nbsp; m&aacute;li\u010dko a uvid&iacute;te ma&rdquo;.<\/i><\/span><\/p>\n<p style=\"margin: 0.0px 0.0px 0.0px 0.0px; font: 16.0px Helvetica; min-height: 19.0px\"><span style=\"letter-spacing: 0.0px\">&nbsp;&nbsp;<\/span><\/p>\n<p style=\"margin: 0.0px 0.0px 0.0px 0.0px; font: 16.0px Helvetica\"><span style=\"letter-spacing: 0.0px\">&nbsp; &nbsp; To, \u010do je v skuto\u010dnosti prchav&eacute; a nest&aacute;le, to je rados\u0165 sveta. Takou bola aj rados\u0165 t&yacute;ch, ktor&iacute; sa te&scaron;ili, \u017ee Je\u017ei&scaron;ov \u017eivot bol zmaren&yacute; a Jeho telo spo\u010dinulo v hrobe. T&aacute;to rados\u0165 t&yacute;ch, \u010do Krista neprijali bola pred\u010dasn&aacute;. Je\u017ei&scaron; d&aacute;va svojim in&yacute; v&yacute;h\u013ead a s n&iacute;m aj rados\u0165 trval&uacute; a st&aacute;lu.<\/span><\/p>\n<p style=\"margin: 0.0px 0.0px 0.0px 0.0px; font: 16.0px Helvetica; min-height: 19.0px\"><span style=\"letter-spacing: 0.0px\">&nbsp;&nbsp; &nbsp; &nbsp;<\/span><\/p>\n<p style=\"margin: 0.0px 0.0px 0.0px 0.0px; font: 16.0px Helvetica\"><span style=\"letter-spacing: 0.0px\">&nbsp; &nbsp; &nbsp; Mil&iacute; bratia a sestry v P&aacute;novi Je\u017ei&scaron;ovi Kristovi!<\/span><\/p>\n<p style=\"margin: 0.0px 0.0px 0.0px 0.0px; font: 16.0px Helvetica\"><span style=\"letter-spacing: 0.0px\">&nbsp;&nbsp; &nbsp; T&aacute;to rados\u0165 z P&aacute;novho v&iacute;\u0165aztva je hodnotou, ktor&aacute; m&aacute; vst&uacute;pi\u0165 do n&aacute;&scaron;ho \u017eivota pr&aacute;ve vtedy, ke\u010f sa n&aacute;m zle deje.&nbsp; Ke\u010f star&aacute;came \u017eivotn&yacute; optimizmus, alebo n&aacute;s zastihn&uacute; nejak&eacute; sk&uacute;&scaron;ky \u017eivota a viery. Ponuka radosti a d&ocirc;vod k plesaniu je toti\u017e t&yacute;m ovoc&iacute;m, ob\u010derstvuj&uacute;cim a vz&aacute;cnym, ktor&eacute; plynie z Kristovho v&iacute;\u0165aztva. Neznamen&aacute; to, \u017ee by sk&uacute;&scaron;ky viery na veriacich v Krista nepri&scaron;li a nemali pr&iacute;s\u0165. Toto P&aacute;n svojim u\u010den&iacute;kom nes\u013e&uacute;bil. To, \u010do s\u013e&uacute;bil, je Jeho pr&iacute;tomnos\u0165, Jeho pr&iacute;hovorn&aacute; modlitba a Jeho p&ocirc;sobenie skrze Ducha Sv&auml;t&eacute;ho na na&scaron;u du&scaron;u a n&aacute;&scaron;ho ducha. Aj v tej najv&auml;\u010d&scaron;ej sk&uacute;&scaron;ke, ktoru je smr\u0165 a oddelenie du&scaron;e a tela, m&aacute;me vedie\u0165, \u017ee nebudeme a nie sme ponechan&iacute; sami na seba. U\u017e dnes viera v Krista je t&yacute;m spojivom, ktor&eacute; n&aacute;s s N&iacute;m spojilo tak, \u017ee<i> &ldquo;nikto a ni\u010d n&aacute;s nem&ocirc;\u017ee od Neho odl&uacute;\u010di\u0165&rdquo;.\/R 8\/<\/i><\/span><\/p>\n<p style=\"margin: 0.0px 0.0px 0.0px 0.0px; font: 16.0px Helvetica; min-height: 19.0px\"><span style=\"letter-spacing: 0.0px\">&nbsp; &nbsp;<\/span><\/p>\n<p style=\"margin: 0.0px 0.0px 0.0px 0.0px; font: 16.0px Helvetica\"><span style=\"letter-spacing: 0.0px\">&nbsp; &nbsp; &nbsp; <b>Apo&scaron;tol Pavel<\/b> t&uacute;to z&aacute;kladn&uacute; pravdu opakuje a nanovo pripom&iacute;na aj korintsk&yacute;m kres\u0165anom a cez slov&aacute; svojho listu aj v&scaron;etk&yacute;m ostatn&yacute;m.<i>&ldquo;Preto neochabujemem aj ke\u010f sa n&aacute;&scaron; zovn&uacute;torn&yacute; \u010dlovek ru&scaron;&iacute;&rdquo;. <\/i>Tu m&aacute; na mysli telesn&yacute; \u017eivot \u010dloveka. Neraz sa n&aacute;m na&scaron;i bl&iacute;zky&nbsp; a drah&iacute; akoby str&aacute;cali priamo pred na&scaron;imi o\u010dami. Str&aacute;caj&uacute; sa a v&auml;dn&uacute; ako tie kvety a padaj&uacute; ako okvetn&eacute; l&iacute;stky z rozkvitnut&yacute;ch stromov. S&uacute;\u010dasne plat&iacute;, \u017ee to, \u010do vid&iacute;me na in&yacute;ch, m&aacute;me \u010daka\u0165 aj sami na sebe. N&aacute;&scaron; vonkaj&scaron;&iacute; \u010dlovek podlieha ustavi\u010dnej premene a nest&aacute;losti. Ako na inom mieste Bo\u017eie slovo hovor&iacute;&rdquo;<i> Spanilos\u0165 je klam a kr&aacute;sa je m&aacute;rnos\u0165.<\/i>..&rdquo;&nbsp; M&aacute;rnos\u0165ou je aj sila mu\u017ea a ak&eacute;ko\u013evek postavenie \u010dloveka. V&scaron;ekto, v \u010dom sa naj\u010dastej&scaron;ie a najrad&scaron;ej koch&aacute;me &#8211; <i>&ldquo;to minie ne\u017e sa nazd&aacute;me&rdquo;.<\/i>(EF)<\/span><\/p>\n<p style=\"margin: 0.0px 0.0px 0.0px 0.0px; font: 16.0px Helvetica; min-height: 19.0px\"><span style=\"letter-spacing: 0.0px\">&nbsp;&nbsp; &nbsp;<\/span><\/p>\n<p style=\"margin: 0.0px 0.0px 0.0px 0.0px; font: 16.0px Helvetica\"><span style=\"letter-spacing: 0.0px\">Apo&scaron;tol Pavel v&scaron;ak vie aj o vn&uacute;tornom, duchovnom \u017eivote veriaceho kres\u0165ana. Vie o vn&uacute;tornom \u010dloveku v n&aacute;s, ktor&yacute; sa obnovuje a rastie z in&yacute;ch zdrojov a z in&yacute;ch hodn&ocirc;t, ako s&uacute; zdroje tela. M&aacute; na mysli zdroje duchovn&eacute;, ktor&yacute;mi s&uacute; Bo\u017eie slovo a sviatosti Je\u017ei&scaron;a Krista.<\/span><\/p>\n<p style=\"margin: 0.0px 0.0px 0.0px 0.0px; font: 16.0px Helvetica; min-height: 19.0px\"><span style=\"letter-spacing: 0.0px\">&nbsp;&nbsp; &nbsp;<\/span><\/p>\n<p style=\"margin: 0.0px 0.0px 0.0px 0.0px; font: 16.0px Helvetica\"><span style=\"letter-spacing: 0.0px\">&nbsp;&nbsp; &nbsp; Sk&uacute;senos\u0165 veriaceho v Krista je nasledovn&aacute;: Ak s Kristom \u017eijeme, nie sme sami a bez pomoci. <i>&ldquo;N&aacute;&scaron; vn&uacute;torn&yacute; \u010dlovek&rdquo;<\/i> sa m&aacute; a m&ocirc;\u017ee obnovova\u0165 a posil\u0148ova\u0165 denne a v\u017edy nanovo. Vtedy, ke\u010f \u017eijeme s Kristom P&aacute;nom v spolo\u010dnstve viery, nie sme sami, odk&aacute;zan&iacute; iba sami na seba. Aj ke\u010f utrpenie kres\u0165anov bolo a je aj dnes <i>&ldquo;bremenom s&uacute;\u017eenia<\/i>&rdquo;, ktor&eacute; sa m&ocirc;\u017ee zda\u0165 neprekonate\u013en&eacute; a nezvl&aacute;dnute\u013en&eacute;, smieme \u017ei\u0165 z poznanej a vysk&uacute;&scaron;anej pravdy, \u017ee&nbsp; <i>&ldquo;toto teraj&scaron;ie \u013eahk&eacute; bremeno s&uacute;\u017eenia z&iacute;ska n&aacute;m prenesmiernu hojnos\u0165 ve\u010dnej sl&aacute;vy, ke\u010f neh\u013ead&iacute;me na vidite\u013en&eacute;, ale na&nbsp; n e v i d i t e \u013e n &eacute;! Vidite\u013en&eacute; je toti\u017e do\u010dasn&eacute;, ale nevidite\u013en&eacute; je ve\u010dn&eacute;&rdquo;!<\/i> Toto nie s&uacute; iba pr&aacute;zdne slov&aacute; apo&scaron;tola Pavla, ale za nimi stoj&iacute; jeho osob&aacute; sk&uacute;senos\u0165 obr&aacute;tenia a osobn&aacute; sk&uacute;senso\u0165 viery, ke\u010f ho osvielilo svetlo nebesk&eacute; a slovo Je\u017ei&scaron;ovo na ceste do Damasku.<\/span><\/p>\n<p style=\"margin: 0.0px 0.0px 0.0px 0.0px; font: 16.0px Helvetica\"><span style=\"letter-spacing: 0.0px\">Preto aj n&aacute;m plat&iacute; v&yacute;zva: <b>Jubilate &#8211; Plesajte!<\/b><\/span><\/p>\n<p style=\"margin: 0.0px 0.0px 0.0px 0.0px; font: 16.0px Helvetica; min-height: 19.0px\">&nbsp;<\/p>\n<p style=\"margin: 0.0px 0.0px 0.0px 0.0px; font: 16.0px Helvetica\"><span style=\"letter-spacing: 0.0px\">&nbsp; &nbsp; &nbsp; &nbsp; Mil&iacute; bratia&nbsp; sestry!&nbsp;<\/span><\/p>\n<p style=\"margin: 0.0px 0.0px 0.0px 0.0px; font: 16.0px Helvetica\"><span style=\"letter-spacing: 0.0px\">&nbsp;&nbsp; &nbsp; &nbsp; Iste pozn&aacute;te ja vy, \u010di u\u017e zo svojho okolia, alebo zo \u017eivota osobn&eacute;ho, alebo vlastnej rodiny ne\u010dakan&eacute; premeny, ke\u010f sa nejak&yacute; \u010dlovek dlhodobo vzpieral svetlu nebesk&eacute;mu a nevidite\u013en&eacute;mu, ale napokon predsa pri&scaron;lo k zmene. Vieme, \u017ee svedectvo, alebo sk&uacute;senos\u0165 o takejto zmene je povzbuden&iacute;m a in&scaron;pir&aacute;ciou pre zmenu \u017eivotn&eacute;ho postoja pre mnoh&yacute;ch \u013eud&iacute;.<\/span><\/p>\n<p style=\"margin: 0.0px 0.0px 0.0px 0.0px; font: 16.0px Helvetica\"><span style=\"letter-spacing: 0.0px\">&nbsp;&nbsp; &nbsp; Len\u017ee st&aacute;va sa aj opak. To, \u017ee mnoho \u013eud&iacute; h\u013ead&iacute; iba na veci vidite\u013en&eacute; a \u010dasn&eacute;. Ak sa udeje ak&aacute;ko\u013evek zmena k hor&scaron;iemu, ak do\u013eahne na niekoho bremeno s&uacute;\u017eenia, mnoho \u013eud&iacute; i kres\u0165anov zneistie a za\u017eij&uacute; otras viery. Nie v\u017edy sa dok&aacute;\u017eu z toho \u013eudia spam&auml;ta\u0165.&nbsp;<\/span><\/p>\n<p style=\"margin: 0.0px 0.0px 0.0px 0.0px; font: 16.0px Helvetica; min-height: 19.0px\"><span style=\"letter-spacing: 0.0px\">&nbsp;&nbsp; &nbsp;<\/span><\/p>\n<p style=\"margin: 0.0px 0.0px 0.0px 0.0px; font: 16.0px Helvetica\"><span style=\"letter-spacing: 0.0px\">&nbsp; &nbsp; V \u017eivote plat&iacute; v&scaron;eobecne plat&iacute; pravidlo: Kto je pripraven&yacute;, nie je ohrozen&yacute;! Napr.Japonsko, ako ostrovn&aacute; krajina \u010dasto za\u017e&iacute;va zemetrasenia. U\u017e mal&eacute; deti vedia, \u010do robi\u0165, ako za zachova\u0165, pri prv&yacute;ch pr&iacute;znakoch zemetrasenia. Dlhodob&yacute;m n&aacute;cvikom v rodin&aacute;ch, v &scaron;kole i na pracovisk&aacute;ch mnoh&iacute; vo chv&iacute;li nebezpe\u010denstva vedia urobi\u0165 spr&aacute;vne kroky a tak si zachovaj&uacute; \u017eivot.&nbsp;<\/span><\/p>\n<p style=\"margin: 0.0px 0.0px 0.0px 0.0px; font: 16.0px Helvetica\"><span style=\"letter-spacing: 0.0px\">V na&scaron;om duchovnom \u017eivote plat&iacute; nie\u010do podobn&eacute;.<i>&ldquo;Bremeno s&uacute;\u017eenia&rdquo; <\/i>m&ocirc;\u017ee z&iacute;ska\u0165 veriacemu<i> &ldquo;prenesmiernu hojnos\u0165 ve\u010dnej sl&aacute;vy<\/i>&rdquo;! Ak spojenie s P&aacute;nom Je\u017ei&scaron;om Kristom nepretrhneme, ak na Jeho \u017eivot a vzkriesenie pam&auml;t&aacute;me, ak na&scaron;e spojenie s Kristom v Krste sv&auml;tom vytvoren&eacute; Duchom Sv&auml;t&yacute;m nepreru&scaron;&iacute;me, nie sme sami, ani opusten&iacute;. Spievame a vyzn&aacute;vame&nbsp; aj dnes slovami na&scaron;ej ve\u013ekono\u010dnej piesne, z pera ve\u013ek&eacute;ho trpie\u013ea <b>M. M.Hod\u017eu:<\/b><\/span><\/p>\n<p style=\"margin: 0.0px 0.0px 0.0px 0.0px; font: 16.0px Helvetica\"><span style=\"letter-spacing: 0.0px\"><i>&nbsp;&nbsp; Bremeno \u0165a\u017ek&eacute; ke\u010f ma tla\u010d&iacute;, h\u013ead&aacute;m v Bohu u\u013eavenie.<\/i><\/span><\/p>\n<p style=\"margin: 0.0px 0.0px 0.0px 0.0px; font: 16.0px Helvetica\"><span style=\"letter-spacing: 0.0px\"><i>&nbsp;&nbsp; Ke\u010f nariekam v \u017ealostnom pla\u010di, pripomenim si vzkriesenie:<\/i><\/span><\/p>\n<p style=\"margin: 0.0px 0.0px 0.0px 0.0px; font: 16.0px Helvetica\"><span style=\"letter-spacing: 0.0px\"><i>&nbsp;&nbsp; mojho Krista, v \u0147om mi chyst&aacute; Boh nebo doista<\/i><\/span><\/p>\n<p style=\"margin: 0.0px 0.0px 0.0px 0.0px; font: 16.0px Helvetica\"><span style=\"letter-spacing: 0.0px\"><i>&nbsp;&nbsp; v \u0147om m&aacute;m najdrah&scaron;&iacute; poklad najv&auml;\u010d&scaron;&iacute;, t&yacute;m sa te&scaron;&iacute;m. \/ESP 127,1\/<\/i><\/span><\/p>\n<p style=\"margin: 0.0px 0.0px 0.0px 0.0px; font: 16.0px Helvetica; min-height: 19.0px\"><span style=\"letter-spacing: 0.0px\"><i>&nbsp;&nbsp; &nbsp; &nbsp;<\/i><\/span><\/p>\n<p style=\"margin: 0.0px 0.0px 0.0px 0.0px; font: 16.0px Helvetica\"><span style=\"letter-spacing: 0.0px\">&nbsp;&nbsp; Je to ten ist&yacute; zdroj, na ktor&yacute; sa opieral Dr. M.Luther v \u0165a\u017ekostiach, ke\u010f si pripom&iacute;nal:<i> Baptisatus sum! &#8211;&nbsp; Som pokrsten&yacute;!<\/i> Tu sa toti\u017e udialo spojenie s Je\u017ei&scaron;om, ktor&eacute; v Krste sv&auml;tom kon&aacute; Boh Otec skrze Ducha Sv&auml;t&eacute;ho. O na&scaron;om P&aacute;novi a Spasite\u013eovi, ktor&yacute; z m\u0155tvych vstal a sed&iacute; na pravici moci Bo\u017eej plat&iacute;:<i> Nevidite\u013en&eacute; je ve\u010dn&eacute;<\/i>!&nbsp; Preto m&aacute;me d&ocirc;vod k pravej radosti a plesaniu v ka\u017edom \u010dase. Amen.<\/span><\/p>\n<p style=\"margin: 0.0px 0.0px 0.0px 0.0px; font: 16.0px Helvetica; min-height: 19.0px\">&nbsp;<\/p>\n<p style=\"margin: 0.0px 0.0px 0.0px 0.0px; font: 12.0px Helvetica\"><span style=\"font: 16.0px Helvetica; letter-spacing: 0.0px\">&nbsp;&nbsp; &nbsp; &nbsp;<\/span><span style=\"letter-spacing: 0.0px\"> &nbsp; &nbsp; &nbsp; &nbsp; &nbsp; &nbsp; &nbsp; &nbsp; &nbsp; &nbsp; &nbsp; &nbsp; &nbsp; &nbsp; &nbsp; &nbsp; &nbsp; &nbsp; &nbsp; &nbsp; &nbsp; &nbsp; &nbsp; &nbsp; &nbsp; &nbsp; &nbsp; &nbsp; &nbsp;3.nede\u013ea po Ve\u013ekej Noci &#8211; Soboti&scaron;te 2012-&nbsp; \u013d.Batka st.<\/span><\/p>\n","protected":false},"excerpt":{"rendered":"<p>&nbsp;&nbsp; &nbsp; &nbsp; &nbsp; &nbsp; &nbsp; &nbsp; &nbsp; &nbsp; &nbsp; &nbsp; &nbsp; &nbsp; &nbsp; &nbsp; &nbsp; &nbsp; &nbsp; &nbsp; &nbsp; &nbsp; &nbsp; &nbsp; &nbsp; &nbsp;Jubilate &#8211; plesajte! &nbsp; 2 Kor 4, 16 &#8211; 18: &ldquo; Preto neochabujme, ale aj ke\u010f sa n&aacute;&scaron; zovn&uacute;torn&yacute; \u010dlovek ru&scaron;&iacute;, n&aacute;&scaron; vn&uacute;torn&yacute; sa obnovuje zo d\u0148a na de\u0148. (17) Lebo &#8230; <a title=\"Jubilate &#8211; plesajte!\" class=\"read-more\" href=\"https:\/\/www.e-anjelik.sk\/index.php\/2012\/05\/13\/jubilate-plesajte\/\" aria-label=\"Pre\u010d\u00edtajte si viac o Jubilate &#8211; plesajte!\">\u010c\u00edta\u0165 viac<\/a><\/p>\n","protected":false},"author":4,"featured_media":0,"comment_status":"open","ping_status":"open","sticky":false,"template":"","format":"standard","meta":{"footnotes":""},"categories":[121,95,77],"tags":[192],"class_list":["post-4348","post","type-post","status-publish","format-standard","hentry","category-kazne","category-sobotiste","category-velka-noc","tag-kazen"],"_links":{"self":[{"href":"https:\/\/www.e-anjelik.sk\/index.php\/wp-json\/wp\/v2\/posts\/4348","targetHints":{"allow":["GET"]}}],"collection":[{"href":"https:\/\/www.e-anjelik.sk\/index.php\/wp-json\/wp\/v2\/posts"}],"about":[{"href":"https:\/\/www.e-anjelik.sk\/index.php\/wp-json\/wp\/v2\/types\/post"}],"author":[{"embeddable":true,"href":"https:\/\/www.e-anjelik.sk\/index.php\/wp-json\/wp\/v2\/users\/4"}],"replies":[{"embeddable":true,"href":"https:\/\/www.e-anjelik.sk\/index.php\/wp-json\/wp\/v2\/comments?post=4348"}],"version-history":[{"count":0,"href":"https:\/\/www.e-anjelik.sk\/index.php\/wp-json\/wp\/v2\/posts\/4348\/revisions"}],"wp:attachment":[{"href":"https:\/\/www.e-anjelik.sk\/index.php\/wp-json\/wp\/v2\/media?parent=4348"}],"wp:term":[{"taxonomy":"category","embeddable":true,"href":"https:\/\/www.e-anjelik.sk\/index.php\/wp-json\/wp\/v2\/categories?post=4348"},{"taxonomy":"post_tag","embeddable":true,"href":"https:\/\/www.e-anjelik.sk\/index.php\/wp-json\/wp\/v2\/tags?post=4348"}],"curies":[{"name":"wp","href":"https:\/\/api.w.org\/{rel}","templated":true}]}}