{"id":4355,"date":"2012-05-16T11:40:48","date_gmt":"2012-05-16T11:40:48","guid":{"rendered":"http:\/\/e-anjelik.sk\/?p=4355"},"modified":"2012-05-16T11:40:48","modified_gmt":"2012-05-16T11:40:48","slug":"novy-rektor-chat","status":"publish","type":"post","link":"https:\/\/www.e-anjelik.sk\/index.php\/2012\/05\/16\/novy-rektor-chat\/","title":{"rendered":"Nov\u00fd rektor CHAT"},"content":{"rendered":"<p>10. m&aacute;ja 2012 vedeck&eacute; kol&eacute;gium volite\u013eov Kres\u0165anskej teologickej akad&eacute;mie vo Var&scaron;ave zvolilo za rektora tejto vysokej &scaron;koly pre roky 2012-2016 teol&oacute;ga z Evanjelickej-augsburskej cirkvi v Po\u013esku profesora dr. Boguslava Milerskeho.Nov&yacute; rektor m&aacute; 45 rokov a je najmlad&scaron;&iacute;m rektorom v doteraj&scaron;ej hist&oacute;rii akad&eacute;mie. Vo funkcii nahrad&iacute; prof. Jeremiasza Anchimiuka,&nbsp;z Pravosl&aacute;vnej cirkvi. Je \u010dlenom synody EAC, \u017eenat&yacute;, m&aacute; dc&eacute;rku.<\/p>\n<p>(<a href=\"http:\/\/www.luteranie.pl\">www.luteranie.pl<\/a>)<\/p>\n","protected":false},"excerpt":{"rendered":"<p>10. m&aacute;ja 2012 vedeck&eacute; kol&eacute;gium volite\u013eov Kres\u0165anskej teologickej akad&eacute;mie vo Var&scaron;ave zvolilo za rektora tejto vysokej &scaron;koly pre roky 2012-2016 teol&oacute;ga z Evanjelickej-augsburskej cirkvi v Po\u013esku profesora dr. Boguslava Milerskeho.Nov&yacute; rektor m&aacute; 45 rokov a je najmlad&scaron;&iacute;m rektorom v doteraj&scaron;ej hist&oacute;rii akad&eacute;mie. Vo funkcii nahrad&iacute; prof. Jeremiasza Anchimiuka,&nbsp;z Pravosl&aacute;vnej cirkvi. Je \u010dlenom synody EAC, \u017eenat&yacute;, &#8230; <a title=\"Nov\u00fd rektor CHAT\" class=\"read-more\" href=\"https:\/\/www.e-anjelik.sk\/index.php\/2012\/05\/16\/novy-rektor-chat\/\" aria-label=\"Pre\u010d\u00edtajte si viac o Nov\u00fd rektor CHAT\">\u010c\u00edta\u0165 viac<\/a><\/p>\n","protected":false},"author":22,"featured_media":0,"comment_status":"open","ping_status":"open","sticky":false,"template":"","format":"standard","meta":{"footnotes":""},"categories":[1,14],"tags":[],"class_list":["post-4355","post","type-post","status-publish","format-standard","hentry","category-adventna-modlitba","category-osobnosti"],"_links":{"self":[{"href":"https:\/\/www.e-anjelik.sk\/index.php\/wp-json\/wp\/v2\/posts\/4355","targetHints":{"allow":["GET"]}}],"collection":[{"href":"https:\/\/www.e-anjelik.sk\/index.php\/wp-json\/wp\/v2\/posts"}],"about":[{"href":"https:\/\/www.e-anjelik.sk\/index.php\/wp-json\/wp\/v2\/types\/post"}],"author":[{"embeddable":true,"href":"https:\/\/www.e-anjelik.sk\/index.php\/wp-json\/wp\/v2\/users\/22"}],"replies":[{"embeddable":true,"href":"https:\/\/www.e-anjelik.sk\/index.php\/wp-json\/wp\/v2\/comments?post=4355"}],"version-history":[{"count":0,"href":"https:\/\/www.e-anjelik.sk\/index.php\/wp-json\/wp\/v2\/posts\/4355\/revisions"}],"wp:attachment":[{"href":"https:\/\/www.e-anjelik.sk\/index.php\/wp-json\/wp\/v2\/media?parent=4355"}],"wp:term":[{"taxonomy":"category","embeddable":true,"href":"https:\/\/www.e-anjelik.sk\/index.php\/wp-json\/wp\/v2\/categories?post=4355"},{"taxonomy":"post_tag","embeddable":true,"href":"https:\/\/www.e-anjelik.sk\/index.php\/wp-json\/wp\/v2\/tags?post=4355"}],"curies":[{"name":"wp","href":"https:\/\/api.w.org\/{rel}","templated":true}]}}