{"id":4359,"date":"2012-05-18T09:07:24","date_gmt":"2012-05-18T09:07:24","guid":{"rendered":"http:\/\/e-anjelik.sk\/?p=4359"},"modified":"2012-05-18T09:07:24","modified_gmt":"2012-05-18T09:07:24","slug":"6-jun-modlitebny-den-za-svedsko","status":"publish","type":"post","link":"https:\/\/www.e-anjelik.sk\/index.php\/2012\/05\/18\/6-jun-modlitebny-den-za-svedsko\/","title":{"rendered":"6. j\u00fan &#8211; modlitebn\u00fd de\u0148 za \u0160v\u00e9dsko"},"content":{"rendered":"<p>6. j&uacute;n 2012 bude u\u017e po siedmy raz ako n&aacute;rodn&yacute; sviatok kres\u0165anmi &Scaron;v&eacute;dska vyu\u017eit&yacute; ako n&aacute;rodn&yacute; de\u0148 modlitieb za t&uacute;to krajinu a jeho obyvate\u013eov. Modlitby s&uacute; zameran&eacute; za obr&aacute;tenie sa &Scaron;v&eacute;dov ku Kristovi. Organiz&aacute;tori roz&scaron;&iacute;rili v tomto roku po\u010det miest verejn&yacute;ch stretnut&iacute; zo 100 na 200 . Vlani modliacich sa kres\u0165anov ru&scaron;ili anarchistick&eacute; skupiny a in&iacute; extr&eacute;misti, musela zasahova\u0165 pol&iacute;cia.<\/p>\n<p>(<a href=\"http:\/\/www.dagen.se\">www.dagen.se<\/a>)<\/p>\n","protected":false},"excerpt":{"rendered":"<p>6. j&uacute;n 2012 bude u\u017e po siedmy raz ako n&aacute;rodn&yacute; sviatok kres\u0165anmi &Scaron;v&eacute;dska vyu\u017eit&yacute; ako n&aacute;rodn&yacute; de\u0148 modlitieb za t&uacute;to krajinu a jeho obyvate\u013eov. Modlitby s&uacute; zameran&eacute; za obr&aacute;tenie sa &Scaron;v&eacute;dov ku Kristovi. Organiz&aacute;tori roz&scaron;&iacute;rili v tomto roku po\u010det miest verejn&yacute;ch stretnut&iacute; zo 100 na 200 . Vlani modliacich sa kres\u0165anov ru&scaron;ili anarchistick&eacute; skupiny a &#8230; <a title=\"6. j\u00fan &#8211; modlitebn\u00fd de\u0148 za \u0160v\u00e9dsko\" class=\"read-more\" href=\"https:\/\/www.e-anjelik.sk\/index.php\/2012\/05\/18\/6-jun-modlitebny-den-za-svedsko\/\" aria-label=\"Pre\u010d\u00edtajte si viac o 6. j\u00fan &#8211; modlitebn\u00fd de\u0148 za \u0160v\u00e9dsko\">\u010c\u00edta\u0165 viac<\/a><\/p>\n","protected":false},"author":22,"featured_media":0,"comment_status":"open","ping_status":"open","sticky":false,"template":"","format":"standard","meta":{"footnotes":""},"categories":[1],"tags":[234],"class_list":["post-4359","post","type-post","status-publish","format-standard","hentry","category-adventna-modlitba","tag-zdruzenia-a-skupiny"],"_links":{"self":[{"href":"https:\/\/www.e-anjelik.sk\/index.php\/wp-json\/wp\/v2\/posts\/4359","targetHints":{"allow":["GET"]}}],"collection":[{"href":"https:\/\/www.e-anjelik.sk\/index.php\/wp-json\/wp\/v2\/posts"}],"about":[{"href":"https:\/\/www.e-anjelik.sk\/index.php\/wp-json\/wp\/v2\/types\/post"}],"author":[{"embeddable":true,"href":"https:\/\/www.e-anjelik.sk\/index.php\/wp-json\/wp\/v2\/users\/22"}],"replies":[{"embeddable":true,"href":"https:\/\/www.e-anjelik.sk\/index.php\/wp-json\/wp\/v2\/comments?post=4359"}],"version-history":[{"count":0,"href":"https:\/\/www.e-anjelik.sk\/index.php\/wp-json\/wp\/v2\/posts\/4359\/revisions"}],"wp:attachment":[{"href":"https:\/\/www.e-anjelik.sk\/index.php\/wp-json\/wp\/v2\/media?parent=4359"}],"wp:term":[{"taxonomy":"category","embeddable":true,"href":"https:\/\/www.e-anjelik.sk\/index.php\/wp-json\/wp\/v2\/categories?post=4359"},{"taxonomy":"post_tag","embeddable":true,"href":"https:\/\/www.e-anjelik.sk\/index.php\/wp-json\/wp\/v2\/tags?post=4359"}],"curies":[{"name":"wp","href":"https:\/\/api.w.org\/{rel}","templated":true}]}}