{"id":4363,"date":"2012-05-19T21:06:38","date_gmt":"2012-05-19T21:06:38","guid":{"rendered":"http:\/\/e-anjelik.sk\/?p=4363"},"modified":"2012-05-19T21:06:38","modified_gmt":"2012-05-19T21:06:38","slug":"19-maj","status":"publish","type":"post","link":"https:\/\/www.e-anjelik.sk\/index.php\/2012\/05\/19\/19-maj\/","title":{"rendered":"19. M\u00c1J"},"content":{"rendered":"<p>&nbsp;<span class=\"Apple-style-span\" style=\"font-family: Helvetica; font-size: 16px; line-height: normal; \">&nbsp; &nbsp; &nbsp; &nbsp; &nbsp; &nbsp; &nbsp; &nbsp; &nbsp; &nbsp; &nbsp; &nbsp; &nbsp; &nbsp; &nbsp; &nbsp; &nbsp; &nbsp; &nbsp; &nbsp; &nbsp; &nbsp; &nbsp; &nbsp; &nbsp; &nbsp; &nbsp; &nbsp; &nbsp;19. M&Aacute;J<\/span><\/p>\n<p style=\"margin: 0.0px 0.0px 0.0px 0.0px; font: 16.0px Helvetica; min-height: 19.0px\">&nbsp;<\/p>\n<p style=\"margin: 0.0px 0.0px 0.0px 0.0px; font: 16.0px Helvetica\"><span style=\"letter-spacing: 0.0px\"><b><i>Po\u010fte ku mne v&scaron;etci, ktor&iacute; sa nam&aacute;hate a ste pre\u0165a\u017een&iacute;; ja v&aacute;m d&aacute;m odpo\u010dinutie.<\/i><\/b><\/span><\/p>\n<p style=\"margin: 0.0px 0.0px 0.0px 0.0px; font: 16.0px Helvetica; min-height: 19.0px\">&nbsp;<\/p>\n<p style=\"margin: 0.0px 0.0px 0.0px 0.0px; font: 16.0px Helvetica\"><span style=\"letter-spacing: 0.0px\"><i>&nbsp; &nbsp; &nbsp; &nbsp; &nbsp; &nbsp; &nbsp; &nbsp; &nbsp; &nbsp; &nbsp; &nbsp; &nbsp; &nbsp; &nbsp; &nbsp; &nbsp; &nbsp; &nbsp; &nbsp; &nbsp; &nbsp; &nbsp; &nbsp; &nbsp; &nbsp; &nbsp; &nbsp; &nbsp; &nbsp; &nbsp; &nbsp; &nbsp; &nbsp; &nbsp; &nbsp; &nbsp; &nbsp; &nbsp; &nbsp; &nbsp; &nbsp; &nbsp; &nbsp; &nbsp; &nbsp; &nbsp; &nbsp; &nbsp; &nbsp; &nbsp; &nbsp; &nbsp; &nbsp; &nbsp; &nbsp; &nbsp; &nbsp; &nbsp; &nbsp; &nbsp; &nbsp; &nbsp; &nbsp; &nbsp; &nbsp; &nbsp;Mat&uacute;&scaron; 11,28<\/i><\/span><\/p>\n<p style=\"margin: 0.0px 0.0px 0.0px 0.0px; font: 16.0px Helvetica; min-height: 19.0px\">&nbsp;<\/p>\n<p style=\"margin: 0.0px 0.0px 0.0px 0.0px; font: 16.0px Helvetica\"><span style=\"letter-spacing: 0.0px\"><i>&nbsp;&nbsp; &nbsp; V&scaron;emoh&uacute;ci Boh nechce smr\u0165 hrie&scaron;neho \u010dloveka, ale aby sa obr&aacute;til a ostal na\u017eive (Ezechiel 18, 23). To je Jeho v&aacute;\u017ena v&ocirc;\u013ea a &uacute;mysel, aj pr&iacute;kaz dan&yacute; od ve\u010dnosti, aby v&scaron;etci&nbsp; \u013eudia boli blahoslaven&iacute; a &uacute;\u010dastn&iacute; ve\u010dnej radosti. Jeho milos\u0165 sa vyn&aacute;ra od stvorenia a pretrv&aacute;va do skonania, od poludnia do polnoci, a obostiera v&scaron;etk&yacute;ch, ktor&iacute; sa obr&aacute;tia, \u010dinia skuto\u010dn&uacute; \u013e&uacute;tos\u0165 a pok&aacute;nie, a st&aacute;vaj&uacute; sa &uacute;\u010dastn&iacute; Jeho milosrdenstva, a t&uacute;\u017eia po Jeho pomoci.<\/i><\/span><\/p>\n<p style=\"margin: 0.0px 0.0px 0.0px 0.0px; font: 16.0px Helvetica\"><span style=\"letter-spacing: 0.0px\"><i>K tomu n&aacute;le\u017e&iacute; prav&aacute;, pevn&aacute; viera, ktor&aacute; ak&uacute;ko\u013evek skleslos\u0165 a z&uacute;falstvo vypudzuje, ktor&aacute; je na&scaron;ou spravodlivos\u0165ou, ako \u010d&iacute;tame v liste R&iacute;mskym 3, 22: Spravodlivos\u0165 z viery v Je\u017ei&scaron;a Krista v&scaron;etk&yacute;m veriacim; lebo niet rozdielu&#8230;<\/i><\/span><\/p>\n<p style=\"margin: 0.0px 0.0px 0.0px 0.0px; font: 16.0px Helvetica\"><span style=\"letter-spacing: 0.0px\"><i>Dobre si v&scaron;imnite tieto slov&aacute;: v&scaron;etk&yacute;m &#8211; niet rozdielu, \u010di nepatr&iacute;te tie\u017e medzi nich a nie ste zajedno s t&yacute;mi, \u010do hrie&scaron;nikov bojov&yacute; znak dostali a bojuj&uacute;.<\/i><\/span><\/p>\n<p style=\"margin: 0.0px 0.0px 0.0px 0.0px; font: 16.0px Helvetica\"><span style=\"letter-spacing: 0.0px\"><i>A ke\u010f v&aacute;s va&scaron;e srdce z toho usved\u010duje, nezatvrdzujte sa a nezost&aacute;vajte v blude. M&aacute;te predsa dobr&uacute;, priamu, spr&aacute;vnu cestu, ktor&uacute; v&aacute;m Boh Otec s&aacute;m prstom ukazuje, akoby pr&aacute;ve na v&aacute;s myslel, ke\u010f hlasno vrav&iacute;: Toto je m&ocirc;j milovan&yacute; Syn, v ktorom sa mi za\u013e&uacute;bilo (Mat&uacute;&scaron; 3, 17). Toho posl&uacute;chajte! &#8211; \u010do v&aacute;m hovor&iacute; a rad&iacute;.<\/i><\/span><\/p>\n<p style=\"margin: 0.0px 0.0px 0.0px 0.0px; font: 16.0px Helvetica\"><span style=\"letter-spacing: 0.0px\"><i>A keby ste v&scaron;ak zatvrdil&iacute; a zaryt&iacute;, ba &uacute;plne hluch&iacute; boli a nepozdvihli o\u010di k nebesiam ako z&uacute;fal&yacute; a zatvrdil&yacute; \u010dlovek, a va&scaron;e u&scaron;i boli na po\u010d&uacute;vanie hluch&eacute;, preto Boha Otca z v&yacute;&scaron;in kri\u010da\u0165 nepo\u010dujete, m&aacute;te predsa Syna, ktor&yacute; v&aacute;s na ceste stret&aacute;va, v&ocirc;kol ktor&eacute;ho ka\u017ed&yacute; mus&iacute; prejs\u0165, na\u010d&uacute;va\u0165 Mu a vidie\u0165 Ho a podobn&yacute;m sp&ocirc;sobom, &aacute;no, e&scaron;te hlasnej&scaron;ie Ho po\u010du\u0165 vola\u0165, ve\u010f On ve\u013ek&yacute;m hlasom, ako ohromn&aacute; tr&uacute;ba, vytrubuje, ako Mat&uacute;&scaron; 11,28 n&aacute;dherne nap&iacute;sal. Po\u010fte, po\u010fte, po\u010fte!<\/i><\/span><\/p>\n<p style=\"margin: 0.0px 0.0px 0.0px 0.0px; font: 16.0px Helvetica; min-height: 19.0px\"><span class=\"Apple-style-span\" style=\"font-size: 12px; \"><span style=\"font: 16.0px Helvetica; letter-spacing: 0.0px\">&nbsp; &nbsp; &nbsp; &nbsp; &nbsp; &nbsp; &nbsp; &nbsp; &nbsp; &nbsp; &nbsp; &nbsp; &nbsp; &nbsp; &nbsp; &nbsp; &nbsp; &nbsp; &nbsp; &nbsp;<\/span><\/span><\/p>\n<p style=\"margin: 0.0px 0.0px 0.0px 0.0px; font: 16.0px Helvetica; min-height: 19.0px\"><span class=\"Apple-style-span\" style=\"font-size: 12px; \"><span style=\"font: 16.0px Helvetica; letter-spacing: 0.0px\"><i>&nbsp; &nbsp; &nbsp; &nbsp; &nbsp; &nbsp; &nbsp; &nbsp; &nbsp; &nbsp; &nbsp; &nbsp; &nbsp; &nbsp; &nbsp; &nbsp; &nbsp; &nbsp; &nbsp; &nbsp; &nbsp; &nbsp; &nbsp; &nbsp; &nbsp; &nbsp;<\/i><\/span><span style=\"letter-spacing: 0.0px\"><i>Martin Luther: Smerovn&iacute;k kres\u0165anskej cesty<\/i><\/span><\/span><\/p>\n","protected":false},"excerpt":{"rendered":"<p>&nbsp;&nbsp; &nbsp; &nbsp; &nbsp; &nbsp; &nbsp; &nbsp; &nbsp; &nbsp; &nbsp; &nbsp; &nbsp; &nbsp; &nbsp; &nbsp; &nbsp; &nbsp; &nbsp; &nbsp; &nbsp; &nbsp; &nbsp; &nbsp; &nbsp; &nbsp; &nbsp; &nbsp; &nbsp; &nbsp;19. M&Aacute;J &nbsp; Po\u010fte ku mne v&scaron;etci, ktor&iacute; sa nam&aacute;hate a ste pre\u0165a\u017een&iacute;; ja v&aacute;m d&aacute;m odpo\u010dinutie. &nbsp; &nbsp; &nbsp; &nbsp; &nbsp; &nbsp; &nbsp; &nbsp; &nbsp; &nbsp; &#8230; <a title=\"19. M\u00c1J\" class=\"read-more\" href=\"https:\/\/www.e-anjelik.sk\/index.php\/2012\/05\/19\/19-maj\/\" aria-label=\"Pre\u010d\u00edtajte si viac o 19. M\u00c1J\">\u010c\u00edta\u0165 viac<\/a><\/p>\n","protected":false},"author":4,"featured_media":0,"comment_status":"open","ping_status":"open","sticky":false,"template":"","format":"standard","meta":{"footnotes":""},"categories":[1],"tags":[],"class_list":["post-4363","post","type-post","status-publish","format-standard","hentry","category-adventna-modlitba"],"_links":{"self":[{"href":"https:\/\/www.e-anjelik.sk\/index.php\/wp-json\/wp\/v2\/posts\/4363","targetHints":{"allow":["GET"]}}],"collection":[{"href":"https:\/\/www.e-anjelik.sk\/index.php\/wp-json\/wp\/v2\/posts"}],"about":[{"href":"https:\/\/www.e-anjelik.sk\/index.php\/wp-json\/wp\/v2\/types\/post"}],"author":[{"embeddable":true,"href":"https:\/\/www.e-anjelik.sk\/index.php\/wp-json\/wp\/v2\/users\/4"}],"replies":[{"embeddable":true,"href":"https:\/\/www.e-anjelik.sk\/index.php\/wp-json\/wp\/v2\/comments?post=4363"}],"version-history":[{"count":0,"href":"https:\/\/www.e-anjelik.sk\/index.php\/wp-json\/wp\/v2\/posts\/4363\/revisions"}],"wp:attachment":[{"href":"https:\/\/www.e-anjelik.sk\/index.php\/wp-json\/wp\/v2\/media?parent=4363"}],"wp:term":[{"taxonomy":"category","embeddable":true,"href":"https:\/\/www.e-anjelik.sk\/index.php\/wp-json\/wp\/v2\/categories?post=4363"},{"taxonomy":"post_tag","embeddable":true,"href":"https:\/\/www.e-anjelik.sk\/index.php\/wp-json\/wp\/v2\/tags?post=4363"}],"curies":[{"name":"wp","href":"https:\/\/api.w.org\/{rel}","templated":true}]}}