{"id":4366,"date":"2012-05-21T08:28:32","date_gmt":"2012-05-21T08:28:32","guid":{"rendered":"http:\/\/e-anjelik.sk\/?p=4366"},"modified":"2012-05-21T08:28:32","modified_gmt":"2012-05-21T08:28:32","slug":"zaverecne-bohosluzby-8-luteranskych-cirkevnych-dni-selk","status":"publish","type":"post","link":"https:\/\/www.e-anjelik.sk\/index.php\/2012\/05\/21\/zaverecne-bohosluzby-8-luteranskych-cirkevnych-dni-selk\/","title":{"rendered":"Z\u00e1vere\u010dn\u00e9 bohoslu\u017eby 8. Luter\u00e1nskych cirkevn\u00fdch dn\u00ed SELK"},"content":{"rendered":"<p>V nede\u013eu 20. m&aacute;ja 2012 v Kongresovom centre v Hannoveri sa konali z&aacute;vere\u010dn&eacute; slu\u017eby Bo\u017eie 8. Luter&aacute;nskych cirkevn&yacute;ch dn&iacute; Nez&aacute;vislej evanjelicko-luter&aacute;nskej cirkvi Nemecka (SELK). SB boli bohat&eacute; na hudobno-spev&aacute;cke prvky.Ako lektori, modlitebn&iacute;ci a vysluhova\u010di VP sl&uacute;\u017eili po\u010detn&iacute; duchovn&iacute; a neordinovan&iacute;. Liturgoval superintendent Walter Hein, k&aacute;zal biskup SELK Hans Joerg Voigt. Pr&iacute;tomn&yacute;ch 2 tis&iacute;c veriacich darovalo v ofere na Bo\u017eie ciele spolu 13 500 &euro;.<\/p>\n<p>(<a href=\"http:\/\/www.selk.de\">www.selk.de<\/a>)<\/p>\n","protected":false},"excerpt":{"rendered":"<p>V nede\u013eu 20. m&aacute;ja 2012 v Kongresovom centre v Hannoveri sa konali z&aacute;vere\u010dn&eacute; slu\u017eby Bo\u017eie 8. Luter&aacute;nskych cirkevn&yacute;ch dn&iacute; Nez&aacute;vislej evanjelicko-luter&aacute;nskej cirkvi Nemecka (SELK). SB boli bohat&eacute; na hudobno-spev&aacute;cke prvky.Ako lektori, modlitebn&iacute;ci a vysluhova\u010di VP sl&uacute;\u017eili po\u010detn&iacute; duchovn&iacute; a neordinovan&iacute;. Liturgoval superintendent Walter Hein, k&aacute;zal biskup SELK Hans Joerg Voigt. Pr&iacute;tomn&yacute;ch 2 tis&iacute;c veriacich darovalo &#8230; <a title=\"Z\u00e1vere\u010dn\u00e9 bohoslu\u017eby 8. Luter\u00e1nskych cirkevn\u00fdch dn\u00ed SELK\" class=\"read-more\" href=\"https:\/\/www.e-anjelik.sk\/index.php\/2012\/05\/21\/zaverecne-bohosluzby-8-luteranskych-cirkevnych-dni-selk\/\" aria-label=\"Pre\u010d\u00edtajte si viac o Z\u00e1vere\u010dn\u00e9 bohoslu\u017eby 8. Luter\u00e1nskych cirkevn\u00fdch dn\u00ed SELK\">\u010c\u00edta\u0165 viac<\/a><\/p>\n","protected":false},"author":22,"featured_media":0,"comment_status":"open","ping_status":"open","sticky":false,"template":"","format":"standard","meta":{"footnotes":""},"categories":[1],"tags":[249],"class_list":["post-4366","post","type-post","status-publish","format-standard","hentry","category-adventna-modlitba","tag-bohosluzby"],"_links":{"self":[{"href":"https:\/\/www.e-anjelik.sk\/index.php\/wp-json\/wp\/v2\/posts\/4366","targetHints":{"allow":["GET"]}}],"collection":[{"href":"https:\/\/www.e-anjelik.sk\/index.php\/wp-json\/wp\/v2\/posts"}],"about":[{"href":"https:\/\/www.e-anjelik.sk\/index.php\/wp-json\/wp\/v2\/types\/post"}],"author":[{"embeddable":true,"href":"https:\/\/www.e-anjelik.sk\/index.php\/wp-json\/wp\/v2\/users\/22"}],"replies":[{"embeddable":true,"href":"https:\/\/www.e-anjelik.sk\/index.php\/wp-json\/wp\/v2\/comments?post=4366"}],"version-history":[{"count":0,"href":"https:\/\/www.e-anjelik.sk\/index.php\/wp-json\/wp\/v2\/posts\/4366\/revisions"}],"wp:attachment":[{"href":"https:\/\/www.e-anjelik.sk\/index.php\/wp-json\/wp\/v2\/media?parent=4366"}],"wp:term":[{"taxonomy":"category","embeddable":true,"href":"https:\/\/www.e-anjelik.sk\/index.php\/wp-json\/wp\/v2\/categories?post=4366"},{"taxonomy":"post_tag","embeddable":true,"href":"https:\/\/www.e-anjelik.sk\/index.php\/wp-json\/wp\/v2\/tags?post=4366"}],"curies":[{"name":"wp","href":"https:\/\/api.w.org\/{rel}","templated":true}]}}