{"id":4368,"date":"2012-05-22T09:02:40","date_gmt":"2012-05-22T09:02:40","guid":{"rendered":"http:\/\/e-anjelik.sk\/?p=4368"},"modified":"2012-05-22T09:02:40","modified_gmt":"2012-05-22T09:02:40","slug":"svaty-duch-nie-je-zena","status":"publish","type":"post","link":"https:\/\/www.e-anjelik.sk\/index.php\/2012\/05\/22\/svaty-duch-nie-je-zena\/","title":{"rendered":"Sv\u00e4t\u00fd Duch nie je \u017eena"},"content":{"rendered":"<p>Sv&auml;t&yacute; Duch nie je nijak&aacute; \u017eena a ani nejak&aacute; &quot;duchovn&aacute; sila&quot;. Objasnil to ved&uacute;ci Teologick&eacute;ho &scaron;tudijn&eacute;ho centra v Krelingen ,pastor Manfred Dreytza.V informa\u010dnom let&aacute;ku kritizuje tak&eacute;to preklady Biblie a teologick&eacute; prejavy z feministick&yacute;ch kruhov. S&iacute;ce hebrejsk&eacute; slovo pre Duch je &quot;ruach&quot; a m&aacute; gramatick&yacute; \u017eensk&yacute; rod,&nbsp; ale preto&nbsp;nie je&nbsp;t&aacute;to skuto\u010dnos\u0165, na ktor&uacute; to&nbsp;slovo poukazuje, nijak&aacute; \u017eena. Dreytza:&quot; Aj slovo der Berg (vrch)&nbsp;je maskul&iacute;num (mu\u017e.rod), a nie je to nijak&yacute; mu\u017e. &quot; Pri tomto teologickom &quot;omyle&quot; Boha, Stvorite\u013ea, meraj&uacute; mierou stvorenstva. V stvorenstve je mu\u017e a \u017eena, ale Stvorite\u013e nie je ni\u010d z oboch. &quot;Je to Boh.&quot; &quot;Preto je Bo\u017e&iacute; Duch tie\u017e viacej ako nejak&aacute; &quot;duchovn&aacute; sila&quot;:&quot; Pojem sila zost&aacute;va tie\u017e visie\u0165 v pr&iacute;rodn&yacute;ch n&iacute;\u017ein&aacute;ch. Kto chce vedie\u0165, kto je Bo\u017e&iacute; Duch, mus&iacute; ho h\u013eada\u0165 v Biblii, najm&auml; v Je\u017ei&scaron;ov&yacute;ch slov&aacute;ch &nbsp;.&nbsp; &quot;V Duchu Sv&auml;tom je pr&iacute;tomn&yacute; Je\u017ei&scaron; Kristus, P&aacute;n.&quot; Sv&auml;t&yacute; Duch neprich&aacute;dza a\u017e potom, ale je u\u017e tu. Od Letn&iacute;c je poslan&yacute; do&nbsp;tohto sveta&nbsp;so zvl&aacute;&scaron;tnou misijnou &uacute;lohou.<\/p>\n<p>Das geistliche Ruestzentrum Krelingen zalo\u017eil pastor Heinrich Kemner r. 1965. Le\u017e&iacute; severne 50 km od Hannoveru na ploche 24 ha. Je to najv&auml;\u010d&scaron;ie, nez&aacute;visl&eacute;, pietistick&eacute; zariadenie v Nemecku v r&aacute;mci evanjelickej krajinskej cirkvi.<\/p>\n<p>Centrum m&aacute; tieto pracovn&eacute; oblasti:<\/p>\n<p>&#8211; stredisko pre vo\u013en&yacute; \u010das a stretania<\/p>\n<p>&#8211; &scaron;tudijn&eacute; stredisko<\/p>\n<p>&#8211; rehabilita\u010dn&eacute; stredisko<\/p>\n<p>&#8211; slu\u017eby cirkevn&yacute;m zborom<\/p>\n<p>&#8211; byty pre seniorov<\/p>\n<p>&#8211; jazdeck&yacute; dvor<\/p>\n<p>&#8211; stol&aacute;rsku diel\u0148u<\/p>\n<p>&#8211; z&aacute;hradn&iacute;ctvo<\/p>\n<p>&#8211; kn&iacute;hkupectvo<\/p>\n<p>&#8211; medi&aacute;lnu slu\u017ebu<\/p>\n<p>&#8211; z&aacute;kladinu H.Kemnera pre teol&oacute;giu a zbory.<\/p>\n<p>Podrobnosti na <a href=\"http:\/\/www.grz-krelingen.de\">www.grz-krelingen.de<\/a>.<\/p>\n<p>(<a href=\"http:\/\/www.idea.de\">www.idea.de<\/a>)<\/p>\n<p>&nbsp;<\/p>\n","protected":false},"excerpt":{"rendered":"<p>Sv&auml;t&yacute; Duch nie je nijak&aacute; \u017eena a ani nejak&aacute; &quot;duchovn&aacute; sila&quot;. Objasnil to ved&uacute;ci Teologick&eacute;ho &scaron;tudijn&eacute;ho centra v Krelingen ,pastor Manfred Dreytza.V informa\u010dnom let&aacute;ku kritizuje tak&eacute;to preklady Biblie a teologick&eacute; prejavy z feministick&yacute;ch kruhov. S&iacute;ce hebrejsk&eacute; slovo pre Duch je &quot;ruach&quot; a m&aacute; gramatick&yacute; \u017eensk&yacute; rod,&nbsp; ale preto&nbsp;nie je&nbsp;t&aacute;to skuto\u010dnos\u0165, na ktor&uacute; to&nbsp;slovo poukazuje, nijak&aacute; &#8230; <a title=\"Sv\u00e4t\u00fd Duch nie je \u017eena\" class=\"read-more\" href=\"https:\/\/www.e-anjelik.sk\/index.php\/2012\/05\/22\/svaty-duch-nie-je-zena\/\" aria-label=\"Pre\u010d\u00edtajte si viac o Sv\u00e4t\u00fd Duch nie je \u017eena\">\u010c\u00edta\u0165 viac<\/a><\/p>\n","protected":false},"author":22,"featured_media":0,"comment_status":"open","ping_status":"open","sticky":false,"template":"","format":"standard","meta":{"footnotes":""},"categories":[1],"tags":[234],"class_list":["post-4368","post","type-post","status-publish","format-standard","hentry","category-adventna-modlitba","tag-zdruzenia-a-skupiny"],"_links":{"self":[{"href":"https:\/\/www.e-anjelik.sk\/index.php\/wp-json\/wp\/v2\/posts\/4368","targetHints":{"allow":["GET"]}}],"collection":[{"href":"https:\/\/www.e-anjelik.sk\/index.php\/wp-json\/wp\/v2\/posts"}],"about":[{"href":"https:\/\/www.e-anjelik.sk\/index.php\/wp-json\/wp\/v2\/types\/post"}],"author":[{"embeddable":true,"href":"https:\/\/www.e-anjelik.sk\/index.php\/wp-json\/wp\/v2\/users\/22"}],"replies":[{"embeddable":true,"href":"https:\/\/www.e-anjelik.sk\/index.php\/wp-json\/wp\/v2\/comments?post=4368"}],"version-history":[{"count":0,"href":"https:\/\/www.e-anjelik.sk\/index.php\/wp-json\/wp\/v2\/posts\/4368\/revisions"}],"wp:attachment":[{"href":"https:\/\/www.e-anjelik.sk\/index.php\/wp-json\/wp\/v2\/media?parent=4368"}],"wp:term":[{"taxonomy":"category","embeddable":true,"href":"https:\/\/www.e-anjelik.sk\/index.php\/wp-json\/wp\/v2\/categories?post=4368"},{"taxonomy":"post_tag","embeddable":true,"href":"https:\/\/www.e-anjelik.sk\/index.php\/wp-json\/wp\/v2\/tags?post=4368"}],"curies":[{"name":"wp","href":"https:\/\/api.w.org\/{rel}","templated":true}]}}