{"id":4369,"date":"2012-05-22T09:48:38","date_gmt":"2012-05-22T09:48:38","guid":{"rendered":"http:\/\/e-anjelik.sk\/?p=4369"},"modified":"2012-05-22T09:48:38","modified_gmt":"2012-05-22T09:48:38","slug":"evanjelicke-bohosluzby-pocas-svatodusnej-nedele-v-tv-a-rozhlase","status":"publish","type":"post","link":"https:\/\/www.e-anjelik.sk\/index.php\/2012\/05\/22\/evanjelicke-bohosluzby-pocas-svatodusnej-nedele-v-tv-a-rozhlase\/","title":{"rendered":"Evanjelick\u00e9 bohoslu\u017eby po\u010das Sv\u00e4todu\u0161nej nedele v TV a rozhlase"},"content":{"rendered":"<p>V nede\u013eu 27. m&aacute;ja kres\u0165ania sl&aacute;via Sv&auml;todu&scaron;n&uacute; nede\u013eu. Prin&aacute;&scaron;ame pozvanie pre t&yacute;ch, \u010do nem&ocirc;\u017eu &iacute;s\u0165 do zhroma\u017edenia, pozrie\u0165 si prenos evanjelick&yacute;ch slu\u017eieb Bo\u017e&iacute;ch v rozhlase a telev&iacute;zii.<\/p>\n<p><strong>Rozhlas:<\/strong><\/p>\n<p>Slovensko a Reg&iacute;ny : Evanjelick&eacute; slu\u017eby Bo\u017eie z cz \u010castkov o 9.04 hodine.<\/p>\n<p><strong>Telev&iacute;zia:<\/strong><\/p>\n<p>ARD o 10.00 hodine: prenos ev. slu\u017eieb Bo\u017e&iacute;ch z D&oacute;mu v Ratzenburgu.<\/p>\n<p>\u010cesk&aacute; telev&iacute;zia 2:&nbsp;o&nbsp;9,30 hodine ev. slu\u017eby Bo\u017eie&nbsp;z Prahy-Vr&scaron;ov&iacute;c.<\/p>\n<p>&quot;<strong>Nie vojenskou mocou ani silou, ale moj&iacute;m Duchom- hovor&iacute; Hospodin mocnost&iacute;.&quot; <\/strong>Zachari&aacute;&scaron; 4, 6<\/p>\n<p><strong><em>Po\u017eehnan&eacute; Sv&auml;todu&scaron;n&eacute; sviatky!<\/em><\/strong><\/p>\n","protected":false},"excerpt":{"rendered":"<p>V nede\u013eu 27. m&aacute;ja kres\u0165ania sl&aacute;via Sv&auml;todu&scaron;n&uacute; nede\u013eu. Prin&aacute;&scaron;ame pozvanie pre t&yacute;ch, \u010do nem&ocirc;\u017eu &iacute;s\u0165 do zhroma\u017edenia, pozrie\u0165 si prenos evanjelick&yacute;ch slu\u017eieb Bo\u017e&iacute;ch v rozhlase a telev&iacute;zii. Rozhlas: Slovensko a Reg&iacute;ny : Evanjelick&eacute; slu\u017eby Bo\u017eie z cz \u010castkov o 9.04 hodine. Telev&iacute;zia: ARD o 10.00 hodine: prenos ev. slu\u017eieb Bo\u017e&iacute;ch z D&oacute;mu v Ratzenburgu. \u010cesk&aacute; &#8230; <a title=\"Evanjelick\u00e9 bohoslu\u017eby po\u010das Sv\u00e4todu\u0161nej nedele v TV a rozhlase\" class=\"read-more\" href=\"https:\/\/www.e-anjelik.sk\/index.php\/2012\/05\/22\/evanjelicke-bohosluzby-pocas-svatodusnej-nedele-v-tv-a-rozhlase\/\" aria-label=\"Pre\u010d\u00edtajte si viac o Evanjelick\u00e9 bohoslu\u017eby po\u010das Sv\u00e4todu\u0161nej nedele v TV a rozhlase\">\u010c\u00edta\u0165 viac<\/a><\/p>\n","protected":false},"author":22,"featured_media":0,"comment_status":"open","ping_status":"open","sticky":false,"template":"","format":"standard","meta":{"footnotes":""},"categories":[108],"tags":[249],"class_list":["post-4369","post","type-post","status-publish","format-standard","hentry","category-svatodusne-sviatky","tag-bohosluzby"],"_links":{"self":[{"href":"https:\/\/www.e-anjelik.sk\/index.php\/wp-json\/wp\/v2\/posts\/4369","targetHints":{"allow":["GET"]}}],"collection":[{"href":"https:\/\/www.e-anjelik.sk\/index.php\/wp-json\/wp\/v2\/posts"}],"about":[{"href":"https:\/\/www.e-anjelik.sk\/index.php\/wp-json\/wp\/v2\/types\/post"}],"author":[{"embeddable":true,"href":"https:\/\/www.e-anjelik.sk\/index.php\/wp-json\/wp\/v2\/users\/22"}],"replies":[{"embeddable":true,"href":"https:\/\/www.e-anjelik.sk\/index.php\/wp-json\/wp\/v2\/comments?post=4369"}],"version-history":[{"count":0,"href":"https:\/\/www.e-anjelik.sk\/index.php\/wp-json\/wp\/v2\/posts\/4369\/revisions"}],"wp:attachment":[{"href":"https:\/\/www.e-anjelik.sk\/index.php\/wp-json\/wp\/v2\/media?parent=4369"}],"wp:term":[{"taxonomy":"category","embeddable":true,"href":"https:\/\/www.e-anjelik.sk\/index.php\/wp-json\/wp\/v2\/categories?post=4369"},{"taxonomy":"post_tag","embeddable":true,"href":"https:\/\/www.e-anjelik.sk\/index.php\/wp-json\/wp\/v2\/tags?post=4369"}],"curies":[{"name":"wp","href":"https:\/\/api.w.org\/{rel}","templated":true}]}}