{"id":4378,"date":"2012-05-25T09:10:57","date_gmt":"2012-05-25T09:10:57","guid":{"rendered":"http:\/\/e-anjelik.sk\/?p=4378"},"modified":"2012-05-25T09:10:57","modified_gmt":"2012-05-25T09:10:57","slug":"src-vyzyva-na-spolocne-letnice-vychodu-aj-zapadu","status":"publish","type":"post","link":"https:\/\/www.e-anjelik.sk\/index.php\/2012\/05\/25\/src-vyzyva-na-spolocne-letnice-vychodu-aj-zapadu\/","title":{"rendered":"SRC vyz\u00fdva na spolo\u010dn\u00e9 Letnice V\u00fdchodu aj Z\u00e1padu"},"content":{"rendered":"<p>Svetov&aacute; rada cirkv&iacute;&nbsp;(SRC) apeluje na v&scaron;etky kres\u0165ansk&eacute; cirkvi, aby sa zjednotili na spolo\u010dnom d&aacute;tume Letn&iacute;c. Spolo\u010dn&yacute; d&aacute;tum kres\u0165anov V&yacute;chodu aj Z&aacute;padu by bol znakom jednoty, povedal gen. tajomn&iacute;k SRC , far&aacute;r Olav Fykse Tveit vo &scaron;tvrtok v \u017deneve.Osem prezidentov SRC zd&ocirc;raznilo pri pr&iacute;le\u017eitosti osl&aacute;v Letn&iacute;c tento v&iacute;kend :&quot; Kie\u017eby n&aacute;s Duch Sv&auml;t&yacute; vo svojej sile premenil tak, aby sme boli schopn&iacute; hl&aacute;sa\u0165 ve\u013ek&eacute; Bo\u017eie \u010diny v dne&scaron;nom svete.&quot;<\/p>\n<p>Kres\u0165ania V&yacute;chodu a Z&aacute;padu sl&aacute;via spravidla Letnice r&ocirc;zne. Letnice s&uacute; 50 dn&iacute; po Ve\u013ekej noci. V&auml;\u010d&scaron;ina pravosl&aacute;vnych cirkv&iacute; sa riadi star&yacute;m j&uacute;li&aacute;nskym kalend&aacute;rom, k&yacute;m z&aacute;padn&iacute; kres\u0165ania gregori&aacute;nskym. Preto pripadaj&uacute; Ve\u013ek&aacute; noc a Letnice na r&ocirc;zne term&iacute;ny. Najbli\u017e&scaron;ie spolo\u010dn&eacute; d&aacute;tumy Ve\u013ekej&nbsp;noci a Letn&iacute;c bud&uacute; v roku&nbsp;2017 a 2025.&nbsp;<\/p>\n<p>SRC zdru\u017euje 349 protestantsk&yacute;ch, anglik&aacute;nskych, pravosl&aacute;vnych a in&yacute;ch kres\u0165ansk&yacute;ch cirkv&iacute; sveta s 560 mili&oacute;nmi veriacich. Katol&iacute;cka cirkev nie je \u010dlenkou SRC.&nbsp;<\/p>\n<p>(<a href=\"http:\/\/www.ekd.de\">www.ekd.de<\/a>)<\/p>\n","protected":false},"excerpt":{"rendered":"<p>Svetov&aacute; rada cirkv&iacute;&nbsp;(SRC) apeluje na v&scaron;etky kres\u0165ansk&eacute; cirkvi, aby sa zjednotili na spolo\u010dnom d&aacute;tume Letn&iacute;c. Spolo\u010dn&yacute; d&aacute;tum kres\u0165anov V&yacute;chodu aj Z&aacute;padu by bol znakom jednoty, povedal gen. tajomn&iacute;k SRC , far&aacute;r Olav Fykse Tveit vo &scaron;tvrtok v \u017deneve.Osem prezidentov SRC zd&ocirc;raznilo pri pr&iacute;le\u017eitosti osl&aacute;v Letn&iacute;c tento v&iacute;kend :&quot; Kie\u017eby n&aacute;s Duch Sv&auml;t&yacute; vo svojej sile &#8230; <a title=\"SRC vyz\u00fdva na spolo\u010dn\u00e9 Letnice V\u00fdchodu aj Z\u00e1padu\" class=\"read-more\" href=\"https:\/\/www.e-anjelik.sk\/index.php\/2012\/05\/25\/src-vyzyva-na-spolocne-letnice-vychodu-aj-zapadu\/\" aria-label=\"Pre\u010d\u00edtajte si viac o SRC vyz\u00fdva na spolo\u010dn\u00e9 Letnice V\u00fdchodu aj Z\u00e1padu\">\u010c\u00edta\u0165 viac<\/a><\/p>\n","protected":false},"author":22,"featured_media":0,"comment_status":"open","ping_status":"open","sticky":false,"template":"","format":"standard","meta":{"footnotes":""},"categories":[1],"tags":[242],"class_list":["post-4378","post","type-post","status-publish","format-standard","hentry","category-adventna-modlitba","tag-slavnosti"],"_links":{"self":[{"href":"https:\/\/www.e-anjelik.sk\/index.php\/wp-json\/wp\/v2\/posts\/4378","targetHints":{"allow":["GET"]}}],"collection":[{"href":"https:\/\/www.e-anjelik.sk\/index.php\/wp-json\/wp\/v2\/posts"}],"about":[{"href":"https:\/\/www.e-anjelik.sk\/index.php\/wp-json\/wp\/v2\/types\/post"}],"author":[{"embeddable":true,"href":"https:\/\/www.e-anjelik.sk\/index.php\/wp-json\/wp\/v2\/users\/22"}],"replies":[{"embeddable":true,"href":"https:\/\/www.e-anjelik.sk\/index.php\/wp-json\/wp\/v2\/comments?post=4378"}],"version-history":[{"count":0,"href":"https:\/\/www.e-anjelik.sk\/index.php\/wp-json\/wp\/v2\/posts\/4378\/revisions"}],"wp:attachment":[{"href":"https:\/\/www.e-anjelik.sk\/index.php\/wp-json\/wp\/v2\/media?parent=4378"}],"wp:term":[{"taxonomy":"category","embeddable":true,"href":"https:\/\/www.e-anjelik.sk\/index.php\/wp-json\/wp\/v2\/categories?post=4378"},{"taxonomy":"post_tag","embeddable":true,"href":"https:\/\/www.e-anjelik.sk\/index.php\/wp-json\/wp\/v2\/tags?post=4378"}],"curies":[{"name":"wp","href":"https:\/\/api.w.org\/{rel}","templated":true}]}}