{"id":4380,"date":"2012-05-26T17:09:17","date_gmt":"2012-05-26T17:09:17","guid":{"rendered":"http:\/\/e-anjelik.sk\/?p=4380"},"modified":"2012-05-26T17:09:17","modified_gmt":"2012-05-26T17:09:17","slug":"ktory-je-ktory-bol-a-ktory-pride","status":"publish","type":"post","link":"https:\/\/www.e-anjelik.sk\/index.php\/2012\/05\/26\/ktory-je-ktory-bol-a-ktory-pride\/","title":{"rendered":"Ktor\u00fd je, ktor\u00fd bol a ktor\u00fd pr\u00edde"},"content":{"rendered":"<p>&nbsp;<span class=\"Apple-style-span\" style=\"font-family: Helvetica; font-size: 16px; line-height: normal; \"><b>&nbsp; &nbsp; &nbsp; &nbsp; &nbsp; &nbsp; &nbsp; &nbsp; &nbsp; &nbsp; &nbsp; &nbsp; &nbsp; &nbsp; &nbsp; &nbsp; &nbsp; &nbsp; &nbsp; &nbsp; &nbsp; &nbsp; &nbsp; &nbsp; &nbsp; &nbsp; Ktor&yacute; je, ktor&yacute; bol a ktor&yacute; pr&iacute;de<\/b><\/span><\/p>\n<p style=\"margin: 0.0px 0.0px 0.0px 0.0px; font: 16.0px Helvetica; min-height: 19.0px\">&nbsp;<\/p>\n<p style=\"margin: 0.0px 0.0px 0.0px 0.0px; font: 16.0px Helvetica\"><span style=\"letter-spacing: 0.0px\"><b>Zjavenie J&aacute;na 1, 4 &#8211; 8:<\/b><\/span><\/p>\n<p style=\"margin: 0.0px 0.0px 0.0px 0.0px; font: 16.0px Helvetica; min-height: 19.0px\">&nbsp;<\/p>\n<p style=\"margin: 0.0px 0.0px 0.0px 0.0px; font: 16.0px Helvetica\"><span style=\"letter-spacing: 0.0px\"><i>&ldquo;J&aacute;n siedmim cirkevn&yacute;m zborom v &Aacute;zii: Milos\u0165 v&aacute;m a pokoj od toho, ktor&yacute; je, ktor&yacute; bol a ktor&yacute; pr&iacute;de, aj od siedmych duchov, ktor&iacute; s&uacute; pred Jeho tr&oacute;nom, (5) a od Je\u017ei&scaron;a Krista, vern&eacute;ho svedka, prvoroden&eacute;ho z m\u0155tvych a vlad&aacute;ra zemsk&yacute;ch kr&aacute;\u013eov.<\/i><\/span><\/p>\n<p style=\"margin: 0.0px 0.0px 0.0px 0.0px; font: 16.0px Helvetica\"><span style=\"letter-spacing: 0.0px\"><i>&nbsp; &nbsp; Jemu, ktor&yacute; n&aacute;s miluje, ktor&yacute; n&aacute;s svojou krvou oslobodil od na&scaron;ich hriechov (6) a u\u010dinil kr&aacute;\u013eovstvom, k\u0148azmi svojmu Bohu a Otcovi, Jemu sl&aacute;va a vl&aacute;da na veky vekov! Amen.&nbsp;<\/i><\/span><\/p>\n<p style=\"margin: 0.0px 0.0px 0.0px 0.0px; font: 16.0px Helvetica\"><span style=\"letter-spacing: 0.0px\"><i>&nbsp;&nbsp; (7) Ajh\u013ea, prich&aacute;dza v oblakoch! Uvid&iacute; Ho ka\u017ed&eacute; oko, aj t&iacute;, \u010do Ho prebodli. Narieka\u0165 bud&uacute; nad N&iacute;m v&scaron;etky n&aacute;rody zeme. Tak je, amen! (8) Ja som Alfa i Omega, hovor&iacute; P&aacute;n Boh, ktor&yacute; je, ktor&yacute; bol a ktor&yacute; pr&iacute;de, V&scaron;evl&aacute;dny.&rdquo; Amen<\/i><\/span><\/p>\n<p style=\"margin: 0.0px 0.0px 0.0px 0.0px; font: 16.0px Helvetica; min-height: 19.0px\">&nbsp;<\/p>\n<p style=\"margin: 0.0px 0.0px 0.0px 0.0px; font: 16.0px Helvetica\"><span style=\"letter-spacing: 0.0px\"><i>&nbsp;&nbsp; &nbsp; <\/i>Bohumil&iacute; kres\u0165ania, bratia a sestry!<\/span><\/p>\n<p style=\"margin: 0.0px 0.0px 0.0px 0.0px; font: 16.0px Helvetica; min-height: 19.0px\">&nbsp;<\/p>\n<p style=\"margin: 0.0px 0.0px 0.0px 0.0px; font: 16.0px Helvetica\"><span style=\"letter-spacing: 0.0px\"><b>&nbsp;&nbsp; &nbsp; <\/b>Je neporovnate\u013en&yacute; rozdiel nielen v pr&iacute;prave, ale aj v samotnom sv&auml;ten&iacute; sviatkov narodenia Krista P&aacute;na a <b>sviatku Vst&uacute;penia Krista na nebo. <\/b>Tento rozdiel existuje nielen v neveriacom svete, ale aj v&nbsp; cirkvi. Je to tak nielen preto, \u017ee v SR nie je <b>dne&scaron;n&yacute; sviatok&nbsp;<\/b> sviato\u010dn&yacute;m, ale pracovn&yacute;m d\u0148om. Nepochybne, aj mnoh&iacute; kres\u0165ania s&uacute; s&uacute;streden&iacute; na pr&aacute;cu a zar&aacute;banie pe\u0148az&iacute;, na &scaron;kolsk&eacute; a spolo\u010densk&eacute; aktivity. Nikto dnes nikomu neblaho\u017eel&aacute;, nepraje:<\/span><span style=\"letter-spacing: 0.0px\"><i>&ldquo; po\u017eehnan&eacute; Vst&uacute;penie&rdquo; ! <\/i>Neexistuj&uacute; poh\u013eadnice k dne&scaron;n&eacute;mu sviatku, neposielaj&uacute; sa SMS-ky, neexistuje \u017eiadna v&yacute;zdoba a ch&yacute;ba aj v&scaron;adepr&iacute;tomn&aacute; reklama.&nbsp;<\/span><\/p>\n<p style=\"margin: 0.0px 0.0px 0.0px 0.0px; font: 16.0px Helvetica\"><span style=\"letter-spacing: 0.0px\">&nbsp;&nbsp; &nbsp; Reklama o nebi, o nebeskom kr&aacute;\u013eovstve by s&iacute;ce mohla by\u0165 celkom zauj&iacute;mav&aacute;. Zlo\u017eitej&scaron;ie je to s reklamou na t&eacute;mu: <i>koniec sveta a posledn&yacute; s&uacute;d.<\/i> Aj toto s&uacute; t&eacute;my a my&scaron;lienky, ktor&eacute; sa nevyhnutne sp&aacute;jaj&uacute; s posolstvom dne&scaron;n&eacute;ho sviatku.<i>&rdquo; Mu\u017eovia galilejsk&iacute;, \u010do stoj&iacute;te a h\u013ead&iacute;te do neba? Tento Je\u017ei&scaron;, ktor&yacute; v&aacute;m bol vzat&yacute; do neba, <\/i><b><i>pr&iacute;de zase <\/i><\/b><i>tak, ako ste Ho videli odch&aacute;dza\u0165 do neba&rdquo; (Skutky ap. 1,11).<\/i><\/span><\/p>\n<p style=\"margin: 0.0px 0.0px 0.0px 0.0px; font: 16.0px Helvetica; min-height: 19.0px\">&nbsp;<\/p>\n<p style=\"margin: 0.0px 0.0px 0.0px 0.0px; font: 16.0px Helvetica\"><span style=\"letter-spacing: 0.0px\">&nbsp;&nbsp; &nbsp; Pokia\u013e ide o nebo a P&aacute;novo vst&uacute;penie do neho, z P&iacute;sma je zrejm&eacute;, \u017ee sk&ocirc;r ako Je\u017ei&scaron; Kristus pri&scaron;iel do tohoto sveta, bol v nebi.&nbsp;<\/span><span style=\"letter-spacing: 0.0px\">Bol toti\u017e &ldquo;od ve\u010dnosti&rdquo;. Bol a je Bohom Otcom od ve\u010dnosti sploden&yacute;, nie stvoren&yacute;. Neni stvoren&yacute; v \u010dase ako tento svet, alebo samotn&yacute; \u010dlovek. Jemu vlastn&aacute; existencia je existencia nebesk&aacute;. Tak&aacute; je v&scaron;ak pre n&aacute;s nevidite\u013en&aacute; a nepoznate\u013en&aacute; na&scaron;imi zmyslami: zrakom, sluchom, \u010duchom, alebo hmatom. Ako smieme a m&aacute;me teda vn&iacute;ma\u0165 nebo?&nbsp; Ur\u010dite nie je s&uacute;\u010das\u0165ou n&aacute;&scaron;ho stvoren&eacute;ho sveta, vesm&iacute;ru, nech by sme i&scaron;li do ak&yacute;chko\u013evek vesm&iacute;rnych dia\u013eav, alebo h\u013abok.<\/span><\/p>\n<p style=\"margin: 0.0px 0.0px 0.0px 0.0px; font: 16.0px Helvetica\"><span style=\"letter-spacing: 0.0px\">&nbsp;&nbsp; &nbsp; &nbsp; V plnosti \u010dasu sa P&aacute;n Je\u017ei&scaron; pre n&aacute;s po\u010dal z Ducha Sv&auml;t&eacute;ho a telo prijal od svojej pozemskej matky panny M&aacute;rie. Jeho pr&iacute;chod a jeho narodenie v \u010dase predch&aacute;dzalo Jeho vtelenie. Bol teda v na&scaron;om svete od chv&iacute;le, ako sa po\u010dal v \u017eivote matky. Spo\u010diaktu s&iacute;ce &ldquo;nevidite\u013ene&rdquo;, ale stal sa vidite\u013en&yacute;m, po\u010dute\u013en&yacute;m, hmatate\u013en&yacute;m a skuto\u010dn&yacute;m \u010dlovekom. V s&uacute;vise s Jeho vst&uacute;pen&iacute;m na nebo m&ocirc;\u017ee vznikn&uacute;\u0165 ot&aacute;zka: odlo\u017eil P&aacute;n Je\u017ei&scaron; svoje \u013eudsk&eacute; telo a vst&uacute;pil do neba ako &ldquo;\u010dist&yacute; a dokonal&yacute; duch&rdquo;?&nbsp;<\/span><\/p>\n<p style=\"margin: 0.0px 0.0px 0.0px 0.0px; font: 16.0px Helvetica\"><span style=\"letter-spacing: 0.0px\">&nbsp;&nbsp; &nbsp; Tu stoj&iacute;me pred prv&yacute;m radostn&yacute;m zisten&iacute;m: P&aacute;n Je\u017ei&scaron; zostal nav\u017edy nielen prav&yacute;m Bohom, ale aj prav&yacute;m \u010dlovekom. Do neba, do &ldquo;nevidite\u013ena&rdquo; vst&uacute;pil aj s telom, ktor&eacute; pre&scaron;lo tou jedine\u010dnou premenou &#8211; toti\u017e Jeho sl&aacute;vnym vzkriesen&iacute;m. Toto svoje osl&aacute;ven&eacute; telo &ldquo;vzal so sebou&rdquo;. Nevzdal sa ho, neodlo\u017eil ho. Preto aj my, spolu s ap.Pavlom smieme jasa\u0165 a plesa\u0165: \u017ee sa raz <i>&ldquo;aj my premen&iacute;me&rdquo;<\/i>.<\/span><\/p>\n<p style=\"margin: 0.0px 0.0px 0.0px 0.0px; font: 16.0px Helvetica\"><span style=\"letter-spacing: 0.0px\">Presnej&scaron;ie povedan&eacute;: budeme premenen&iacute;! Smieme o\u010dak&aacute;va\u0165 nov&eacute;, osl&aacute;ven&eacute; telo, podobn&eacute; Jeho osl&aacute;ven&eacute;mu telu a tak by\u0165 s N&iacute;m v sl&aacute;ve neba.<\/span><\/p>\n<p style=\"margin: 0.0px 0.0px 0.0px 0.0px; font: 16.0px Helvetica; min-height: 19.0px\">&nbsp;<\/p>\n<p style=\"margin: 0.0px 0.0px 0.0px 0.0px; font: 16.0px Helvetica\"><span style=\"letter-spacing: 0.0px\">&nbsp;&nbsp; &nbsp; V tomto s&uacute;vise potrebujeme po\u010du\u0165 a prija\u0165 dve d&ocirc;le\u017eit&eacute; veci, ako ich zvestuje a oznamuje aj apo&scaron;tol J&aacute;n: <b>milos\u0165 a pokoj!&nbsp;<\/b><\/span><span style=\"letter-spacing: 0.0px\"><b>O\u010dak&aacute;vanie neba je toti\u017e darom milosti Boha Otca a P&aacute;na Krista, ktor&yacute; pretrpel smr\u0165 i darom Ducha sv&auml;t&eacute;ho.&nbsp;<\/b><\/span><span style=\"letter-spacing: 0.0px\"><b>Bud&uacute;cnos\u0165, ktor&aacute; n&aacute;s o\u010dak&aacute;va je t&yacute;m najv&auml;\u010d&scaron;&iacute;m darom. <\/b><i>Po \u010dasnom &ldquo;z&aacute;vdavku Ducha Sv&auml;t&eacute;ho&rdquo; <\/i>smieme \u010daka\u0165 e&scaron;te omnoho v&auml;\u010d&scaron;ie veci: pln&eacute; spolo\u010denstvo s Bohom<i>: Otcom, Duchom Sv&auml;t&yacute;m a Synom <\/i>v jednote.<\/span><\/p>\n<p style=\"margin: 0.0px 0.0px 0.0px 0.0px; font: 16.0px Helvetica\"><span style=\"letter-spacing: 0.0px\">&nbsp;&nbsp; &nbsp; V s&uacute;vise s premenen&iacute;m n&aacute;&scaron;ho teraj&scaron;ieho telesn&eacute;ho tela je zrejm&eacute;, \u017ee m&aacute;me o\u010dak&aacute;va\u0165 aj premenenie cel&eacute;ho stvorenstva.&nbsp;<\/span><span style=\"letter-spacing: 0.0px\">P&aacute;n Je\u017ei&scaron; o tom hovor&iacute; a nazna\u010duje t&uacute;to nov&uacute; bud&uacute;cnos\u0165 slovami:<i> &ldquo;Ajh\u013ea, nov&eacute; \u010din&iacute;m v&scaron;etko!&rdquo; <\/i>Toto svedectvo, na&scaron;a n&aacute;dej a na&scaron;e predstava s t&yacute;m spojen&aacute; sa v&scaron;ak nem&aacute; ubera\u0165 \u010falej, ako n&aacute;s Slovo Bo\u017eie vedie. Tak, ako u\u010den&iacute;kom <i>&ldquo;oblak zastrel Je\u017ei&scaron;a&rdquo;<\/i>, s&uacute; tieto veci dnes zastret&eacute; aj n&aacute;m a v&scaron;etk&yacute;m ostatn&yacute;m veriacim. Bolo v&yacute;nimo\u010dnou milos\u0165ou, ak traja apo&scaron;tolovia smeli na hore premenenia spo\u0148 na okamih nahliadnu\u0165 cez tento z&aacute;voj a vidie\u0165 <i>&ldquo;veci nevyslovite\u013en&eacute;&rdquo;.<\/i><\/span><\/p>\n<p style=\"margin: 0.0px 0.0px 0.0px 0.0px; font: 16.0px Helvetica; min-height: 19.0px\">&nbsp;<\/p>\n<p style=\"margin: 0.0px 0.0px 0.0px 0.0px; font: 16.0px Helvetica\"><span style=\"letter-spacing: 0.0px\"><i>&nbsp; &nbsp;<\/i> <b>Uvedenie do sl&aacute;vy neba v&scaron;etk&yacute;ch v Krista veriacich sa udeje s druh&yacute;m pr&iacute;chodom P&aacute;na Je\u017ei&scaron;a k s&uacute;du.<\/b> Koniec star&eacute;ho veku a za\u010diatok nov&eacute;ho, ktor&yacute; smieme vn&iacute;ma\u0165 ako <i>&ldquo;sl&aacute;vnu slobodu Bo\u017e&iacute;ch det&iacute;&rdquo; <\/i>&#8211; nie je spr&aacute;vou, po ktorej n&aacute;m m&aacute; naskakova\u0165 &ldquo;husia ko\u017ea&rdquo;. Toto v&scaron;etko je Bo\u017e&iacute; pl&aacute;n, ktor&yacute; sa realizuje a uskuto\u010d\u0148uje napriek v&scaron;etk&yacute;m \u013eudsk&yacute;m predstav&aacute;m. Veriam v Krista prin&aacute;&scaron;a pokoj. Nie znepokojenie, alebo strach, ale plnos\u0165 a dokonalos\u0165 pokoja ka\u017ed&eacute;mu, kto sa na Neho spolieha. Kto Je\u017ei&scaron;ovo dielo vyk&uacute;penia prij&iacute;ma a kto ne\u017eije len z tela, ale aj z Ducha Sv&auml;t&eacute;ho a Jeho darov.<\/span><\/p>\n<p style=\"margin: 0.0px 0.0px 0.0px 0.0px; font: 16.0px Helvetica; min-height: 19.0px\">&nbsp;<\/p>\n<p style=\"margin: 0.0px 0.0px 0.0px 0.0px; font: 16.0px Helvetica\"><span style=\"letter-spacing: 0.0px\">&nbsp;&nbsp; &nbsp; <b>Je\u017ei&scaron;<\/b> v\u017edy bol, je a zost&aacute;va prav&yacute;m Bohom, ale s&uacute;\u010dasne sa n&aacute;m stal <b>svedkom <\/b>o t&yacute;chto veciach, ktor&eacute; smieme a m&aacute;me o\u010dak&aacute;va\u0165. Je pre n&aacute;s <i>&ldquo;prvoroden&yacute; z m\u0155tvych&rdquo;<\/i>, ktor&yacute; sved\u010d&iacute; a ukazuje, \u017ee nie smr\u0165, ani \u010dlovek, ani nijak&aacute; zl&aacute; moc &#8211; \u010di je vidite\u013enej, alebo nevidite\u013enej povahy,- nem&aacute; hlavn&eacute; slovo nem&aacute; ani bud&uacute;cnos\u0165.<\/span><\/p>\n<p style=\"margin: 0.0px 0.0px 0.0px 0.0px; font: 16.0px Helvetica\"><span style=\"letter-spacing: 0.0px\"><b>Ot&aacute;zka o konci tohto sveta <\/b>nie je nejak&yacute;m objavom jehovistov, alebo nejak&yacute;ch in&yacute;ch n&aacute;bo\u017eensk&yacute;ch &ldquo;osvietencov&ocirc;. To je posolstvo milosti a pokoja pre Cirkev Je\u017ei&scaron;a Krista. Ak s asvte nepriznal a neprizn&aacute;v ku Kristu a neprij&iacute;ma ponuku Jeho milosti v Jeho krvi, vyliatej na golgote, ponuku odpustenia hriechov, s&aacute;m sebe privol&aacute;va osd&uacute;enie a tak aj &#8211; &nbsp;<\/span><em><span style=\"letter-spacing: 0.0px\">strach, neistotu a sm&uacute;tok.<\/span><\/em><\/p>\n<p style=\"margin: 0.0px 0.0px 0.0px 0.0px; font: 16.0px Helvetica\"><span style=\"letter-spacing: 0.0px\">&nbsp;&nbsp; &nbsp; &nbsp; &nbsp; Toto nie s&uacute; dary Trojice Sv&auml;tej, ale to je d&ocirc;sledok my&scaron;lienok \u010dloveka , \u013eudsk&eacute;ho rozumu a mo\u017enost&iacute;, za ktor&yacute;mi v&scaron;ak my veriaci vid&iacute;me to povestn&eacute; &ldquo;\u010dertovo kop&yacute;tko&rdquo;. Ako kres\u0165ania smieme denne \u017ei\u0165 z Bo\u017eieho odpustenia skrze Krista n&aacute;m darovan&eacute;ho. \u017di\u0165 vo viere, \u017ee P&aacute;n je s nami a na na&scaron;ej strane, \u017ee Kristus P&aacute;n, tak ako Otec <i>&ldquo;nie je \u010faleko od nikoho z n&aacute;s, lebo N&iacute;m \u017eijeme, h&yacute;beme sa a trv&aacute;me&rdquo;.&nbsp; <\/i>Tak smieme \u017ei\u0165 a povzbudi\u0165 sa aj v dne&scaron;n&yacute; sviato\u010dn&yacute; de\u0148 v n&aacute;deji, \u017ee vtedy, ke\u010f nastane zmena tohoto dne&scaron;n&eacute;ho stavu s vidite\u013en&yacute;m n&aacute;vratom P&aacute;na, bude to pre n&aacute;s, veriacich v Neho, de\u0148 radosti a &scaron;\u0165astia, ktor&eacute; zostane u\u017e naveky.<\/span><\/p>\n<p style=\"margin: 0.0px 0.0px 0.0px 0.0px; font: 16.0px Helvetica\"><span style=\"letter-spacing: 0.0px\">&nbsp; &nbsp; <b>Slovo o s&uacute;de <\/b>je v&aacute;\u017enym upozornen&iacute;m na panstvo Je\u017ei&scaron;a Krista, ktor&yacute; je skuto\u010dn&yacute;m p&aacute;nom nad smr\u0165ou, hriechom a diablom a t&yacute;m viac aj nad v&scaron;etk&yacute;mi do\u010dasn&yacute;mi zemsk&yacute;mi vlad&aacute;rmi a p&aacute;nmi, nech si o sebe myslia, alebo vyhlasuj&uacute; \u010doko\u013evek.<i> &ldquo;Ja som Alfa i Omega, hovor&iacute; P&aacute;n Boh, ktor&yacute; je, ktor&yacute; bol a ktor&yacute; pr&iacute;de, V&scaron;evl&aacute;dny&rdquo;. (v.8)<\/i><\/span><\/p>\n<p style=\"margin: 0.0px 0.0px 0.0px 0.0px; font: 16.0px Helvetica\"><span style=\"letter-spacing: 0.0px\"><i>&nbsp; &nbsp; &nbsp; <\/i>Preto ani slovo o s&uacute;de nie je stra&scaron;iakom. Posledn&yacute; s&uacute;d a s&uacute;dny v&yacute;rok na \u0148om je a m&ocirc;\u017ee by\u0165 oslobodzuj&uacute;ci, potvrdzuj&uacute;ci blahoslavenstvo a v&iacute;\u0165azstvo v P&aacute;novi. Je to s&uacute;d Toho, ktor&yacute; n&aacute;s miluje a ktor&yacute; n&aacute;s oslobodil od na&scaron;ich hriechov. Zbavil n&aacute;s strachu aj z t&yacute;ch skutkov, pre ktor&eacute; boli prebodnut&eacute; Jeho ruky, nohy i srdce a d&ocirc;vodom vyliatia Jeho krvi. Tu v&scaron;ak plat&iacute;, \u017ee t&iacute;, \u010do \u010dinia pok&aacute;nie a veria v dielo a obe\u0165 Kristovu, s&uacute; vyhl&aacute;sen&iacute; u\u017e dnes za ospravedlnen&yacute;ch.&nbsp;<\/span><\/p>\n<p style=\"margin: 0.0px 0.0px 0.0px 0.0px; font: 16.0px Helvetica; min-height: 19.0px\">&nbsp;<\/p>\n<p style=\"margin: 0.0px 0.0px 0.0px 0.0px; font: 16.0px Helvetica\"><span style=\"letter-spacing: 0.0px\">&nbsp;&nbsp; &nbsp; Bratia a sestry, ide teraz o to, aby sme my, ktor&iacute; sme z milosti, z&aacute;sluhami P&aacute;na Je\u017ei&scaron;a ospravedlnen&iacute; skrze vieru, boli a zostali&nbsp; skuto\u010dn&yacute;m <b>kr&aacute;\u013eovsk&yacute;m k\u0148azstvom. <\/b>Aby sme slovami i \u017eivotom dokazovali, \u017ee patr&iacute;me Kristovi. \u017de sme \u013eud Bo\u017e&iacute; a ovce Jeho pastvy. \u017de si v&aacute;\u017eime dary Ducha Sv&auml;t&eacute;ho, ktor&eacute; n&aacute;m boli dan&eacute; u\u017e v dare Krstu sv&auml;t&eacute;ho. Ako kr&aacute;\u013eovsk&eacute; k\u0148azstvo konajme a sl&uacute;\u017eme verne n&aacute;&scaron;mu P&aacute;novi. Amen&nbsp;<\/span><\/p>\n<p style=\"margin: 0.0px 0.0px 0.0px 0.0px; font: 16.0px Helvetica; min-height: 19.0px\">&nbsp;<\/p>\n<p style=\"margin: 0.0px 0.0px 0.0px 0.0px; font: 12.0px Helvetica\"><span style=\"font: 16.0px Helvetica; letter-spacing: 0.0px\">&nbsp; &nbsp; &nbsp; &nbsp; &nbsp; &nbsp; &nbsp; &nbsp; &nbsp; &nbsp; &nbsp; &nbsp; &nbsp; &nbsp; &nbsp; &nbsp; &nbsp; &nbsp; &nbsp; &nbsp; &nbsp;&nbsp;<\/span><span style=\"letter-spacing: 0.0px\">Sviatok Vst&uacute;penia Krista P&aacute;na &#8211; Soboti&scaron;te 2O12 &#8211; \u013d.Batka st<\/span><\/p>\n","protected":false},"excerpt":{"rendered":"<p>&nbsp;&nbsp; &nbsp; &nbsp; &nbsp; &nbsp; &nbsp; &nbsp; &nbsp; &nbsp; &nbsp; &nbsp; &nbsp; &nbsp; &nbsp; &nbsp; &nbsp; &nbsp; &nbsp; &nbsp; &nbsp; &nbsp; &nbsp; &nbsp; &nbsp; &nbsp; &nbsp; Ktor&yacute; je, ktor&yacute; bol a ktor&yacute; pr&iacute;de &nbsp; Zjavenie J&aacute;na 1, 4 &#8211; 8: &nbsp; &ldquo;J&aacute;n siedmim cirkevn&yacute;m zborom v &Aacute;zii: Milos\u0165 v&aacute;m a pokoj od toho, ktor&yacute; je, &#8230; <a title=\"Ktor\u00fd je, ktor\u00fd bol a ktor\u00fd pr\u00edde\" class=\"read-more\" href=\"https:\/\/www.e-anjelik.sk\/index.php\/2012\/05\/26\/ktory-je-ktory-bol-a-ktory-pride\/\" aria-label=\"Pre\u010d\u00edtajte si viac o Ktor\u00fd je, ktor\u00fd bol a ktor\u00fd pr\u00edde\">\u010c\u00edta\u0165 viac<\/a><\/p>\n","protected":false},"author":4,"featured_media":0,"comment_status":"open","ping_status":"open","sticky":false,"template":"","format":"standard","meta":{"footnotes":""},"categories":[121,95,217],"tags":[192],"class_list":["post-4380","post","type-post","status-publish","format-standard","hentry","category-kazne","category-sobotiste","category-vstupenie","tag-kazen"],"_links":{"self":[{"href":"https:\/\/www.e-anjelik.sk\/index.php\/wp-json\/wp\/v2\/posts\/4380","targetHints":{"allow":["GET"]}}],"collection":[{"href":"https:\/\/www.e-anjelik.sk\/index.php\/wp-json\/wp\/v2\/posts"}],"about":[{"href":"https:\/\/www.e-anjelik.sk\/index.php\/wp-json\/wp\/v2\/types\/post"}],"author":[{"embeddable":true,"href":"https:\/\/www.e-anjelik.sk\/index.php\/wp-json\/wp\/v2\/users\/4"}],"replies":[{"embeddable":true,"href":"https:\/\/www.e-anjelik.sk\/index.php\/wp-json\/wp\/v2\/comments?post=4380"}],"version-history":[{"count":0,"href":"https:\/\/www.e-anjelik.sk\/index.php\/wp-json\/wp\/v2\/posts\/4380\/revisions"}],"wp:attachment":[{"href":"https:\/\/www.e-anjelik.sk\/index.php\/wp-json\/wp\/v2\/media?parent=4380"}],"wp:term":[{"taxonomy":"category","embeddable":true,"href":"https:\/\/www.e-anjelik.sk\/index.php\/wp-json\/wp\/v2\/categories?post=4380"},{"taxonomy":"post_tag","embeddable":true,"href":"https:\/\/www.e-anjelik.sk\/index.php\/wp-json\/wp\/v2\/tags?post=4380"}],"curies":[{"name":"wp","href":"https:\/\/api.w.org\/{rel}","templated":true}]}}