{"id":4382,"date":"2012-05-26T19:06:53","date_gmt":"2012-05-26T19:06:53","guid":{"rendered":"http:\/\/e-anjelik.sk\/?p=4382"},"modified":"2012-05-26T19:06:53","modified_gmt":"2012-05-26T19:06:53","slug":"nova-zmluva","status":"publish","type":"post","link":"https:\/\/www.e-anjelik.sk\/index.php\/2012\/05\/26\/nova-zmluva\/","title":{"rendered":"Nov\u00e1 zmluva"},"content":{"rendered":"<p>&nbsp;<b>&nbsp; &nbsp; &nbsp; &nbsp; &nbsp; &nbsp; &nbsp; &nbsp; &nbsp; &nbsp; &nbsp; &nbsp; &nbsp; &nbsp; &nbsp; &nbsp; &nbsp; &nbsp; &nbsp; &nbsp; &nbsp; &nbsp; &nbsp; &nbsp; &nbsp; &nbsp; &nbsp; &nbsp; Nov&aacute; zmluva<\/b><\/p>\n<p style=\"margin: 0.0px 0.0px 0.0px 0.0px; font: 16.0px Helvetica\"><span style=\"letter-spacing: 0.0px\"><b>Jer 31, 31- 34:<\/b><\/span><\/p>\n<p style=\"margin: 0.0px 0.0px 0.0px 0.0px; font: 16.0px Helvetica; min-height: 19.0px\">&nbsp;<\/p>\n<p style=\"margin: 0.0px 0.0px 0.0px 0.0px; font: 16.0px Helvetica\"><span style=\"letter-spacing: 0.0px\"><b><i>&nbsp;&nbsp; &nbsp; &ldquo;Ajh\u013ea, prich&aacute;dzaj&uacute; dni, &#8211; znie v&yacute;rok Hospodinov &#8211; ke\u010f uzavriem nov&uacute; zmluvu s domom Izraela a s domom J&uacute;du. (32) Nie zmluvu, ktor&uacute; som uzavrel s ich otcami, ke\u010f som ich pojal za ruku, aby som ich vyviedol z Egyptskej krajiny, zmluvu, ktor&uacute; oni zru&scaron;ili, hoci ja som bol ich p&aacute;nom &#8211; znie v&yacute;rok Hospodinov, &#8211; (33) Lebo toto bude zmluva, ktor&uacute; uzavriem s domom Izraela po on&yacute;ch d\u0148och &#8211; znie v&yacute;rok Hospodinov &#8211; Svoj z&aacute;kon vlo\u017e&iacute;m do ich vn&uacute;tra a vp&iacute;&scaron;em im ho do srdca; ja budem ich Bohom a oni bud&uacute; moj&iacute;m \u013eudom. (34) Potom u\u017e nikto nebude&nbsp; viac pou\u010dova\u0165 bl&iacute;\u017eneho ani svojho brata: Poznajte Hospodina! Lebo v&scaron;etci ma bud&uacute; pozna\u0165 od najmen&scaron;ieho a\u017e po najv&auml;&scaron;ieho, &#8211; znie v&yacute;rok Hospodinov &#8211; lebo im odpust&iacute;m ich viny a na ich hriech si u\u017e nespomeniem&rdquo;. Amen &nbsp;<\/i><\/b><\/span><\/p>\n<p style=\"margin: 0.0px 0.0px 0.0px 0.0px; font: 16.0px Helvetica; min-height: 19.0px\">&nbsp;<\/p>\n<p style=\"margin: 0.0px 0.0px 0.0px 0.0px; font: 16.0px Helvetica\"><span style=\"letter-spacing: 0.0px\">&nbsp; &nbsp; Bratia a sestry v P&aacute;novi !<\/span><\/p>\n<p style=\"margin: 0.0px 0.0px 0.0px 0.0px; font: 16.0px Helvetica; min-height: 19.0px\"><span style=\"letter-spacing: 0.0px\">&nbsp; &nbsp;<\/span><\/p>\n<p style=\"margin: 0.0px 0.0px 0.0px 0.0px; font: 16.0px Helvetica\"><span style=\"letter-spacing: 0.0px\">&nbsp; &nbsp; &nbsp; Podpisovaniu medzin&aacute;rodn&yacute;ch zml&uacute;v, alebo medzivl&aacute;dnych doh&ocirc;d sa v\u017edy venovala ve\u013ek&aacute; pozornos\u0165 m&eacute;di&iacute; i be\u017en&yacute;ch \u013eud&iacute;, lebo maj&uacute; dosah na \u017eivot oboch, pr&iacute;padne viacer&yacute;ch z&uacute;\u010dastnen&yacute;ch str&aacute;n.<\/span><\/p>\n<p style=\"margin: 0.0px 0.0px 0.0px 0.0px; font: 16.0px Helvetica\"><span style=\"letter-spacing: 0.0px\">Per&aacute;, ktor&yacute;mi sa zmluvy podpisuj&uacute; sa m&ocirc;\u017eu sta\u0165 v&yacute;znamn&yacute;m souven&iacute;rom, alebo pamiatkou. &#8211; Pred p&aacute;r mesiacmi obletela svet videospr&aacute;va, ako si prezident \u010cR V&aacute;clav Klaus obzeral so z&aacute;ujmom pero pri podpise medz&scaron;t&aacute;tnej dohody v Ju\u017enej Amerike a napokon si pero bez rozpakov str\u010dil do vrecka. Odniesol si ho, ako si hokejisti odn&aacute;&scaron;aj&uacute; puk, ktotr&yacute;m dosiahli g&oacute;l, alebo v&iacute;\u0165aztvo&#8230;<\/span><\/p>\n<p style=\"margin: 0.0px 0.0px 0.0px 0.0px; font: 16.0px Helvetica; min-height: 19.0px\">&nbsp;<\/p>\n<p style=\"margin: 0.0px 0.0px 0.0px 0.0px; font: 16.0px Helvetica\"><span style=\"letter-spacing: 0.0px\">&nbsp;&nbsp; Chcel by som hne\u010f v &uacute;vode pripomen&uacute;\u0165, \u017ee kres\u0165ania kon&aacute;me a m&aacute;me kona\u0165 pr&aacute;ve takto! My si smiemem odnies\u0165 to, \u010d&iacute;m bola podp&iacute;san&aacute; <b>najd&ocirc;le\u017eitej&scaron;ia zmluva<\/b>, ak&aacute; kedy bola v&ocirc;bec uzatvoren&aacute;. Je to zmuva medzi nami a P&aacute;nom Bohom, skrze Je\u017ei&scaron;a Krista. Tam, kde bolo nepriate\u013estvo, kde sa \u010dlovek stal Bo\u017e&iacute;m nepriate\u013eom a \u017eil vo vs\u0165ahu ned&ocirc;very, opoz&iacute;cie i otvorenej roztr\u017eky so svoj&iacute;m Stvorite\u013eom &#8211; tam pri&scaron;la a nast&uacute;pila zmluva pokoja. Zmierenie pon&uacute;kol a inicioval Ten, kto t&uacute;to roztr\u017eku a nepriate\u013estvo neinicioval a nezavinil. Napriek tomu Boh urobil prv&yacute; a rozhoduj&uacute;ci krok a prevzal v&scaron;etku inciat&iacute;vu pri jej pr&iacute;parve, koncipovan&iacute; a podp&iacute;san&iacute;.&nbsp;<\/span><\/p>\n<p style=\"margin: 0.0px 0.0px 0.0px 0.0px; font: 16.0px Helvetica\"><span style=\"letter-spacing: 0.0px\">&nbsp; &nbsp; Je to &ldquo;Nov&aacute; Zmluva&rdquo;, podp&iacute;san&aacute; krvou Bo\u017eieho Bar&aacute;nka Je\u017ei&scaron;a Krista! Podp&iacute;san&aacute; a dokonan&aacute; bola na Golgote, ale my do nej vstupujeme osobnou zmluvou skrze Krst sv&auml;t&yacute;. Aj on je Bo\u017e&iacute;m dielom. Je vstupom do nov&eacute;ho vz\u0165ahu medzi P&aacute;nom Bohom a nami. K nej pristupuje aj jej rozv&iacute;janie, nap\u013a\u0148anie a potvrdzovanie.&nbsp; Pokrsten&yacute; \u010dlovek smie t&uacute;to ponuku mieru, pokoja a po\u017eehnania z Bo\u017eej strany prij&iacute;ma\u0165 a obnovova\u0165 t&yacute;m, \u017ee m&aacute; &uacute;\u010das\u0165 na Je\u017ei&scaron;ovej obeti cez druh&uacute; sviatos\u0165 &#8211; cez Ve\u010deru P&aacute;novu. Pr&aacute;ve o kalichu hovor&iacute; P&aacute;n Je\u017ei&scaron;, \u017ee on je:<i> &ldquo;krvou novej zmluvy&rdquo;<\/i>. Zmluvy ve\u010dnej a trvalo platnej v\u017edy a v&scaron;ade tam, kde Kristovu krv prij&iacute;mame, kde si ju odn&aacute;&scaron;ame so sebou do n&aacute;&scaron;ho \u017eivota. To, \u010d&iacute;m bola t&aacute;to nov&aacute; zmluva nap&iacute;san&aacute; a podp&iacute;san&aacute;, je n&aacute;m pon&uacute;knut&eacute; nie ako suven&iacute;r, ale trval&yacute; dar z milosti Bo\u017eej, skrze Krista.<\/span><\/p>\n<p style=\"margin: 0.0px 0.0px 0.0px 0.0px; font: 16.0px Helvetica; min-height: 19.0px\"><span style=\"letter-spacing: 0.0px\">&nbsp; &nbsp; &nbsp;<\/span><\/p>\n<p style=\"margin: 0.0px 0.0px 0.0px 0.0px; font: 16.0px Helvetica\"><span style=\"letter-spacing: 0.0px\">&nbsp; &nbsp; Krv Kristovu vyliatu na Golgote prij&iacute;mame teda vtedy, ke\u010f&nbsp; pok\u013eakneme k olt&aacute;ru a On s&aacute;m n&aacute;m spolu s chlebom a v&iacute;nom d&aacute;va dary Jeho l&aacute;sky, obete a slu\u017eby: odpustenie hriechov, uistenie o&nbsp; &uacute;\u010dasti na Jeho sl&aacute;ve v nebesiach. Pominul&yacute; sviatok Vst&uacute;penia Krista P&aacute;na na nebo bol pripomenut&iacute;m, \u017ee Jeho vst&uacute;penie znamen&aacute; pokra\u010dovanie v pr&iacute;prave pr&iacute;bytkov pre n&aacute;s, ako to s&aacute;m zas\u013e&uacute;bil. <i>&ldquo;Idem v&aacute;m pripravi\u0165 miesto, aby ste aj vy boli tam, kde som ja&rdquo;. <\/i>So vst&uacute;pen&iacute;m na nebo sa sp&aacute;jaj&uacute; aj \u010fal&scaron;ie s\u013euby P&aacute;na Je\u017ei&scaron; Krista, ktor&eacute; smieme o\u010dak&aacute;va\u0165 ako tak&eacute;, ktor&eacute; sa plnia, boli splnen&eacute;, alebo splnen&eacute; bud&uacute;. &nbsp;<\/span><\/p>\n<p style=\"margin: 0.0px 0.0px 0.0px 0.0px; font: 16.0px Helvetica; min-height: 19.0px\"><span style=\"letter-spacing: 0.0px\">&nbsp; &nbsp;<\/span><\/p>\n<p style=\"margin: 0.0px 0.0px 0.0px 0.0px; font: 16.0px Helvetica\"><span style=\"letter-spacing: 0.0px\">&nbsp;&nbsp; Bratia a sestry!<\/span><\/p>\n<p style=\"margin: 0.0px 0.0px 0.0px 0.0px; font: 16.0px Helvetica; min-height: 19.0px\">&nbsp;<\/p>\n<p style=\"margin: 0.0px 0.0px 0.0px 0.0px; font: 16.0px Helvetica\"><span style=\"letter-spacing: 0.0px\">&nbsp;&nbsp; Pokia\u013e ide o zmluvy medzi &scaron;t&aacute;tmi, najm&auml; r&ocirc;zne mierov&eacute; zmluvy a&nbsp; dohody, v&auml;\u010d&scaron;ina z nich m&aacute; jednu vec spolo\u010dn&uacute;: V&scaron;etky &#8211;&nbsp; tie star&eacute; i nov&eacute; boli a\u017e doteraz poru&scaron;en&eacute;. \u013dudia ich nedodr\u017eali. Ako pr&iacute;klad m&ocirc;\u017eme spomen&uacute;\u0165:<b> mn&iacute;chovsk&uacute; zmluvu, \u010di dohodu.<\/b> O tejto sa&nbsp; v&auml;\u010d&scaron;ina z&uacute;\u010dastnen&yacute;ch politikov z vtedaj&scaron;&iacute;ch mocnost&iacute; domnievalo, \u017ee zabezpe\u010d&iacute; Eur&oacute;pe mier. Ako vieme, nestalo sa tak&#8230;<\/span><\/p>\n<p style=\"margin: 0.0px 0.0px 0.0px 0.0px; font: 16.0px Helvetica; min-height: 19.0px\">&nbsp;<\/p>\n<p style=\"margin: 0.0px 0.0px 0.0px 0.0px; font: 16.0px Helvetica\"><span style=\"letter-spacing: 0.0px\">&nbsp;&nbsp; &nbsp; Ove\u013ea zn&aacute;mej&scaron;ou zmluvou je <b>Star&aacute; zmluva,<\/b> ktor&uacute; P&aacute;n Boh uzavrel s \u013eudom Izraela na vrchu S&iacute;naj prostredn&iacute;ctvom Moj\u017ei&scaron;a. Ozna\u010dujeme ju ako Zmluvu Z&aacute;kona. Nap&iacute;san&aacute; bola na dvoch kamen&yacute;ch dosk&aacute;ch&#8230;Jej podstatu tvorila dohoda medzi P&aacute;nom Bohom a \u013eudom Izraela, v ktorej Boh pon&uacute;kol izraelsk&eacute;mu \u013eudu dar slobody, novej krajiny a svojho spolo\u010densnstva. Za to sa druh&aacute; zmluvn&aacute; strana, \u013eud SZ zaviazal Bo\u017e&iacute; z&aacute;kon plni\u0165 a cti\u0165. Bo\u017e&iacute; s\u013eub bol tie\u017e podp&iacute;san&aacute; krvou obetovan&yacute;ch zvierat a z&aacute;kon pod\u013ea bol nap&iacute;san&yacute; nakamen&eacute; dosky Bo\u017eou rukou a prstom, ktor&eacute; Izrael stratil. Jeho obsah v&scaron;ak poz&aacute;me z P&iacute;sem SZ a spom&iacute;na ho aj P&aacute;n Je\u017ei&scaron;, prostredn&iacute;k NZ.<\/span><\/p>\n<p style=\"margin: 0.0px 0.0px 0.0px 0.0px; font: 16.0px Helvetica; min-height: 19.0px\"><span style=\"letter-spacing: 0.0px\">&nbsp;&nbsp; &nbsp; &nbsp;<\/span><\/p>\n<p style=\"margin: 0.0px 0.0px 0.0px 0.0px; font: 16.0px Helvetica\"><span style=\"letter-spacing: 0.0px\">&nbsp; &nbsp; \u013dud Izraelsk&yacute;, ako vyvolen&yacute; Bo\u017e&iacute; n&aacute;rod z&iacute;skal od Boha darovan&uacute; zem a krajinu do vlastn&iacute;ctva. Zo strany \u013eudu Izrala v&scaron;ak bola t&aacute;to zmluva nespo\u010detne kr&aacute;t&nbsp; poru&scaron;en&aacute;. Zo strany Bo\u017eej v&scaron;ak zmluva poru&scaron;en&aacute; nebola nikdy.&nbsp;<\/span><span style=\"letter-spacing: 0.0px\">Toto je najd&ocirc;le\u017eitej&scaron;ie posolsvo dne&scaron;nej nedele! <b>P&aacute;n Boh je v\u017edy vern&yacute;! Je vern&yacute; vo svojich slov&aacute;ch a zas\u013e&uacute;beniach ktor&eacute; dal a vyslovil, aj ke\u010f \u013eud dok&aacute;zal a dokazuje \u010dasto svoju nehodnos\u0165&nbsp; a nevernos\u0165. <\/b>Prorok Jeremi&aacute;&scaron; ozn&aacute;mil z Bo\u017eieho poverenia vznik novej zmluvy! Ide o slobodn&eacute; a ni\u010d&iacute;m nepodmienen&eacute; Bo\u017eie rozhodnutie a konanie.<\/span><\/p>\n<p style=\"margin: 0.0px 0.0px 0.0px 0.0px; font: 16.0px Helvetica; min-height: 19.0px\"><span style=\"letter-spacing: 0.0px\">&nbsp;<\/span><\/p>\n<p style=\"margin: 0.0px 0.0px 0.0px 0.0px; font: 16.0px Helvetica\"><span style=\"letter-spacing: 0.0px\">&nbsp; &nbsp; <b>&ldquo;\u010co je star&eacute; a pre\u017eilo sa podlieha z&aacute;niku&rdquo;<\/b> &#8211; kon&scaron;tatuje apo&scaron;tol Pavel v polemike s \u013eudom Izraela. \u010co v&scaron;ak je rozhoduj&uacute;ce, \u017ee to, \u017ee t&aacute;to zmluva podp&iacute;san&aacute; krvou Bo\u017eieho Bar&aacute;nka Krista Je\u017ei&scaron;a, plat&iacute; pre v&scaron;etk&yacute;ch \u013eud&iacute; a pre v&scaron;etky veky. Ona je toti\u017e s&uacute;\u010dasne ve\u010dnou zmluvou. Nebude u\u017e nasledova\u0165&nbsp; teda \u017eiadna in&aacute;, ktor&uacute; by sme smeli, alebo mali o\u010dak&aacute;va\u0165. Je d&ocirc;le\u017eit&eacute;, aby sme po jej prijat&iacute; a s&uacute;hlase z na&scaron;ej stray v\u017edy sa dok&aacute;zali vern&iacute;a<\/span><\/p>\n<p style=\"margin: 0.0px 0.0px 0.0px 0.0px; font: 16.0px Helvetica; min-height: 19.0px\"><span style=\"letter-spacing: 0.0px\">&nbsp; &nbsp; &nbsp; &nbsp; &nbsp;<\/span><\/p>\n<p style=\"margin: 0.0px 0.0px 0.0px 0.0px; font: 16.0px Helvetica\"><span style=\"letter-spacing: 0.0px\">&nbsp; &nbsp; &nbsp; Nie je n&aacute;hoda, \u017ee pr&aacute;ve pri konfirm&aacute;cii plat&iacute; v&yacute;zva pokrsten&yacute;m, a konfirmovan&yacute;m, ktor&iacute; po prv&yacute; kr&aacute;t pristupuj&uacute; k P&aacute;novmu stolu: <i>&ldquo;Bu\u010f vern&yacute; a\u017e do smrti a d&aacute;m ti veniec \u017eivota&rdquo;. <\/i>V&scaron;etci, ktor&iacute; sme boli pokrsten&iacute;, konfirmovan&iacute;, ktor&iacute; sme prist&uacute;pili k spovedi a dali s\u013eub polep&scaron;enia \u017eivota a nasledovania Je\u017ei&scaron;a Krista, m&aacute;me z na&scaron;ej strany bra\u0165 t&uacute;to zmluvu v&aacute;\u017ene a kontrolova\u0165 jej plnenie. Je to zmluva o \u017eivote a smrti. O dare po\u017eehnania, ale aj o mo\u017enom obnoven&iacute; nepriate\u013estva, lebo: <i>&ldquo;kto nehodne je a pije, ods&uacute;denie si je a pije&rdquo;!<\/i><\/span><\/p>\n<p style=\"margin: 0.0px 0.0px 0.0px 0.0px; font: 16.0px Helvetica; min-height: 19.0px\"><span style=\"letter-spacing: 0.0px\">&nbsp;<\/span><\/p>\n<p style=\"margin: 0.0px 0.0px 0.0px 0.0px; font: 16.0px Helvetica\"><span style=\"letter-spacing: 0.0px\">&nbsp; &nbsp; &nbsp; Zas\u013e&uacute;benia prorock&eacute;ho slova prekon&aacute;vaj&uacute; aj predstavu samotn&eacute;ho proroka v tom, \u017ee je to ponuka nov&eacute;ho vz\u0165ahu medzi nebom a zemou, P&aacute;nom Bohom a \u010dlovekom nielen pokia\u013e&nbsp; ide o Izrael, <b>ale sa t&yacute;ka v&scaron;ekt&yacute;ch \u013eud&iacute; a n&aacute;rodov.<\/b> Prororock&yacute;m slovom&nbsp; bolo ozn&aacute;men&eacute;, \u017ee P&aacute;n nap&iacute;&scaron;e svoj z&aacute;kon do n&aacute;&scaron;ho vn&uacute;tra a na&scaron;ich s\u0155dc. Tam, kde je prijatie zmluvy a viera, tam je plnenie Bo\u017eieho z&aacute;kona samozrejmos\u0165ou!&nbsp; Tam nejde o nejak&uacute; &ldquo;nadpr&aacute;cu&rdquo; \u010dloveka, nejde o nijak&uacute; z&aacute;sluhu, ale ide v\u017edy o odpodve\u010f a d&ocirc;sledok toho z&aacute;kladn&eacute;ho, \u010do P&aacute;n Boh urobil, ke\u010f v Je\u017ei&scaron;ovi zmieril svet so sebou.<\/span><\/p>\n<p style=\"margin: 0.0px 0.0px 0.0px 0.0px; font: 16.0px Helvetica; min-height: 19.0px\"><span style=\"letter-spacing: 0.0px\">&nbsp; &nbsp; &nbsp;<\/span><\/p>\n<p style=\"margin: 0.0px 0.0px 0.0px 0.0px; font: 16.0px Helvetica\"><span style=\"letter-spacing: 0.0px\">&nbsp; Tak smieme pozna\u0165 a vidie\u0165 P&aacute;na Boha nie ako nepriate\u013ea, alebo len ako pr&iacute;sneho a nemilosrdn&eacute;ho Sudcu, ale ako n&aacute;&scaron;ho&nbsp; miluj&uacute;ceho Otca. Toto poznanie sm&uacute; prija\u0165 v&scaron;etci &#8211; <i>&ldquo;od najmen&scaron;ieho die\u0165a\u0165a, a\u017e po najv&auml;\u010d&scaron;ieho&rdquo;,<\/i> t.j.vysoko postaven&eacute;ho \u010dloveka. Aj obsah tejto zmluvy je vz&aacute;cny a jedine\u010dn&yacute;: &ldquo;<i>Lebo im odpust&iacute;m ich viny a na ich hriech si u\u017e nespomeniem!&rdquo; <\/i>To, \u010do n&aacute;m P&aacute;n Boh odpustil, je odpusten&eacute; a nebude n&aacute;s za to znovu s&uacute;di\u0165 na poslednom s&uacute;de. Na Jeho milos\u0165 sa smieme spo\u013eahn&uacute;\u0165 ako na pravdiv&eacute; a vern&eacute; slovo. Za to slovo n&aacute;m v&scaron;ak prichod&iacute; v\u017edy nanovo Ho chv&aacute;li\u0165, Jemu \u010fakova\u0165 a by\u0165 mu poslu&scaron;n&yacute;.<\/span><\/p>\n<p style=\"margin: 0.0px 0.0px 0.0px 0.0px; font: 16.0px Helvetica; min-height: 19.0px\">&nbsp;<\/p>\n<p style=\"margin: 0.0px 0.0px 0.0px 0.0px; font: 16.0px Helvetica\"><span style=\"letter-spacing: 0.0px\">&nbsp; &nbsp; Bratia a sestry!<\/span><\/p>\n<p style=\"margin: 0.0px 0.0px 0.0px 0.0px; font: 16.0px Helvetica\"><span style=\"letter-spacing: 0.0px\">&nbsp; &nbsp; Ked\u017ee stoj&iacute;me pred sv&auml;todu&scaron;n&yacute;mi sviatkami, smieme si pripomen&uacute;\u0165 aj dnes to, \u017ee s&uacute;\u010das\u0165ou tejto novej zmluvy je aj zas&uacute;benie daru Ducha S&auml;t&eacute;ho cirkvi Je\u017ei&scaron;a Krista. Apo&scaron;tolom, ako prv&yacute;m, ale aj ka\u017ed&eacute;mu pokrsten&eacute;mu \u010dloveku.&nbsp;<\/span><span style=\"letter-spacing: 0.0px\"><b>Nie v&scaron;etky dary Ducha patria ka\u017ed&eacute;mu, ale patria celku cirkvi!&nbsp;<\/b> V cirkvi ale tvor&iacute;me rodinu Bo\u017e&iacute;ch det&iacute;. Ka\u017ed&yacute; je a m&ocirc;\u017ee by\u0165 obdarovan&yacute;, smie prosi\u0165 i o\u010dak&aacute;va\u0165 dar Ducha Sv&auml;t&eacute;ho vo svojom vn&uacute;tri, duchu a du&scaron;i. S&uacute;\u010dasne plat&iacute; aj to, \u017ee nikto nie je neobdarovan&yacute;, kto dar Ducha Sv&auml;t&eacute;ho neuh&aacute;&scaron;a, neodmieta, alebo n&iacute;m nepoh\u0155da, ale ho pr&iacute;&iacute;ma s Jeho konkr&eacute;tnymi osobn&yacute;mi darmi. Nimi si m&aacute;me a m&ocirc;\u017eeme v cirkvi navz&aacute;jom sl&uacute;\u017ei\u0165. Oni n&aacute;s maj&uacute; sp&aacute;ja\u0165, nie rozde\u013eova\u0165.&nbsp;<\/span><\/p>\n<p style=\"margin: 0.0px 0.0px 0.0px 0.0px; font: 16.0px Helvetica\"><span style=\"letter-spacing: 0.0px\">Nesl&uacute;\u017eia na to, aby sa nimi niekto chv&aacute;lil!&nbsp; Je to v\u017edy dar!&nbsp;<\/span><\/p>\n<p style=\"margin: 0.0px 0.0px 0.0px 0.0px; font: 16.0px Helvetica\"><span style=\"letter-spacing: 0.0px\">Je to v\u017edy nezasl&uacute;\u017een&aacute; milos\u0165 a obdarovanie m&aacute; svoje ur\u010denie &#8211; slu\u017ebu spolo\u010denstvu bl&iacute;\u017enym, cirkvi ale i ostatn&yacute;m \u013eu\u010fom. Hrdinami viery sa stali a s&uacute; t&iacute;, ktor&iacute; ich prijali<i> &ldquo;na v&scaron;eobecn&yacute; &uacute;\u017eitok&rdquo;!<\/i><\/span><\/p>\n<p style=\"margin: 0.0px 0.0px 0.0px 0.0px; font: 16.0px Helvetica; min-height: 19.0px\"><span style=\"letter-spacing: 0.0px\">&nbsp; &nbsp; &nbsp;<\/span><\/p>\n<p style=\"margin: 0.0px 0.0px 0.0px 0.0px; font: 16.0px Helvetica\"><span style=\"letter-spacing: 0.0px\">&nbsp;&nbsp; &nbsp; &nbsp; Radujme sa z toho, \u017ee sme \u013eudmi novej zmluvy do ktorej je povolan&yacute; ka\u017ed&yacute; z n&aacute;s. Sk&ocirc;r, \u010di nesk&ocirc;r aj Izrael, ktor&yacute; ako dedi\u010d dostal u\u017e prv&uacute; zmluvu, obr&aacute;ti sa k P&aacute;nu Bohu a pr&iacute;de k Nemu pr&aacute;ve cez t&uacute;to zmluvu, skrze Je\u017ei&scaron;a Krista, Spasite\u013ea. My v&scaron;ak u\u017e dnes dobrore\u010dme za naplnenie prorock&eacute;ho slova a dar nev&yacute;slovnej ceny. \u017dime a konajme v duchu tejto novej, ve\u010dnej zmluvy ako Bo\u017eie deti, ozdoben&iacute; vernos\u0165ou, st&aacute;los\u0165ou a plnou d&ocirc;verou v Bo\u017eie zas\u013e&uacute;benia. Amen.<\/span><\/p>\n<p style=\"margin: 0.0px 0.0px 0.0px 0.0px; font: 16.0px Helvetica; min-height: 19.0px\">&nbsp;<\/p>\n<p style=\"margin: 0.0px 0.0px 0.0px 0.0px; font: 12.0px Helvetica\"><span style=\"font: 16.0px Helvetica; letter-spacing: 0.0px\">&nbsp; &nbsp; &nbsp; &nbsp; &nbsp; &nbsp; &nbsp; &nbsp; &nbsp; &nbsp; &nbsp; &nbsp; &nbsp; &nbsp; &nbsp; &nbsp; &nbsp; &nbsp; &nbsp; &nbsp;&nbsp;<\/span><span style=\"letter-spacing: 0.0px\"> Nede\u013ea po Vst&uacute;pen&iacute; &#8211; Rovensko, Soboti&scaron;te 2012 &#8211; \u013d.Batka st.<\/span><\/p>\n<p style=\"margin: 0.0px 0.0px 0.0px 0.0px; font: 12.0px Helvetica; min-height: 14.0px\">&nbsp;<\/p>\n","protected":false},"excerpt":{"rendered":"<p>&nbsp;&nbsp; &nbsp; &nbsp; &nbsp; &nbsp; &nbsp; &nbsp; &nbsp; &nbsp; &nbsp; &nbsp; &nbsp; &nbsp; &nbsp; &nbsp; &nbsp; &nbsp; &nbsp; &nbsp; &nbsp; &nbsp; &nbsp; &nbsp; &nbsp; &nbsp; &nbsp; &nbsp; &nbsp; Nov&aacute; zmluva Jer 31, 31- 34: &nbsp; &nbsp;&nbsp; &nbsp; &ldquo;Ajh\u013ea, prich&aacute;dzaj&uacute; dni, &#8211; znie v&yacute;rok Hospodinov &#8211; ke\u010f uzavriem nov&uacute; zmluvu s domom Izraela a s domom &#8230; <a title=\"Nov\u00e1 zmluva\" class=\"read-more\" href=\"https:\/\/www.e-anjelik.sk\/index.php\/2012\/05\/26\/nova-zmluva\/\" aria-label=\"Pre\u010d\u00edtajte si viac o Nov\u00e1 zmluva\">\u010c\u00edta\u0165 viac<\/a><\/p>\n","protected":false},"author":4,"featured_media":0,"comment_status":"open","ping_status":"open","sticky":false,"template":"","format":"standard","meta":{"footnotes":""},"categories":[121,95],"tags":[192],"class_list":["post-4382","post","type-post","status-publish","format-standard","hentry","category-kazne","category-sobotiste","tag-kazen"],"_links":{"self":[{"href":"https:\/\/www.e-anjelik.sk\/index.php\/wp-json\/wp\/v2\/posts\/4382","targetHints":{"allow":["GET"]}}],"collection":[{"href":"https:\/\/www.e-anjelik.sk\/index.php\/wp-json\/wp\/v2\/posts"}],"about":[{"href":"https:\/\/www.e-anjelik.sk\/index.php\/wp-json\/wp\/v2\/types\/post"}],"author":[{"embeddable":true,"href":"https:\/\/www.e-anjelik.sk\/index.php\/wp-json\/wp\/v2\/users\/4"}],"replies":[{"embeddable":true,"href":"https:\/\/www.e-anjelik.sk\/index.php\/wp-json\/wp\/v2\/comments?post=4382"}],"version-history":[{"count":0,"href":"https:\/\/www.e-anjelik.sk\/index.php\/wp-json\/wp\/v2\/posts\/4382\/revisions"}],"wp:attachment":[{"href":"https:\/\/www.e-anjelik.sk\/index.php\/wp-json\/wp\/v2\/media?parent=4382"}],"wp:term":[{"taxonomy":"category","embeddable":true,"href":"https:\/\/www.e-anjelik.sk\/index.php\/wp-json\/wp\/v2\/categories?post=4382"},{"taxonomy":"post_tag","embeddable":true,"href":"https:\/\/www.e-anjelik.sk\/index.php\/wp-json\/wp\/v2\/tags?post=4382"}],"curies":[{"name":"wp","href":"https:\/\/api.w.org\/{rel}","templated":true}]}}